{"id":55938,"date":"2025-10-08T20:06:12","date_gmt":"2025-10-08T20:06:12","guid":{"rendered":"https:\/\/www.europesays.com\/no\/55938\/"},"modified":"2025-10-08T20:06:12","modified_gmt":"2025-10-08T20:06:12","slug":"debatt-grublerier-den-selvnominerte-fredsprisvinneren-og-hans-tapsreaksjon","status":"publish","type":"post","link":"https:\/\/www.europesays.com\/no\/55938\/","title":{"rendered":"Debatt, Grublerier | Den selvnominerte fredsprisvinneren og hans tapsreaksjon"},"content":{"rendered":"\n<p>Den 10. oktober blir det offentliggjort hvilken person eller hvilken organisasjon som vil bli tildelt Nobels fredspris i \u00e5r. N\u00f8yaktig klokka 11.00 \u00e5pnes de tunge d\u00f8rene foran lesesal\/bibliotek og talerstolen i Det Norske Nobelinstitutt. Ut kommer nobelkomiteens leder J\u00f8rgen Watne Frydnes. Og han m\u00f8ter et hav av forventningsfulle og spente journalister. Med blinkende kameraer og mobiltelefoner.<\/p>\n<p>Den enorme interessen kommer hovedsakelig av at den amerikanske presidenten, Donald John Trump, utallige ganger har lansert seg selv som den mest aktuelle kandidaten. Trump framhever p\u00e5 innpust og utpust ved enhver passende eller upassende anledning sitt enorme fredsbyggende arbeid. Og at han derfor er den selvsagte fredsprisvinner.<\/p>\n<p>  <a href=\"https:\/\/www.sa.no\/5-46-1884880\" class=\"related-teaser has-image default-opinion-teaser article--c-eRUmMG article--c-eRUmMG-jKCPdD-design-default\" rel=\"nofollow noopener\" target=\"_blank\"><\/p>\n<p>    <img decoding=\"async\" loading=\"lazy\"  src=\"https:\/\/www.europesays.com\/no\/wp-content\/uploads\/2025\/10\/flukt_3.jpg\" alt=\"\" class=\"brick-c-cFOWSL\" style=\"\"\/><\/p>\n<p>\n            Les ogs\u00e5<\/p>\n<p>              En stor takk til sarpsborgerne fra S\u00f8r\u00f8ysund\n        <\/p>\n<p>  <\/a><\/p>\n<p>Trump er litt usikker p\u00e5 hvor mange kriger han har f\u00e5tt en slutt p\u00e5. Noen ganger er det seks, andre ganger er det sju. De eventuelle sju krigene er: Mellom Kosovo og Serbia, mellom Kambodsja og Thailand, mellom Kongo og Rwanda, mellom Pakistan og India, mellom Israel og Iran, mellom Egypt og Etiopia og mellom Armenia og Aserbajdsjan.<\/p>\n<p>Presidenten sier selv at <b>alle <\/b>er enig om at det er han som b\u00f8r f\u00e5 prisen i \u00e5r. I hans selvbilde s\u00e5 har verden aldri opplevd et menneske som har gjort mer for verdensfreden. Som helt personlig har avsluttet krig etter krig. Og som har f\u00e5tt satt i gang flere fredsforhandlinger. Det sier Trump mens han har st\u00f8ttet opp under Israels folkemord i Gaza. Og forsyner Israel med \u00f8deleggende v\u00e5pen. Som har drept tusenvis av mennesker.<\/p>\n<p>Nobels fredspris har v\u00e6rt utdelt 105 ganger. Det er ikke kjent om noen har nominert seg selv. For ingen nominasjoner er tillatt offentliggjort etter nobelprisens gjeldende regelverk.<\/p>\n<p>Det betyr at vi ikke kan vite med sikkerhet om noen har pr\u00f8vd \u00e5 skaffe seg Fredsprisen p\u00e5 eget initiativ, for det kan ikke komiteen uttale seg om. Men dersom noen hadde gjort det, ville de ha blitt avvist. Men regler og vedtak som ikke er til Trumps fordel, er ikke noe han bryr seg om. Eller tar hensyn til. Og det st\u00e5r ikke eksplisitt i nobelprisens regelverk at man ikke kan nominere seg selv. <\/p>\n<p>  <a href=\"https:\/\/www.sa.no\/5-46-1870734\" class=\"related-teaser has-image default-opinion-teaser article--c-eRUmMG article--c-eRUmMG-jKCPdD-design-default\" rel=\"nofollow noopener\" target=\"_blank\"><\/p>\n<p>    <img decoding=\"async\" loading=\"lazy\"  src=\"https:\/\/www.europesays.com\/no\/wp-content\/uploads\/2025\/10\/cueres_scp-mangler_navn_tDEX3fGSiSM.jpg\" alt=\"\" class=\"brick-c-cFOWSL\" style=\"\"\/><\/p>\n<p>\n            Les ogs\u00e5<\/p>\n<p>              Kan Trumps jakt p\u00e5 Nobels fredspris bidra til varig fred i Ukraina?\u00a0\n        <\/p>\n<p>  <\/a><\/p>\n<p>Men vi f\u00e5r sikkert aldri vite fra Nobelkomiteen om president Donald John Trump har nominert seg selv til Nobels fredspris for 2025. Hvis ikke han sier det selv. Og det kan jo hende. Men at han har sendt et rekommandert brev til Nobelkomiteen med den amerikanske presidents stempel, og med sin vel profilerte underskrift, er det vel stor sannsynlighet for.<\/p>\n<p>Flere har nominert Trump til prisen f\u00f8r fristen den 1. februar. Han har i tillegg f\u00e5tt flere andre til \u00e5 sende sine anbefalinger til komiteen. Blant andre Israels statsminister Benjamin Netanyahu. <\/p>\n<p>For selv om det er usikkert om Trump har sendt inn et eget nominasjonsbrev til Nobelkomiteen, s\u00e5 er det ingen tvil om at han har satt i gang en egen storstilt kampanje for \u00e5 f\u00e5 Nobels fredspris. Og en slik aksjon er det i alle fall ingen som har gjort tidligere. <\/p>\n<p>N\u00e5 har han f\u00e5tt forhandlet fram en fredsplan i Gaza mellom USA og Israel. En fredsplan som for de fleste virker uklar og ugjennomf\u00f8rbar. Palestinerne er ikke invitert til \u00e5 v\u00e6re med. Han har tvunget fram en fredsplan som ikke er en plan for fred. Men en plan for ytterligere \u00e5 framheve Trump som fredens apostel. Som b\u00f8r tildeles Nobels fredspris.<\/p>\n<p>Verdens mektigste manns store interesse for og \u00f8nske om \u00e5 f\u00e5 Nobels fredspris har p\u00e5f\u00f8rt Nobelkomiteen flere problemer enn vanlig. De m\u00e5 ogs\u00e5 h\u00e5ndteres. N\u00e5 er det ikke bare konfliktfullt hvem som f\u00e5r prisen, n\u00e5 m\u00e5 det ogs\u00e5 tas hensyn til og planlegges hvordan Nobelkomiteen og til og med Norges regjering skal behandle situasjonen som f\u00f8lger av at Trump ikke f\u00e5r prisen. For det gj\u00f8r han forh\u00e5pentligvis ikke. For dersom Trump f\u00e5r prisen slik situasjonen er n\u00e5, selv etter den nye fredsplanen for Gaza, vil Nobelprisen fullstendig miste sin verdi, sitt omd\u00f8mme og sin prestisje. Det vil bli en pris som kan vinnes med bruk av makt og trusler om mulig hevn mot de involverte.<\/p>\n<p>  <a href=\"https:\/\/www.sa.no\/5-46-1836525\" class=\"related-teaser has-image default-opinion-teaser article--c-eRUmMG article--c-eRUmMG-jKCPdD-design-default\" rel=\"nofollow noopener\" target=\"_blank\"><\/p>\n<p>    <img decoding=\"async\" loading=\"lazy\"  src=\"https:\/\/www.europesays.com\/no\/wp-content\/uploads\/2025\/10\/cueres_scp-mangler_navn_ueBEVj6JBHk.jpg\" alt=\"\" class=\"brick-c-cFOWSL\" style=\"\"\/><\/p>\n<p>\n            Les ogs\u00e5<\/p>\n<p>              Elever er forskjellige, men det er ogs\u00e5 l\u00e6rere\n        <\/p>\n<p>  <\/a><\/p>\n<p>For om Trump ikke blir tildelt \u00e5rets Fredspris, s\u00e5 vil han etter alle solemerker komme med knallhard kritikk mot Nobelkomiteen og mot Norge og mot statsminister Jonas Gahr St\u00f8re som nok vil falle fra \u00e5 ha v\u00e6rt en h\u00f8yt respected leader til \u00e5 bli en som Trump dislikes very much. Han will bli a bad person. Kanskje crooked. Og Norge kan g\u00e5 fra \u00e5 v\u00e6re et vakkert land med vakre folk til \u00e5 bli a shithole country. Og m\u00e5 straffes.<\/p>\n<p>Men det er ikke bare Norge og den norske regjering som vil bli rammet av denne mannens ukontrollerte oppf\u00f8rsel og reaksjoner. Og udiplomatiske ordvalg og v\u00e6rem\u00e5te. Den stakkaren som f\u00e5r fredsprisen eller den organisasjonen som blir tildelt anerkjennelsen, vil umiddelbart bli angrepet av Trump. Og bli sammenlignet med hva Trump selv mener \u00e5 ha gjort for verdensfreden. En innsats som er uten sidestykke i verdenshistorien.<\/p>\n<p>Uansett hva vinneren har gjort eller hva vinnerorganisasjonen har utrettet, s\u00e5 har sikkert Trump overg\u00e5tt det tentimes. Det er neppe trolig at Annie, Get Your Gun dukker opp i hodet hans, men at mannen tenker at: Anything you have done, I have done better, er utvilsomt.<\/p>\n<p>Trump er en hevngjerrig sjel. Som dessuten ser ned p\u00e5 losers. Tapere. I kampen om Nobels fredspris vil han bli en taper. Det er han nok pinlig oppmerksom p\u00e5. Og han vil bli sterkt s\u00e5ret. Det vil ramme hans selvbilde som a winner.<\/p>\n<p>Norge kan vente seg \u00e5 bli hardt straffet for ikke \u00e5 gi ham prisen. At Norge som nasjon ikke har noe med hvem som f\u00e5r prisen, bryr han seg nok ikke om.<\/p>\n<p>Den 10. oktober kommer svaret p\u00e5 hvem som f\u00e5r Nobels fredspris i \u00e5r. Begrunnelsen f\u00e5r vi fra nobelkomiteens leder J\u00f8rgen Watne Frydnes.<\/p>\n<p>S\u00e5 kommer reaksjonene. Trump er uforutsigbar. Hvordan han reagerer p\u00e5 tildelingen er mer spennende enn hvem eller hva som f\u00e5r prisen.<\/p>\n<p>  <a href=\"https:\/\/www.sa.no\/5-46-1736849\" class=\"related-teaser has-image default-opinion-teaser article--c-eRUmMG article--c-eRUmMG-jKCPdD-design-default\" rel=\"nofollow noopener\" target=\"_blank\"><\/p>\n<p>    <img decoding=\"async\" loading=\"lazy\"  src=\"https:\/\/www.europesays.com\/no\/wp-content\/uploads\/2025\/10\/NTB_8wdrSvle3IQ.jpg\" alt=\"\" class=\"brick-c-cFOWSL\" style=\"\"\/><\/p>\n<p>\n            Les ogs\u00e5<\/p>\n<p>              Hvorfor lar en styrtrik stat kommuner slite i fattigdom?\u00a0\n        <\/p>\n<p>  <\/a><\/p>\n","protected":false},"excerpt":{"rendered":"Den 10. oktober blir det offentliggjort hvilken person eller hvilken organisasjon som vil bli tildelt Nobels fredspris i&hellip;\n","protected":false},"author":2,"featured_media":55939,"comment_status":"","ping_status":"","sticky":false,"template":"","format":"standard","meta":{"footnotes":""},"categories":[12],"tags":[36,20,21,37,55,24,25,8404,15,8405,22,23,13,30,8406,28,29,14,1533,16,26,27,42,43,44,45],"class_list":{"0":"post-55938","1":"post","2":"type-post","3":"status-publish","4":"format-standard","5":"has-post-thumbnail","7":"category-verden","8":"tag-art","9":"tag-breaking-news","10":"tag-breakingnews","11":"tag-debatt","12":"tag-donald-trump","13":"tag-featured-news","14":"tag-featurednews","15":"tag-grublerier","16":"tag-headlines","17":"tag-helge-sten-thorbjornsen","18":"tag-latest-news","19":"tag-latestnews","20":"tag-news","21":"tag-no","22":"tag-nobels-fredpris","23":"tag-norge","24":"tag-norway","25":"tag-nyheter","26":"tag-opinion","27":"tag-overskrifter","28":"tag-top-stories","29":"tag-topstories","30":"tag-verden","31":"tag-world","32":"tag-world-news","33":"tag-worldnews"},"share_on_mastodon":{"url":"","error":""},"_links":{"self":[{"href":"https:\/\/www.europesays.com\/no\/wp-json\/wp\/v2\/posts\/55938","targetHints":{"allow":["GET"]}}],"collection":[{"href":"https:\/\/www.europesays.com\/no\/wp-json\/wp\/v2\/posts"}],"about":[{"href":"https:\/\/www.europesays.com\/no\/wp-json\/wp\/v2\/types\/post"}],"author":[{"embeddable":true,"href":"https:\/\/www.europesays.com\/no\/wp-json\/wp\/v2\/users\/2"}],"replies":[{"embeddable":true,"href":"https:\/\/www.europesays.com\/no\/wp-json\/wp\/v2\/comments?post=55938"}],"version-history":[{"count":0,"href":"https:\/\/www.europesays.com\/no\/wp-json\/wp\/v2\/posts\/55938\/revisions"}],"wp:featuredmedia":[{"embeddable":true,"href":"https:\/\/www.europesays.com\/no\/wp-json\/wp\/v2\/media\/55939"}],"wp:attachment":[{"href":"https:\/\/www.europesays.com\/no\/wp-json\/wp\/v2\/media?parent=55938"}],"wp:term":[{"taxonomy":"category","embeddable":true,"href":"https:\/\/www.europesays.com\/no\/wp-json\/wp\/v2\/categories?post=55938"},{"taxonomy":"post_tag","embeddable":true,"href":"https:\/\/www.europesays.com\/no\/wp-json\/wp\/v2\/tags?post=55938"}],"curies":[{"name":"wp","href":"https:\/\/api.w.org\/{rel}","templated":true}]}}