{"id":55956,"date":"2025-10-08T20:38:11","date_gmt":"2025-10-08T20:38:11","guid":{"rendered":"https:\/\/www.europesays.com\/no\/55956\/"},"modified":"2025-10-08T20:38:11","modified_gmt":"2025-10-08T20:38:11","slug":"jan-thomas-vennskap-med-vendela-skaper-debatt","status":"publish","type":"post","link":"https:\/\/www.europesays.com\/no\/55956\/","title":{"rendered":"Jan Thomas&#8217; vennskap med Vendela skaper debatt"},"content":{"rendered":"<p class=\"kicker \" style=\"\">Jan Thomas:<\/p>\n<p>  Jan Thomas har m\u00f8tt kritikk etter at han er dommer i\u00a0\u00abSkal vi danse\u00bb &#8211; med venninnen Vendela Kirsebom p\u00e5 parketten. N\u00e5 reagerer han.<\/p>\n<p>\n    BESTEVENNER: Vendela Kirsebom og Jan Thomas har v\u00e6rt n\u00e6re venner i en \u00e5rrekke. N\u00e5 d\u00f8mmer han henne p\u00e5 danseparketten, og det h\u00f8ster kritikk. Foto: Espen Solli\/Se og H\u00f8r\n  <\/p>\n<p> Det mest ihuga \u00abSkal vi danse\u00bb-publikummet har knapt klart \u00e5 vente til at de danseglade kjendisene skulle innta den blankpolerte parketten for enda en sesong av seerfavoritten fra TV 2.<\/p>\n<p>        KYSS: Viggo Venn og Jan Thomas klinte til under \u00e5rets \u00abSkal vi danse\u00bb-premiere. Bilder fra TV 2. <\/p>\n<p>\u00a0L\u00f8rdag gikk startskuddet &#8211; og seertallene har aldri v\u00e6rt h\u00f8yere, noe som kan tyde p\u00e5 at programmet, nok en gang, skaper et engasjement p\u00e5 tvers av generasjonene.\u00a0<\/p>\n<p>Selv om flere av kjendisene overrasket stort p\u00e5 dansegulvet, er det likevel noen som s\u00e5r tvil om hvor \u00e6rlig Jan Thomas (57) kan v\u00e6re n\u00e5r bestevenninnen Vendela Kirsebom (58) skrider rundt p\u00e5 dansegulvet.<\/p>\n<p>    <a itemprop=\"url\" href=\"https:\/\/www.seher.no\/kjendis\/begynner-a-grate\/83681982\" rel=\"nofollow noopener\" target=\"_blank\"><\/p>\n<p>      <img loading=\"lazy\" decoding=\"async\" src=\"https:\/\/www.europesays.com\/no\/wp-content\/uploads\/2025\/10\/83681945.webp\" width=\"980\" height=\"441\" title=\"- Begynner \u00e5 gr\u00e5te\" alt=\"\" class=\"lazyload\" style=\"--aspect-ratio-image: 2.22; \"\/><\/p>\n<p>        &#8211; Begynner \u00e5 gr\u00e5te<\/p>\n<p>    <\/a><\/p>\n<p>\u00a0Etter premieren p\u00e5 det popul\u00e6re TV-programmet har den folkekj\u00e6re \u00abJakten\u00bb-programlederen f\u00e5tt b\u00e5de ros og ris i ulike kanaler.<\/p>\n<p>\u00a0Flere seere har nemlig ment at deres sv\u00e6rt n\u00e6re relasjon potensielt kan p\u00e5virke vurderingene i dommerpanelet. Blant kritikerne er de to radiovertene Niklas Silseth Baarli (36) og Marte Bratberg (36).<\/p>\n<p>Etter dansepremieren diskuterer stiller nemlig den munnrappe radioduoen seg sp\u00f8rrende til Jan Thomas&#8217; habilitet.<\/p>\n<p class=\"font-weight-bold m-font-weight-bold\" data-lab-font_weight=\"font-weight-bold\">&#8211; Vendela Kirsebom, helt \u00e5lreit dans, terningkast tre. Men du kan ikke sitte som dommer i panelet hvor du skal gi poeng til deltakerne, og sitte \u00e5 grine av bestevenninnen din fordi hun har danset, sier Niklas i radioprogrammet.<\/p>\n<p>          <img loading=\"lazy\" decoding=\"async\" src=\"https:\/\/www.europesays.com\/no\/wp-content\/uploads\/2025\/10\/83686692.webp\" width=\"980\" height=\"559\" title=\"RETTFERDIG: Jan Thomas bedyrer at han er rettferdig med vurderinger og poengsum. Foto: Thomas Andersen \/ TV 2\" alt=\"\" class=\"\" style=\"--aspect-ratio-image: 1.75; \"\/><\/p>\n<p>\n          RETTFERDIG: Jan Thomas bedyrer at han er rettferdig med vurderinger og poengsum. Foto: Thomas Andersen \/ TV 2\n      <\/p>\n<p>Marte Bratberg parerer s\u00e5 med \u00e5 sette sp\u00f8rsm\u00e5lstegn ved om Jan Thomas klarer \u00e5 v\u00e6re helt objektiv n\u00e5r han skal v\u00e6re med \u00e5 poenggi Vendela.<\/p>\n<p class=\"font-weight-bold m-font-weight-bold\" data-lab-font_weight=\"font-weight-bold\">&#8211; Helt \u00e5penbart ikke! Han klarte det ikke dag \u00e8n engang, svarer en oppskj\u00f8rtet Niklas.<\/p>\n<p>        R\u00d8PER: Gjengen i \u00abA-laget\u00bb settes ut av hva Sophie Elise har i nattbordskuffen. Video: NRK TV\/ R\u00f8d L\u00f8per<\/p>\n<p>Til Se og H\u00f8r kan kjendisstylisten fortelle at han har f\u00e5tt med seg kritikken som har kommet hans vei, men understreker at han bed\u00f8mmer Vendela p\u00e5 lik linje som de andre deltakerne i konkurransen.<\/p>\n<p> &#8211; Vennskap p\u00e5virker ikke min d\u00f8mmekraft. Jeg har jobbet i showbiz i over 40 \u00e5r, og selv uten en teknisk dansebakgrunn har jeg et trent \u00f8ye for formidling, sier Jan Thomas til Se og H\u00f8r f\u00f8r han legger til:<\/p>\n<p>&#8211; Jeg er alltid \u00e6rlig og d\u00f8mmer med hjerte og erfaring. <\/p>\n<p>    <a itemprop=\"url\" href=\"https:\/\/www.seher.no\/kjendis\/roper-skade-store-smerter\/83694485\" rel=\"nofollow noopener\" target=\"_blank\"><\/p>\n<p>      <img loading=\"lazy\" decoding=\"async\" src=\"https:\/\/www.europesays.com\/no\/wp-content\/uploads\/2025\/10\/83694510.webp\" width=\"980\" height=\"441\" title=\"R\u00f8per skade: - Store smerter\" alt=\"\" class=\"lazyload\" style=\"--aspect-ratio-image: 2.22; \"\/><\/p>\n<p>        R\u00f8per skade: &#8211; Store smerter<\/p>\n<p>    <\/a><\/p>\n<p>\u00a0Ogs\u00e5 til TV 2 har 57-\u00e5ringen forklart at selv om Vendela er en n\u00e6r venn, lar han ikke dette p\u00e5virke poengsummen han gir.\u00a0<\/p>\n<p>&#8211; Vendela har vel aldri klart \u00e5 lure meg. Jeg ser om hun har jobbet, jeg ser om hun er ekte, og jeg ser om hun leverer til det beste for hennes evne.<\/p>\n<p>&#8211; Det ble veldig mye f\u00f8lelser &#8211; det var premiere og nervene var i h\u00f8ygir. Jeg ble grepet av f\u00f8lelser, og jeg tenker at det er blanke ark n\u00e5r hun kommer tilbake neste l\u00f8rdag, fortalte han til TV 2 etter l\u00f8rdagens sending.\u00a0<\/p>\n<p>        FEIL: Det gikk i ball for Merete Lingj\u00e6rde da Tale Torjussen skulle f\u00e5 \u00e5rets f\u00f8rste poeng under \u00abSkal vi danse\u00bb-premieren. Bilder fra TV 2. <\/p>\n<p>Jan Thomas og Vendela har v\u00e6rt n\u00e6re venner i en \u00e5rrekke, og det er slett ingen hemmelighet at de har en dyp kj\u00e6rlighet for hverandre. Men if\u00f8lge kjendisstylisten og gr\u00fcnderen betyr ikke det at han lar f\u00f8lelsene styre n\u00e5r han sitter i dommerstolen.\u00a0<\/p>\n<p>          <img loading=\"lazy\" decoding=\"async\" src=\"https:\/\/www.europesays.com\/no\/wp-content\/uploads\/2025\/10\/81592738.webp\" width=\"980\" height=\"559\" title=\"LIKE: Selv om Jan Thomas og Vendela har v\u00e6rt n\u00e6re venner i \u00e5revis, p\u00e5virker ikke dette hans rolle i \u00e5rets dommerpanel, hevder stylisten. Foto: Werner Juvik\" alt=\"\" class=\"\" style=\"--aspect-ratio-image: 1.75; \"\/><\/p>\n<p>\n          LIKE: Selv om Jan Thomas og Vendela har v\u00e6rt n\u00e6re venner i \u00e5revis, p\u00e5virker ikke dette hans rolle i \u00e5rets dommerpanel, hevder stylisten. Foto: Werner Juvik\n      <\/p>\n<p>Jan Thomas, som selv har lang erfaring fra b\u00e5de underholdning og scene, har trolig v\u00e6rt sv\u00e6rt bevisst p\u00e5 denne problemstillingen fra f\u00f8rste dag.<\/p>\n<p>\u00a0&#8211; Dersom TV 2 mente at jeg ikke kunne v\u00e6re objektiv, ville de sagt i fra. Men de vet at jeg tar jobben min seri\u00f8st. Det ville v\u00e6rt helt feil &#8211; og urettferdig overfor de andre deltakerne &#8211; \u00e5 la noe annet spille inn, sier han til Se og H\u00f8r.\u00a0<\/p>\n<p>    <a itemprop=\"url\" href=\"https:\/\/www.seher.no\/kjendis\/sitter-som-et-skudd\/83687373\" rel=\"nofollow noopener\" target=\"_blank\"><\/p>\n<p>      <img loading=\"lazy\" decoding=\"async\" src=\"https:\/\/www.europesays.com\/no\/wp-content\/uploads\/2025\/10\/1759955891_421_83687771.webp\" width=\"980\" height=\"441\" title=\"- Sitter som et skudd\" alt=\"\" class=\"lazyload\" style=\"--aspect-ratio-image: 2.22; \"\/><\/p>\n<p>        &#8211; Sitter som et skudd<\/p>\n<p>    <\/a><\/p>\n<p>Ogs\u00e5 Vendela Kirsebom fnyser av kritikken som er rettet Jan Thomas&#8217; vei. Til <a href=\"https:\/\/www.nettavisen.no\/kjendis\/skal-vi-danse-vendela-kirsebom-slar-tilbake-mot-pastandene-om-jan-thomas-darlig-for-meg\/s\/5-95-2659657\" rel=\"nofollow noopener\" target=\"_blank\">Nettavisen<\/a> forteller 58-\u00e5ringen onsdag at selv om de er n\u00e6re venner, er begge innforst\u00e5tt med at de forholder seg profesjonelle n\u00e5r det kommer til arbeidet de begge skal utf\u00f8re i konkurransen.<\/p>\n<p>        \u00abSKAL VI DANSE\u00bb: Trygve Bennetsen ber om hjelp til dette. Video: R\u00f8d L\u00f8per\/Thea Hope\/Nora Skavhaug<\/p>\n<p class=\"font-weight-normal m-font-weight-normal\" data-lab-font_weight=\"font-weight-normal\">&#8211; Han er proff ut til fingerspissene. Vi to er ekstremt n\u00e6re, gode venner, men n\u00e5r det gjelder jobb, s\u00e5 er det jobb. Da er det ikke noe \u00abkj\u00e6re mor\u00bb fra Jan Thomas.<\/p>\n<p class=\"font-weight-bold m-font-weight-bold\" data-lab-font_weight=\"font-weight-bold\">&#8211; Det er den proffe Jan som sitter der, sier 58-\u00e5ringen til Nettavisen.<\/p>\n","protected":false},"excerpt":{"rendered":"Jan Thomas: Jan Thomas har m\u00f8tt kritikk etter at han er dommer i\u00a0\u00abSkal vi danse\u00bb &#8211; med venninnen&hellip;\n","protected":false},"author":2,"featured_media":55957,"comment_status":"","ping_status":"","sticky":false,"template":"","format":"standard","meta":{"footnotes":""},"categories":[58],"tags":[4104,71,2286,479,5388,5389,30,28,29,2280,72,2281],"class_list":{"0":"post-55956","1":"post","2":"type-post","3":"status-publish","4":"format-standard","5":"has-post-thumbnail","7":"category-underholdning","8":"tag-eksklusivt","9":"tag-entertainment","10":"tag-jan-thomas","11":"tag-kjendis","12":"tag-marte-bratberg","13":"tag-niklas-baarli","14":"tag-no","15":"tag-norge","16":"tag-norway","17":"tag-skal-vi-danse","18":"tag-underholdning","19":"tag-vendela-kirsebom"},"share_on_mastodon":{"url":"","error":""},"_links":{"self":[{"href":"https:\/\/www.europesays.com\/no\/wp-json\/wp\/v2\/posts\/55956","targetHints":{"allow":["GET"]}}],"collection":[{"href":"https:\/\/www.europesays.com\/no\/wp-json\/wp\/v2\/posts"}],"about":[{"href":"https:\/\/www.europesays.com\/no\/wp-json\/wp\/v2\/types\/post"}],"author":[{"embeddable":true,"href":"https:\/\/www.europesays.com\/no\/wp-json\/wp\/v2\/users\/2"}],"replies":[{"embeddable":true,"href":"https:\/\/www.europesays.com\/no\/wp-json\/wp\/v2\/comments?post=55956"}],"version-history":[{"count":0,"href":"https:\/\/www.europesays.com\/no\/wp-json\/wp\/v2\/posts\/55956\/revisions"}],"wp:featuredmedia":[{"embeddable":true,"href":"https:\/\/www.europesays.com\/no\/wp-json\/wp\/v2\/media\/55957"}],"wp:attachment":[{"href":"https:\/\/www.europesays.com\/no\/wp-json\/wp\/v2\/media?parent=55956"}],"wp:term":[{"taxonomy":"category","embeddable":true,"href":"https:\/\/www.europesays.com\/no\/wp-json\/wp\/v2\/categories?post=55956"},{"taxonomy":"post_tag","embeddable":true,"href":"https:\/\/www.europesays.com\/no\/wp-json\/wp\/v2\/tags?post=55956"}],"curies":[{"name":"wp","href":"https:\/\/api.w.org\/{rel}","templated":true}]}}