{"id":55984,"date":"2025-10-08T21:18:19","date_gmt":"2025-10-08T21:18:19","guid":{"rendered":"https:\/\/www.europesays.com\/no\/55984\/"},"modified":"2025-10-08T21:18:19","modified_gmt":"2025-10-08T21:18:19","slug":"drap-krim-prinsdal-drapet-somalisk-kvinne-varetektsfengsles-i-fire-uker","status":"publish","type":"post","link":"https:\/\/www.europesays.com\/no\/55984\/","title":{"rendered":"Drap, Krim | Prinsdal-drapet: Somalisk kvinne varetektsfengsles i fire uker"},"content":{"rendered":"\n<p>Den somaliske kvinnen som er p\u00e5grepet for drapet p\u00e5 sin egen bror p\u00e5 Prinsdal i Oslo, varetektsfengsles i fire uker.<\/p>\n<p>Hun hadde p\u00e5 forh\u00e5nd samtykket til varetektsfengslingen, og m\u00f8tet gikk derfor som kontorforretning \u2013 alts\u00e5 uten kvinnen til stede.<\/p>\n<p>19-\u00e5ringen f\u00e5r brev- og bes\u00f8ksforbud i hele fengslingsperioden.<\/p>\n<p>Det var ved 17-tiden tirsdag at politiet ble oppringt av kvinnen selv. Hun forklarte da at hun hadde drept lillebroren sin. Da n\u00f8detatene kom til stedet, fant de den unge mannen hardt skadet. Det ble fors\u00f8kt livreddende f\u00f8rstehjelp, men livet sto ikke til \u00e5 redde. Han ble erkl\u00e6rt d\u00f8d p\u00e5 stedet, mens stores\u00f8steren ble p\u00e5grepet.<\/p>\n<p>Natt til onsdag ble hun avh\u00f8rt av politiet, men det er forel\u00f8pig ikke kjent om hun erkjenner straffskyld.<\/p>\n<p>Hun er ikke kjent for politiet fra tidligere. Begge er bosatt i Oslo, og begge to er somaliske statsborgere.<\/p>\n","protected":false},"excerpt":{"rendered":"Den somaliske kvinnen som er p\u00e5grepet for drapet p\u00e5 sin egen bror p\u00e5 Prinsdal i Oslo, varetektsfengsles i&hellip;\n","protected":false},"author":2,"featured_media":55985,"comment_status":"","ping_status":"","sticky":false,"template":"","format":"standard","meta":{"footnotes":""},"categories":[10],"tags":[36,20,21,377,24,25,15,983,22,23,13,30,28,29,14,16,8316,1510,26,27],"class_list":{"0":"post-55984","1":"post","2":"type-post","3":"status-publish","4":"format-standard","5":"has-post-thumbnail","7":"category-norge","8":"tag-art","9":"tag-breaking-news","10":"tag-breakingnews","11":"tag-drap","12":"tag-featured-news","13":"tag-featurednews","14":"tag-headlines","15":"tag-krim","16":"tag-latest-news","17":"tag-latestnews","18":"tag-news","19":"tag-no","20":"tag-norge","21":"tag-norway","22":"tag-nyheter","23":"tag-overskrifter","24":"tag-prinsdal","25":"tag-story","26":"tag-top-stories","27":"tag-topstories"},"share_on_mastodon":{"url":"","error":""},"_links":{"self":[{"href":"https:\/\/www.europesays.com\/no\/wp-json\/wp\/v2\/posts\/55984","targetHints":{"allow":["GET"]}}],"collection":[{"href":"https:\/\/www.europesays.com\/no\/wp-json\/wp\/v2\/posts"}],"about":[{"href":"https:\/\/www.europesays.com\/no\/wp-json\/wp\/v2\/types\/post"}],"author":[{"embeddable":true,"href":"https:\/\/www.europesays.com\/no\/wp-json\/wp\/v2\/users\/2"}],"replies":[{"embeddable":true,"href":"https:\/\/www.europesays.com\/no\/wp-json\/wp\/v2\/comments?post=55984"}],"version-history":[{"count":0,"href":"https:\/\/www.europesays.com\/no\/wp-json\/wp\/v2\/posts\/55984\/revisions"}],"wp:featuredmedia":[{"embeddable":true,"href":"https:\/\/www.europesays.com\/no\/wp-json\/wp\/v2\/media\/55985"}],"wp:attachment":[{"href":"https:\/\/www.europesays.com\/no\/wp-json\/wp\/v2\/media?parent=55984"}],"wp:term":[{"taxonomy":"category","embeddable":true,"href":"https:\/\/www.europesays.com\/no\/wp-json\/wp\/v2\/categories?post=55984"},{"taxonomy":"post_tag","embeddable":true,"href":"https:\/\/www.europesays.com\/no\/wp-json\/wp\/v2\/tags?post=55984"}],"curies":[{"name":"wp","href":"https:\/\/api.w.org\/{rel}","templated":true}]}}