{"id":56001,"date":"2025-10-08T21:38:30","date_gmt":"2025-10-08T21:38:30","guid":{"rendered":"https:\/\/www.europesays.com\/no\/56001\/"},"modified":"2025-10-08T21:38:30","modified_gmt":"2025-10-08T21:38:30","slug":"george-clooney-flytter-familien-til-frankrike-for-en-roligere-oppvekst-2","status":"publish","type":"post","link":"https:\/\/www.europesays.com\/no\/56001\/","title":{"rendered":"George Clooney flytter familien til Frankrike for en roligere oppvekst"},"content":{"rendered":"<p class=\"kicker \" style=\"\">George og Amal Clooney:\u00a0\u00a0<\/p>\n<p>  Den verdenskjente filmstjernen har flyttet familien til den franske landsbygda. Det er ikke tilfeldig.\u00a0<\/p>\n<p>\n    FRANKRIKE: George og Amal Clooney har valgt bort Hollywood til fordel for et roligere liv p\u00e5 eiendommen Domaine du Canadel i Provence. Flyttingen er et bevisst valg for Hollywood-legenden. Foto: Luca Bruno\/AP Photo\/NTB\n  <\/p>\n<p> George Clooney (64) er en av Hollywoods mest kjente skuespillere, men da han og Amal Clooney (47) fikk tvillinger i 2017, tok livet en ny retning. Familien forlot Los Angeles og slo seg ned p\u00e5 en g\u00e5rd i Provence i S\u00f8r-Frankrike.\u00a0<\/p>\n<p>    <a itemprop=\"url\" href=\"https:\/\/www.seher.no\/kjendis\/roper-dette-om-amal-og-barna\/83198330\" rel=\"nofollow noopener\" target=\"_blank\"><\/p>\n<p>      <img loading=\"lazy\" decoding=\"async\" src=\"https:\/\/www.europesays.com\/no\/wp-content\/uploads\/2025\/10\/1759959504_168_83198165.webp\" width=\"980\" height=\"441\" title=\"R\u00f8per dette om Amal og barna\" alt=\"\" class=\"lazyload\" style=\"--aspect-ratio-image: 2.22; \"\/><\/p>\n<p>        R\u00f8per dette om Amal og barna<\/p>\n<p>    <\/a><\/p>\n<p> G\u00e5rden, kjent som <a href=\"https:\/\/www.seher.no\/kjendis\/kjopte-ny-luksus-i-all-hemmelighet\/81134481\" rel=\"nofollow noopener\" target=\"_blank\">Domaine du Canadel<\/a>, ligger n\u00e6r Brignoles og rommer et herskapshus fra 1700-tallet p\u00e5 n\u00e6rmere 900 kvadratmeter, samt en ving\u00e5rd, en innsj\u00f8 og flere vakre hager.\u00a0<\/p>\n<p>          <img loading=\"lazy\" decoding=\"async\" src=\"https:\/\/www.europesays.com\/no\/wp-content\/uploads\/2025\/10\/1759959504_891_83687605.webp\" width=\"980\" height=\"559\" title=\"ELEGANT: George og Amal Clooney p\u00e5 den r\u00f8de l\u00f8peren 3. oktober 2025. Paret giftet seg i Venezia i 2014 og har to barn sammen. Foto: Millie Turner\/Invision\/AP\/NTB\" alt=\"\" class=\"\" style=\"--aspect-ratio-image: 1.75; \"\/><\/p>\n<p>\n          ELEGANT: George og Amal Clooney p\u00e5 den r\u00f8de l\u00f8peren 3. oktober 2025. Paret giftet seg i Venezia i 2014 og har to barn sammen. Foto: Millie Turner\/Invision\/AP\/NTB\n      <\/p>\n<p>&#8211; Ville ikke f\u00e5tt en rettferdig sjanse\t<\/p>\n<p> Tvillingene, Alexander og Ella (8), f\u00e5r dermed en annen oppvekst enn andre barn av Hollywood-stjerner som er bosatt i filmhovedstaden.<\/p>\n<p> Skuespilleren forteller at han \u00f8nsker \u00e5 gi tvillingene en oppvekst som ligner mer p\u00e5 hans egen, langt unna det han beskriver som en \u00aburettferdig sjanse\u00bb i Hollywood. <\/p>\n<p>          <img loading=\"lazy\" decoding=\"async\" src=\"https:\/\/www.europesays.com\/no\/wp-content\/uploads\/2025\/10\/1759959507_2_83687553.webp\" width=\"980\" height=\"559\" title=\"IDYLL: I \u00e5sene over sm\u00e5byuen Brignoles i Provence har Amal og Clooney sl\u00e5tt seg ned med barna. Foto: LAURENT LAURENT VU\/SIPA\/Shutters\" alt=\"\" class=\"\" style=\"--aspect-ratio-image: 1.75; \"\/><\/p>\n<p>\n          IDYLL: I \u00e5sene over sm\u00e5byuen Brignoles i Provence har Amal og Clooney sl\u00e5tt seg ned med barna. Foto: LAURENT LAURENT VU\/SIPA\/Shutters\n      <\/p>\n<p class=\"font-weight-bold m-font-weight-bold\" data-lab-font_weight=\"font-weight-bold\">&#8211; Jeg var bekymret for \u00e5 oppdra barna v\u00e5re i Los Angeles, midt i Hollywood-kulturen. Jeg f\u00f8lte de aldri kom til \u00e5 f\u00e5 en rettferdig sjanse i livet, sier Clooney i et intervju med magasinet\u00a0<a href=\"https:\/\/www.esquire.com\/entertainment\/movies\/a68136276\/george-clooney-jay-kelly-interview-2025\/\" rel=\"nofollow noopener\" target=\"_blank\">Esquire<\/a>.<\/p>\n<p>Kontrasten til Frankrike er enorm, sammenlignet med Hollywood hvor paparazzi og kjendisdyrkelse er en del av hverdagen, sier han i intervjuet.\u00a0<\/p>\n<p> If\u00f8lge skuespilleren var det blant annet frykten for at barna skulle vokse opp med kontinuerlig mediepress, paparazzi p\u00e5 hvert gatehj\u00f8rne og evige sammenligninger med andre.\u00a0<\/p>\n<p>Derfor ble l\u00f8sningen \u00e5 flytte vekk, til et sted hvor ber\u00f8mmelse ikke betyr \u00abalt\u00bb. <\/p>\n<p>          <img loading=\"lazy\" decoding=\"async\" src=\"https:\/\/www.europesays.com\/no\/wp-content\/uploads\/2025\/10\/1759959508_923_81134491.webp\" width=\"980\" height=\"559\" title=\"HERREG\u00c5RD: George og Amal Clooney kj\u00f8pte herskapsboligen Domaine du Canadel i Provence i 2021. Foto: MEGA TheMegaAgency.com\/ DFGRI\/ NTB\" alt=\"\" class=\"\" style=\"--aspect-ratio-image: 1.75; \"\/><\/p>\n<p>\n          HERREG\u00c5RD: George og Amal Clooney kj\u00f8pte herskapsboligen Domaine du Canadel i Provence i 2021. Foto: MEGA TheMegaAgency.com\/ DFGRI\/ NTB\n      <\/p>\n<p>&#8211; I Frankrike bryr de seg egentlig ikke om ber\u00f8mmelse. Jeg vil ikke at barna mine skal g\u00e5 rundt og bekymre seg for paparazzi. Jeg vil ikke at de skal bli sammenlignet med andre kjendisers barn, forklarer Clooney. <\/p>\n<p>Internasjonal hverdag\t<\/p>\n<p> Livet p\u00e5 g\u00e5rden i Provence beskriver han som langt enklere enn Hollywoods luksus og glitter. Han peker p\u00e5 sm\u00e5, hverdagslige rutiner som han mener gir barna en bedre oppvekst. <\/p>\n<p>        TATT P\u00c5 FERSKEN: Etter realitydeltakeren nekter for \u00e5 ha v\u00e6rt utro mot kj\u00e6resten, tar programlederen grep. Video: ITVX\/ \u00abBad Boyfriends\u00bb\/ R\u00f8d L\u00f8per<\/p>\n<p>&#8211; Vi er veldig heldige. Vi bor p\u00e5 en g\u00e5rd i Frankrike \u2026 De sitter ikke bare med iPadene sine. De spiser middag sammen med voksne og m\u00e5 ta inn tallerkenene sine etterp\u00e5. De har et mye bedre liv, sier han. <\/p>\n<p>          <img loading=\"lazy\" decoding=\"async\" src=\"https:\/\/www.europesays.com\/no\/wp-content\/uploads\/2025\/10\/1759959510_21_75063937.webp\" width=\"686\" height=\"783\" title=\"FAMILIELIV: Amal Clooney sammen med tvillingene Alexander og Ella, som hun fikk med George Clooney i 2017. Foto: Splashnews.com\/NTB\" alt=\"\" class=\"\" style=\"--aspect-ratio-image: 0.88; \"\/><\/p>\n<p>\n          FAMILIELIV: Amal Clooney sammen med tvillingene Alexander og Ella, som hun fikk med George Clooney i 2017. Foto: Splashnews.com\/NTB\n      <\/p>\n<p>Hverdagen til familien fordeles <a href=\"https:\/\/www.seher.no\/kjendis\/flytter-fra-hverandre-for-barnas-skyld\/82619551\" rel=\"nofollow noopener\" target=\"_blank\">mellom ulike land<\/a>. Clooney har tilbrakt perioder i New York for teaterjobber, mens Amal og tvillingene blir i Frankrike.\u00a0<\/p>\n<p> Samtidig har Amal hatt oppdrag i Storbritannia, blant annet som gjesteprofessor ved universitetet i Oxford. <\/p>\n","protected":false},"excerpt":{"rendered":"George og Amal Clooney:\u00a0\u00a0 Den verdenskjente filmstjernen har flyttet familien til den franske landsbygda. Det er ikke tilfeldig.\u00a0&hellip;\n","protected":false},"author":2,"featured_media":56002,"comment_status":"","ping_status":"","sticky":false,"template":"","format":"standard","meta":{"footnotes":""},"categories":[12],"tags":[8239,20,21,24,25,1244,8238,15,479,2543,22,23,13,30,28,29,14,16,26,27,42,43,44,45],"class_list":{"0":"post-56001","1":"post","2":"type-post","3":"status-publish","4":"format-standard","5":"has-post-thumbnail","7":"category-verden","8":"tag-amal-clooney","9":"tag-breaking-news","10":"tag-breakingnews","11":"tag-featured-news","12":"tag-featurednews","13":"tag-frankrike","14":"tag-george-clooney","15":"tag-headlines","16":"tag-kjendis","17":"tag-kjendisdesken","18":"tag-latest-news","19":"tag-latestnews","20":"tag-news","21":"tag-no","22":"tag-norge","23":"tag-norway","24":"tag-nyheter","25":"tag-overskrifter","26":"tag-top-stories","27":"tag-topstories","28":"tag-verden","29":"tag-world","30":"tag-world-news","31":"tag-worldnews"},"share_on_mastodon":{"url":"","error":""},"_links":{"self":[{"href":"https:\/\/www.europesays.com\/no\/wp-json\/wp\/v2\/posts\/56001","targetHints":{"allow":["GET"]}}],"collection":[{"href":"https:\/\/www.europesays.com\/no\/wp-json\/wp\/v2\/posts"}],"about":[{"href":"https:\/\/www.europesays.com\/no\/wp-json\/wp\/v2\/types\/post"}],"author":[{"embeddable":true,"href":"https:\/\/www.europesays.com\/no\/wp-json\/wp\/v2\/users\/2"}],"replies":[{"embeddable":true,"href":"https:\/\/www.europesays.com\/no\/wp-json\/wp\/v2\/comments?post=56001"}],"version-history":[{"count":0,"href":"https:\/\/www.europesays.com\/no\/wp-json\/wp\/v2\/posts\/56001\/revisions"}],"wp:featuredmedia":[{"embeddable":true,"href":"https:\/\/www.europesays.com\/no\/wp-json\/wp\/v2\/media\/56002"}],"wp:attachment":[{"href":"https:\/\/www.europesays.com\/no\/wp-json\/wp\/v2\/media?parent=56001"}],"wp:term":[{"taxonomy":"category","embeddable":true,"href":"https:\/\/www.europesays.com\/no\/wp-json\/wp\/v2\/categories?post=56001"},{"taxonomy":"post_tag","embeddable":true,"href":"https:\/\/www.europesays.com\/no\/wp-json\/wp\/v2\/tags?post=56001"}],"curies":[{"name":"wp","href":"https:\/\/api.w.org\/{rel}","templated":true}]}}