{"id":56021,"date":"2025-10-08T22:18:08","date_gmt":"2025-10-08T22:18:08","guid":{"rendered":"https:\/\/www.europesays.com\/no\/56021\/"},"modified":"2025-10-08T22:18:08","modified_gmt":"2025-10-08T22:18:08","slug":"gene-simmons-fraktet-til-sykehus-etter-dramatisk-bilulykke-i-malibu","status":"publish","type":"post","link":"https:\/\/www.europesays.com\/no\/56021\/","title":{"rendered":"Gene Simmons fraktet til sykehus etter dramatisk bilulykke i Malibu"},"content":{"rendered":"<p class=\"kicker \" style=\"\">Gene Simmons:<\/p>\n<p>  Rockelegenden Gene Simmons ble hastet til sykehuset etter \u00e5 ha havnet i en bilulykke.\u00a0<\/p>\n<p>\n    ULYKKE: Gene Simmons, bassist i KISS, under en av bandets konserter. Rockeikonet ble denne uken kj\u00f8rt til sykehus etter en dramatisk bilulykke i Malibu.Foto: Erik Pendzich\/Shutterstock\n  <\/p>\n<p>Rockeikonet Gene Simmons (76) ble sendt rett til sykehus etter at bilen hans plutselig braste tvers over Pacific Coast Highway i Malibu og smalt inn i en parkert bil.\u00a0<\/p>\n<p>    <a itemprop=\"url\" href=\"https:\/\/www.seher.no\/kjendis\/fikk-huset-ransaket-etter-barneporno-alarm\/64134426\" rel=\"nofollow noopener\" target=\"_blank\"><\/p>\n<p>      <img loading=\"lazy\" decoding=\"async\" src=\"https:\/\/www.europesays.com\/no\/wp-content\/uploads\/2025\/10\/64134435.webp\" width=\"980\" height=\"441\" title=\"Fikk huset ransaket etter barneporno-alarm\" alt=\"\" class=\"lazyload\" style=\"--aspect-ratio-image: 2.22; \"\/><\/p>\n<p>        Fikk huset ransaket etter barneporno-alarm<\/p>\n<p>    <\/a><\/p>\n<p>Det melder <a href=\"https:\/\/people.com\/kiss-rocker-gene-simmons-hospitalized-after-malibu-car-crash-report-11826792\" rel=\"nofollow noopener\" target=\"_blank\">People<\/a>, som siterer den lokale nyhetskanalen NBC4.<\/p>\n<p>If\u00f8lge NBC4 mistet KISS-bassisten bevisstheten mens han satt bak rattet. Bilen skal ha krysset flere kj\u00f8refelt f\u00f8r den traff bilen med voldsom kraft.<\/p>\n<p>          <img loading=\"lazy\" decoding=\"async\" src=\"https:\/\/www.europesays.com\/no\/wp-content\/uploads\/2025\/10\/83698023.webp\" width=\"686\" height=\"536\" title=\"IKON: 76-\u00e5ringen har v\u00e6rt med i det ikoniske rockebandet KISS siden bandets oppstart. Foto: Terry Schmitt\/UPI\/Shutterstock\" alt=\"\" class=\"\" style=\"--aspect-ratio-image: 1.28; \"\/><\/p>\n<p>\n          IKON: 76-\u00e5ringen har v\u00e6rt med i det ikoniske rockebandet KISS siden bandets oppstart. Foto: Terry Schmitt\/UPI\/Shutterstock\n      <\/p>\n<p class=\"font-weight-bold m-font-weight-bold\" data-lab-font_weight=\"font-weight-bold\">&#8211; Jeg har det bra, l\u00f8d en kort beskjed fra Simmons i en melding sendt til den lokale TV-stasjonen.<\/p>\n<p>Politiet bekrefter at stjernen selv fortalte at han hadde svimt av like f\u00f8r sammenst\u00f8tet.<\/p>\n<p>        R\u00d8PER: Gjengen i \u00abA-laget\u00bb settes ut av hva Sophie Elise har i nattbordskuffen. Video: NRK TV\/ R\u00f8d L\u00f8per<\/p>\n<p>Simmons\u2019 kone, Shannon Tweed, forteller at ektemannen n\u00e5 er hjemme og p\u00e5 bedringens vei. Hun avsl\u00f8rer at han nylig har byttet medisiner, og at v\u00e6skebalansen hans kan ha v\u00e6rt en utl\u00f8sende faktor.<\/p>\n<p>&#8211; Han m\u00e5 rett og slett l\u00e6re seg \u00e5 drikke mer vann, sa hun til NBC4, og la sp\u00f8kefullt til at det ikke er hans sterkeste side.<\/p>\n","protected":false},"excerpt":{"rendered":"Gene Simmons: Rockelegenden Gene Simmons ble hastet til sykehuset etter \u00e5 ha havnet i en bilulykke.\u00a0 ULYKKE: Gene&hellip;\n","protected":false},"author":2,"featured_media":56022,"comment_status":"","ping_status":"","sticky":false,"template":"","format":"standard","meta":{"footnotes":""},"categories":[58],"tags":[7530,71,8417,479,2543,30,28,29,72],"class_list":{"0":"post-56021","1":"post","2":"type-post","3":"status-publish","4":"format-standard","5":"has-post-thumbnail","7":"category-underholdning","8":"tag-bilulykke","9":"tag-entertainment","10":"tag-gene-simmons","11":"tag-kjendis","12":"tag-kjendisdesken","13":"tag-no","14":"tag-norge","15":"tag-norway","16":"tag-underholdning"},"share_on_mastodon":{"url":"","error":""},"_links":{"self":[{"href":"https:\/\/www.europesays.com\/no\/wp-json\/wp\/v2\/posts\/56021","targetHints":{"allow":["GET"]}}],"collection":[{"href":"https:\/\/www.europesays.com\/no\/wp-json\/wp\/v2\/posts"}],"about":[{"href":"https:\/\/www.europesays.com\/no\/wp-json\/wp\/v2\/types\/post"}],"author":[{"embeddable":true,"href":"https:\/\/www.europesays.com\/no\/wp-json\/wp\/v2\/users\/2"}],"replies":[{"embeddable":true,"href":"https:\/\/www.europesays.com\/no\/wp-json\/wp\/v2\/comments?post=56021"}],"version-history":[{"count":0,"href":"https:\/\/www.europesays.com\/no\/wp-json\/wp\/v2\/posts\/56021\/revisions"}],"wp:featuredmedia":[{"embeddable":true,"href":"https:\/\/www.europesays.com\/no\/wp-json\/wp\/v2\/media\/56022"}],"wp:attachment":[{"href":"https:\/\/www.europesays.com\/no\/wp-json\/wp\/v2\/media?parent=56021"}],"wp:term":[{"taxonomy":"category","embeddable":true,"href":"https:\/\/www.europesays.com\/no\/wp-json\/wp\/v2\/categories?post=56021"},{"taxonomy":"post_tag","embeddable":true,"href":"https:\/\/www.europesays.com\/no\/wp-json\/wp\/v2\/tags?post=56021"}],"curies":[{"name":"wp","href":"https:\/\/api.w.org\/{rel}","templated":true}]}}