{"id":56106,"date":"2025-10-09T04:24:08","date_gmt":"2025-10-09T04:24:08","guid":{"rendered":"https:\/\/www.europesays.com\/no\/56106\/"},"modified":"2025-10-09T04:24:08","modified_gmt":"2025-10-09T04:24:08","slug":"therese-johaug-avslorer-ville-ga-ol-ble-overrasket-over-gravid-svar-hjelp-hjelp","status":"publish","type":"post","link":"https:\/\/www.europesays.com\/no\/56106\/","title":{"rendered":"Therese Johaug avsl\u00f8rer: Ville g\u00e5 OL \u2013 ble overrasket over gravid-svar: \u2013 Hjelp, hjelp"},"content":{"rendered":"\n<p class=\"_lead_1994c_2 _lead_xtcu6_50 layout-component text-serif-m layout-normal text-serif-l layout-component layout-wide layout-padded _wide_17hqh_1 layout-padded\">Therese Johaug (37) begynte \u00e5 bli mentalt klar for OL, men br\u00e5tt gikk pulsen opp p\u00e5 trening. S\u00e5 kom sjokkbeskjeden.<\/p>\n<p><img alt=\"Therese Johaug, her i et podkaststudio og VG-intervju h\u00f8sten 2025. Foto: Hallgeir V\u00e5genes \/ VG\" class=\"_image_qp4xg_65 layout-component layout-wide\" data-fullscreen- data-track-element-type=\"Article image fullscreen\" data-track-name=\"ImageFullscreen\" fetchpriority=\"high\" decoding=\"sync\" loading=\"eager\" height=\"4000\" itemprop=\"image\"  src=\"https:\/\/www.europesays.com\/no\/wp-content\/uploads\/2025\/10\/b52e8b27-656b-4252-86be-9544ec16fd2d\"  style=\"object-position:0% 0%\" width=\"4886\"\/>Therese Johaug, her i et podkaststudio og VG-intervju h\u00f8sten 2025. Foto: Hallgeir V\u00e5genes \/ VG<\/p>\n<ul aria-hidden=\"true\" class=\"_images_1y6fe_106\">\n<li><a class=\"_link_1y6fe_111\" href=\"https:\/\/www.vg.no\/forfatter\/mikal-aaserud\" style=\"z-index:1\" title=\"Mikal Emil Aaserud\" rel=\"nofollow noopener\" target=\"_blank\"><img alt=\"Bilde av Mikal Emil Aaserud\" class=\"_image_1y6fe_88\" fetchpriority=\"low\" loading=\"lazy\" decoding=\"async\" itemprop=\"image\"  src=\"https:\/\/www.europesays.com\/no\/wp-content\/uploads\/2025\/10\/1759983848_330_1f4bb18c-b7b1-46ba-9b49-79ae6afd7bbd\"  width=\"480\"\/><\/a><\/li>\n<\/ul>\n<p> Oppdatert torsdag 9. oktober kl. 05:59    <\/p>\n<ul class=\"_list_1994c_3 _list_64s2r_85 _unordered_1994c_105 text-sans-m\">\n<li class=\"_item_1994c_30\">Therese Johaug var i ferd med \u00e5 bli mentalt klar for OL i 2026, men s\u00e5 kom sjokkbeskjeden om at hun var gravid.<\/li>\n<li class=\"_item_1994c_30\">I podkasten \u00abGukild &amp; Johaug\u00bb sier hun at sannheten rundt karriereslutten v\u00e5ren 2025 var en annen enn begrunnelsen om familietid.<\/li>\n<li class=\"_item_1994c_30\">Johaug venter sitt andre barn i januar. I 2026 skal hun kanskje g\u00e5 Birken p\u00e5 ski og satser mot halvmaraton i K\u00f8benhavn h\u00f8sten neste \u00e5r.<\/li>\n<\/ul>\n<p>Vis mer <\/p>\n<p class=\"_paragraph_1994c_4 _paragraph_xtcu6_10 layout-component text-serif-m layout-normal text-serif-m layout-padded\">\u2013 \u00abDu er gravid, jenta mi\u00bb. Jeg bare \u00abh\u00e6, k\u00f8dder du med meg\u00bb. Det ble kastet rett p\u00e5 meg. Jeg bare \u00abhjelp, hjelp\u00bb og hadde tusen tanker i hodet. Da blir det ikke OL, liksom, forklarer Johaug i <a href=\"https:\/\/open.spotify.com\/show\/59jhtT6iMR2IsFXl3cq2cO?si=9nEJfQ96SW-TjaL_r6CF1w&amp;nd=1&amp;dlsi=a3baa6869f9e4b87\" class=\"_link_1994c_39\" rel=\"nofollow noopener\" target=\"_blank\">podkasten<\/a> \u00abGukild &amp; Johaug\u00bb, som hun har sammen med eks NRK-profil og n\u00e5 fulltidssatsende langrennsl\u00f8per, Emil Gukild.<\/p>\n<p class=\"_paragraph_1994c_4 _paragraph_xtcu6_10 layout-component text-serif-m layout-normal text-serif-m layout-padded\">Da Johaug i slutten av mai kom med beskjeden om at det <a href=\"https:\/\/www.vg.no\/sport\/i\/4BwpM9\/therese-johaug-har-bestemt-seg-for-fremtiden\" data-track-element-type=\"Link\" data-track-id=\"link:4BwpM9\" class=\"_link_1994c_39\" rel=\"nofollow noopener\" target=\"_blank\">ikke ble noe mer skig\u00e5ing p\u00e5 eliteniv\u00e5 etter VM i Trondheim<\/a>, var begrunnelsen var da <a href=\"https:\/\/www.vg.no\/sport\/i\/4BwpM9\/therese-johaug-har-bestemt-seg-for-fremtiden\" data-track-element-type=\"Link\" data-track-id=\"link:4BwpM9\" class=\"_link_1994c_39\" rel=\"nofollow noopener\" target=\"_blank\">et \u00f8nske om mer tid med familien.<\/a><\/p>\n<p class=\"_paragraph_1994c_4 _paragraph_xtcu6_10 layout-component text-serif-m layout-normal text-serif-m layout-padded\">Sannheten var en ganske annen, forteller hun i podkasten.<\/p>\n<ul class=\"_list_1994c_3 _list_xtcu6_9 _unordered_1994c_105 layout-component text-serif-m layout-normal text-serif-m layout-padded\">\n<li class=\"_item_1994c_30\">For tanken om \u00e5 g\u00e5 OL i Italia i februar 2026 hadde virkelig modnet hos Johaug i mars og april i \u00e5r.<\/li>\n<li class=\"_item_1994c_30\">Hun <a href=\"https:\/\/www.vg.no\/sport\/i\/jQAwWo\/therese-johaug-klarer-ikke-se-renn-igjen-jeg-blir-bare-irritert\" data-track-element-type=\"Link\" data-track-id=\"link:jQAwWo\" class=\"_link_1994c_39\" rel=\"nofollow noopener\" target=\"_blank\">var allerede motivert av at det ikke ble gull under VM sist sesong<\/a>. Det sto ikke p\u00e5 motivasjonen p\u00e5 hjemmebane, heller.<\/li>\n<li class=\"_item_1994c_30\">Ektemannen Nils Jakob Hoff brukte n\u00e6rmest enhver anledning til \u00e5 heie p\u00e5 OL-deltagelse, forteller Johaug.<\/li>\n<\/ul>\n<p class=\"_paragraph_1994c_4 _paragraph_xtcu6_10 layout-component text-serif-m layout-normal text-serif-m layout-padded\">Men noe var galt.<\/p>\n<p class=\"_paragraph_1994c_4 _paragraph_xtcu6_10 layout-component text-serif-m layout-normal text-serif-m layout-padded\">Johaug f\u00f8lte det p\u00e5 l\u00f8pe\u00f8kter med andre gjennom v\u00e5ren.<\/p>\n<p class=\"_paragraph_1994c_4 _paragraph_xtcu6_10 layout-component text-serif-m layout-normal text-serif-m layout-padded\">Hun pustet og peset av ting hun ikke hadde problemer med f\u00f8r. F\u00f8rst var hun ganske sikker p\u00e5 at hun hadde g\u00e5tt p\u00e5 en stor smell etter VM.<\/p>\n<p class=\"_paragraph_1994c_4 _paragraph_xtcu6_10 layout-component text-serif-m layout-normal text-serif-m layout-padded\">\u2013 Jeg ringte P\u00e5l Gunnar og gr\u00e5t. Jeg bare \u00abn\u00e5 har jeg g\u00e5tt p\u00e5 smellen, jeg kjenner ikke igjen kroppen min\u00bb.<\/p>\n<p class=\"_paragraph_1994c_4 _paragraph_xtcu6_10 layout-component text-serif-m layout-normal text-serif-m layout-padded\">Hun ble oppfordret til \u00e5 ta alle slags pr\u00f8ver \u2013 og da kom svaret om at hun er gravid.<\/p>\n<p class=\"_paragraph_1994c_4 _paragraph_xtcu6_10 layout-component text-serif-m layout-normal text-serif-m layout-padded\">\u2013 Jeg ringte Nils Jakob, som skulle bes\u00f8ke en kompis i Drammen. Han m\u00e5tte stoppe og han sa bare \u00abh\u00e6, nei, jeg orker ikke\u00bb. Han trodde det skulle bli en stille og rolig periode. Vi var jo glade, for all del, men det var ikke planlagt, sier Johaug og ler.<\/p>\n<p class=\"_paragraph_1994c_4 _paragraph_xtcu6_10 layout-component text-serif-m layout-normal text-serif-m layout-padded\">Det var i slutten av juli at Johaug fortalte ogs\u00e5 offentligheten at hun venter sitt andre barn i januar.<\/p>\n<p class=\"_paragraph_1994c_4 _paragraph_xtcu6_10 layout-component text-serif-m layout-normal text-serif-m layout-padded\">Men i sin sine podkast avsl\u00f8rte hun nylig at <a href=\"https:\/\/www.vg.no\/sport\/i\/rPkoVw\/therese-johaug-og-emil-gukild-lanserer-ny-podkast-johaug-avsloerer-at-hun-vurderer-comeback-to-maaneder-etter-foedsel\" data-track-element-type=\"Link\" data-track-id=\"link:rPkoVw\" class=\"_link_1994c_39\" rel=\"nofollow noopener\" target=\"_blank\">det blir et slags comeback under Birken i vinter.<\/a><\/p>\n<p class=\"_paragraph_1994c_4 _paragraph_xtcu6_10 layout-component text-serif-m layout-normal text-serif-m layout-padded\">Det store sportslige m\u00e5let for 2026 er K\u00f8benhavn halvmaraton i september neste \u00e5r. <\/p>\n","protected":false},"excerpt":{"rendered":"Therese Johaug (37) begynte \u00e5 bli mentalt klar for OL, men br\u00e5tt gikk pulsen opp p\u00e5 trening. S\u00e5&hellip;\n","protected":false},"author":2,"featured_media":56107,"comment_status":"","ping_status":"","sticky":false,"template":"","format":"standard","meta":{"footnotes":""},"categories":[59],"tags":[1787,398,30,28,29,83,82,6328,399],"class_list":{"0":"post-56106","1":"post","2":"type-post","3":"status-publish","4":"format-standard","5":"has-post-thumbnail","7":"category-sport","8":"tag-emil-gukild","9":"tag-langrenn","10":"tag-no","11":"tag-norge","12":"tag-norway","13":"tag-sport","14":"tag-sports","15":"tag-therese-johaug","16":"tag-vintersport"},"share_on_mastodon":{"url":"","error":""},"_links":{"self":[{"href":"https:\/\/www.europesays.com\/no\/wp-json\/wp\/v2\/posts\/56106","targetHints":{"allow":["GET"]}}],"collection":[{"href":"https:\/\/www.europesays.com\/no\/wp-json\/wp\/v2\/posts"}],"about":[{"href":"https:\/\/www.europesays.com\/no\/wp-json\/wp\/v2\/types\/post"}],"author":[{"embeddable":true,"href":"https:\/\/www.europesays.com\/no\/wp-json\/wp\/v2\/users\/2"}],"replies":[{"embeddable":true,"href":"https:\/\/www.europesays.com\/no\/wp-json\/wp\/v2\/comments?post=56106"}],"version-history":[{"count":0,"href":"https:\/\/www.europesays.com\/no\/wp-json\/wp\/v2\/posts\/56106\/revisions"}],"wp:featuredmedia":[{"embeddable":true,"href":"https:\/\/www.europesays.com\/no\/wp-json\/wp\/v2\/media\/56107"}],"wp:attachment":[{"href":"https:\/\/www.europesays.com\/no\/wp-json\/wp\/v2\/media?parent=56106"}],"wp:term":[{"taxonomy":"category","embeddable":true,"href":"https:\/\/www.europesays.com\/no\/wp-json\/wp\/v2\/categories?post=56106"},{"taxonomy":"post_tag","embeddable":true,"href":"https:\/\/www.europesays.com\/no\/wp-json\/wp\/v2\/tags?post=56106"}],"curies":[{"name":"wp","href":"https:\/\/api.w.org\/{rel}","templated":true}]}}