{"id":56140,"date":"2025-10-09T05:42:14","date_gmt":"2025-10-09T05:42:14","guid":{"rendered":"https:\/\/www.europesays.com\/no\/56140\/"},"modified":"2025-10-09T05:42:14","modified_gmt":"2025-10-09T05:42:14","slug":"prinsesse-martha-louise-og-durek-slar-tilbake-mot-ryktene","status":"publish","type":"post","link":"https:\/\/www.europesays.com\/no\/56140\/","title":{"rendered":"Prinsesse M\u00e4rtha Louise og Durek sl\u00e5r tilbake mot ryktene"},"content":{"rendered":"<p>Prinsesse M\u00e4rtha Louise (54) og ektemannen Durek Verrett (50) har f\u00e5tt nok av spekulasjonene rundt ekteskapet deres. N\u00e5 sl\u00e5r paret tilbake mot p\u00e5standene om at de lever i et s\u00e5kalt \u00ablavendel-ekteskap\u00bb.<\/p>\n<p>    <a itemprop=\"url\" href=\"https:\/\/www.seher.no\/kongelig\/ryktene-florerer\/83684588\" rel=\"nofollow noopener\" target=\"_blank\"><\/p>\n<p>      <img loading=\"lazy\" decoding=\"async\" src=\"https:\/\/www.europesays.com\/no\/wp-content\/uploads\/2025\/10\/1759988528_826_83685732.webp\" width=\"147\" height=\"98\" title=\"- Ryktene florerer\" alt=\"\" class=\"lazyload\" style=\"--aspect-ratio-image: 1.50; \"\/><\/p>\n<p>        &#8211; Ryktene florerer<\/p>\n<p>    <\/a><\/p>\n<p>Begrepet \u00ablavendel-ekteskap\u00bb refererer til et ekteskap der en eller begge partnere i hemmelighet er homofile, men gifter seg for \u00e5 skjule sin seksuelle legning.<\/p>\n<p>        PROVOSERER: Traileren til M\u00e4rtha Louise og Durek Verretts bryllupsdokumentar har satt sinnene i kok. Video: Netflix \/ Trailer: \u00abRebel Royals: An Unlikely Love Story\u00bb \/\/ Reporter: H\u00e5vard Bj\u00f8rnerem<\/p>\n<p>I en felles Instagram-video publisert mandag svarer M\u00e4rtha Louise og Durek p\u00e5 kommentarer som hevder at ekteskapet deres er en fasade.\u00a0<\/p>\n<p>Britiske <a href=\"https:\/\/www.dailymail.co.uk\/femail\/article-15169203\/Princess-Martha-Louise-Norway-hits-claims-marriage-controversial-bisexual-shaman-sham.html\" rel=\"nofollow noopener\" target=\"_blank\">Daily Mail<\/a> er blant mediene som har omtalt saken.\u00a0<\/p>\n<p>    <a itemprop=\"url\" href=\"https:\/\/www.seher.no\/kongelig\/utvekslet-knapt-et-ord-med-hverandre\/83689703\" rel=\"nofollow noopener\" target=\"_blank\"><\/p>\n<p>      <img loading=\"lazy\" decoding=\"async\" src=\"https:\/\/www.europesays.com\/no\/wp-content\/uploads\/2025\/10\/83573001.webp\" width=\"980\" height=\"441\" title=\"- Utvekslet knapt et ord med hverandre\" alt=\"\" class=\"lazyload\" style=\"--aspect-ratio-image: 2.22; \"\/><\/p>\n<p>        &#8211; Utvekslet knapt et ord med hverandre<\/p>\n<p>    <\/a><\/p>\n<p>Fleiper med kritikken\t<\/p>\n<p>Kommentarene anklager den selvutnevnte sjamanen, som er biseksuell og tidligere har v\u00e6rt i forhold med menn, for \u00e5 v\u00e6re homofil.\u00a0<\/p>\n<p>\u00abHusmoren fra Norge og hennes lavendel-ekteskap\u00bb, har en skrevet, mens en annen har liret av seg: \u00abJenta mi, jeg vet ikke om du er klar over det, men du er i et lavendel-ekteskap\u00bb.\u00a0<\/p>\n<p>        LETT P\u00c5 T\u00c5: Durek Verrett var godt forberedt til brudevalsen i Geiranger &#8211; han har nemlig en fortid som danser. Dagbladets R\u00f8d L\u00f8per kom over en gammel musikkvideo hvor Verrett medvirker som danser. Video: Youtube. Reporter: Daniel Wiese \/ Dagbladet TV <\/p>\n<p>\u00abDette er det beste lavendel-ekteskapet gjennom tidene\u00bb, l\u00f8d en tredje kommentar, if\u00f8lge Daily Mail.\u00a0<\/p>\n<p>M\u00e4rtha og Durek velger \u00e5 svare p\u00e5 kritikken p\u00e5 humoristisk vis. I videoen har de kledd seg opp i lilla kl\u00e6r, mens M\u00e4rtha sier f\u00f8lgende til kamera:\u00a0<\/p>\n<p class=\"font-weight-bold m-font-weight-bold\" data-lab-font_weight=\"font-weight-bold\">&#8211; Hmm, vi liker jo lavendel, men det f\u00f8les ikke helt riktig &#8230;<\/p>\n<p>          <img loading=\"lazy\" decoding=\"async\" src=\"https:\/\/www.europesays.com\/no\/wp-content\/uploads\/2025\/10\/83693688.webp\" width=\"686\" height=\"899\" title=\"HUMOR: Prinsesse M\u00e4rtha Louise og Durek Verrett velger \u00e5 svare p\u00e5 humoristisk vis - if\u00f8rt lilla kl\u00e6r. Foto: Skjermbilde: @shamandurek\/ Instagram\" alt=\"\" class=\"\" style=\"--aspect-ratio-image: 0.76; \"\/><\/p>\n<p>\n          HUMOR: Prinsesse M\u00e4rtha Louise og Durek Verrett velger \u00e5 svare p\u00e5 humoristisk vis &#8211; if\u00f8rt lilla kl\u00e6r. Foto: Skjermbilde: @shamandurek\/ Instagram\n      <\/p>\n<p>Deretter bytter de til sine vanlige fargerike antrekk, f\u00f8r M\u00e4rtha legger til:<\/p>\n<p>&#8211; Vanlig er ikke helt v\u00e5r greie. Vi bare elsker.\u00a0<\/p>\n<p>    <a itemprop=\"url\" href=\"https:\/\/www.seher.no\/kongelig\/raser-mot-kongehusekekspert\/83685327\" rel=\"nofollow noopener\" target=\"_blank\"><\/p>\n<p>      <img loading=\"lazy\" decoding=\"async\" src=\"https:\/\/www.europesays.com\/no\/wp-content\/uploads\/2025\/10\/76624357.webp\" width=\"980\" height=\"441\" title=\"Raser mot kongehusekekspert\" alt=\"\" class=\"lazyload\" style=\"--aspect-ratio-image: 2.22; \"\/><\/p>\n<p>        Raser mot kongehusekekspert<\/p>\n<p>    <\/a><\/p>\n<p>Instagram-videoen avsluttes med at M\u00e4rtha og Durek stirrer kj\u00e6rlig inn i \u00f8ynene til hverandre. I bildeteksten har paret skrevet:\u00a0<\/p>\n<p>\u00abTrodde det var lavendel? Plot twist: Det er bare kj\u00e6rlighet og arv #rebelroyals\u00bb.\u00a0<\/p>\n<p>          <img loading=\"lazy\" decoding=\"async\" src=\"https:\/\/www.europesays.com\/no\/wp-content\/uploads\/2025\/10\/83693752.webp\" width=\"686\" height=\"933\" title=\"- HVA ER ET LAVENDEL-EKTESKAP?: Durek og M\u00e4rtha p\u00e5peker at vanlig ikke er helt deres greie. Foto: Skjermbilde: @shamandurek \/ Instagram\" alt=\"\" class=\"\" style=\"--aspect-ratio-image: 0.74; \"\/><\/p>\n<p>\n          &#8211; HVA ER ET LAVENDEL-EKTESKAP?: Durek og M\u00e4rtha p\u00e5peker at vanlig ikke er helt deres greie. Foto: Skjermbilde: @shamandurek \/ Instagram\n      <\/p>\n<p>I kommentarfeltet er det en som stiller paret sp\u00f8rsm\u00e5l om hva et lavendel-ekteskap er, hvorp\u00e5 M\u00e4rtha svarer:<\/p>\n<p>\u00abJeg er ikke helt sikker selv &#8230; men mange sier det, s\u00e5 vi tenkte vi kunne tulle litt med det\u00bb.\u00a0<\/p>\n<p>Dureks s\u00f8ster, Angelina Verrett, kommer med st\u00f8ttende melding til paret.<\/p>\n<p>          <img loading=\"lazy\" decoding=\"async\" src=\"https:\/\/www.europesays.com\/no\/wp-content\/uploads\/2025\/10\/83693764.webp\" width=\"686\" height=\"803\" title=\"REDDET DUREKS LIV: Angelina Verrett er Dureks eneste hels\u00f8sken. Hun ga Durek en av nyrene sine i 2012! Foto: Skjermbilde: @shamandurek \/ Instagram\" alt=\"\" class=\"\" style=\"--aspect-ratio-image: 0.85; \"\/><\/p>\n<p>\n          REDDET DUREKS LIV: Angelina Verrett er Dureks eneste hels\u00f8sken. Hun ga Durek en av nyrene sine i 2012! Foto: Skjermbilde: @shamandurek \/ Instagram\n      <\/p>\n<p>\u00abHaha, det lykkeligste og mest kj\u00e6rlige paret noensinne. Rebel Royals ruler &#8211; takk for at dere deler kj\u00e6rligheten deres med verden. Haters gonna hate!\u00bb\u00a0<\/p>\n<p>\u00abElsker deg\u00bb, svarer M\u00e4rtha svigerinnen.\u00a0<\/p>\n<p>\u00abElsker dere begge, elsker ekteskapet deres. Dere skader ingen &#8211; bare fortsett \u00e5 v\u00e6r lykkelige\u00bb, skriver en annen, mens en tredje:<\/p>\n<p>        TURBULENT: Kongen diskuterer den nye Netflix dokumentaren til prinsesse M\u00e4rtha Louise og Durek Verrett. Video: NTB. <\/p>\n<p>\u00abHaha, dere to er de beste! Elsker hvordan dere bare rister av dere hatet!\u00bb\u00a0<\/p>\n<p>En annen kommentar er ikke av det like hyggelige slaget.\u00a0<\/p>\n<p>\u00abDette kommer ikke til \u00e5 ende bra\u00bb, skriver en, hvorp\u00e5 M\u00e4rtha sl\u00e5r tilbake:<\/p>\n<p>\u00abEr du synsk, eller?\u00bb\u00a0<\/p>\n<p>    <a itemprop=\"url\" href=\"https:\/\/www.seher.no\/kongelig\/soker-hjelp\/83685815\" rel=\"nofollow noopener\" target=\"_blank\"><\/p>\n<p>      <img loading=\"lazy\" decoding=\"async\" src=\"https:\/\/www.europesays.com\/no\/wp-content\/uploads\/2025\/10\/1759988530_453_83688875.webp\" width=\"147\" height=\"98\" title=\"S\u00f8ker hjelp\" alt=\"\" class=\"lazyload\" style=\"--aspect-ratio-image: 1.50; \"\/><\/p>\n<p>        S\u00f8ker hjelp<\/p>\n<p>    <\/a><\/p>\n<p>\u00c5pen om sin seksualitet\t<\/p>\n<p>Durek har tidligere v\u00e6rt \u00e5pen om at han tiltrekkes av b\u00e5de menn og kvinner. Det var i mai 2019 det ble kjent at<a href=\"https:\/\/www.seher.no\/kongelig\/bekrefter-ny-kjaereste\/71070902\" rel=\"nofollow noopener\" target=\"_blank\"> prinsesse M\u00e4rtha Louise hadde funnet kj\u00e6rligheten<\/a> med den selvutnevnte sjamanen.\u00a0<\/p>\n<p>          <img loading=\"lazy\" decoding=\"async\" src=\"https:\/\/www.europesays.com\/no\/wp-content\/uploads\/2025\/10\/83693968.webp\" width=\"686\" height=\"584\" title=\"DEN GANG DA: Prinsesse M\u00e4rtha Louise delte blant annet dette bildet p\u00e5 Instagram da hun avsl\u00f8rte at hun hadde funnet kj\u00e6rligheten med Durek Verett 12. mai i 2019. Foto: Daryl Henderson \/ NTB\" alt=\"\" class=\"\" style=\"--aspect-ratio-image: 1.17; \"\/><\/p>\n<p>\n          DEN GANG DA: Prinsesse M\u00e4rtha Louise delte blant annet dette bildet p\u00e5 Instagram da hun avsl\u00f8rte at hun hadde funnet kj\u00e6rligheten med Durek Verett 12. mai i 2019. Foto: Daryl Henderson \/ NTB\n      <\/p>\n<p>Durek ble etter kj\u00e6restenyheten et omdiskutert navn, og hyppig omtalt i b\u00e5de norske og internasjonale medier.<\/p>\n<p>    <a itemprop=\"url\" href=\"https:\/\/www.seher.no\/kongelig\/sonja-i-tarer-etter-tv-sjokket\/83672253\" rel=\"nofollow noopener\" target=\"_blank\"><\/p>\n<p>      <img loading=\"lazy\" decoding=\"async\" src=\"https:\/\/www.europesays.com\/no\/wp-content\/uploads\/2025\/10\/1759988531_701_83673314.webp\" width=\"147\" height=\"98\" title=\"- Sonja i t\u00e5rer etter TV-sjokket\" alt=\"\" class=\"lazyload\" style=\"--aspect-ratio-image: 1.50; \"\/><\/p>\n<p>        &#8211; Sonja i t\u00e5rer etter TV-sjokket<\/p>\n<p>    <\/a><\/p>\n<p>I ukene som fulgte kom det frem en rekke opplysninger og detaljer om prinsessens nye kj\u00e6reste, blant annet at<a href=\"https:\/\/www.seher.no\/kongelig\/sjamanen-avslorer---var-i-et-forhold-med-en-mann\/71090548\" rel=\"nofollow noopener\" target=\"_blank\"> han tidligere hadde v\u00e6rt i et forhold med en mann<\/a>, nemlig massasjeterapeuten Hank Greenberg.\u00a0<\/p>\n<p>De fant kj\u00e6rligheten i 2007, men kj\u00e6rligheten brast \u00e5tte \u00e5r senere, i 2015.<\/p>\n<p>          <img loading=\"lazy\" decoding=\"async\" src=\"https:\/\/www.europesays.com\/no\/wp-content\/uploads\/2025\/10\/83693931.webp\" width=\"686\" height=\"611\" title=\"VAR FORLOVET: Hank Greenberg og Durek Verrett planla bryllup, men Hank br\u00f8t forlovelsen og anklaget Durek for \u00e5 v\u00e6re manipulerende. Foto: Privat\" alt=\"\" class=\"\" style=\"--aspect-ratio-image: 1.12; \"\/><\/p>\n<p>\n          VAR FORLOVET: Hank Greenberg og Durek Verrett planla bryllup, men Hank br\u00f8t forlovelsen og anklaget Durek for \u00e5 v\u00e6re manipulerende. Foto: Privat\n      <\/p>\n<p>Durek har tidligere v\u00e6rt \u00e5pen om at han tiltrekkes av b\u00e5de menn og kvinner, og i et st\u00f8rre intervju med <a href=\"https:\/\/www.dagbladet.no\/magasinet\/hvem-passer-egentlig-inn-i-boksen\/71089928\" rel=\"nofollow noopener\" target=\"_blank\">Dagbladet Magasinet<\/a> i 2019, uttalte Durek at det \u00e5 v\u00e6re i et forhold med en mann var \u00aben herlig opplevelse\u00bb, men at kj\u00e6rligheten mellom ham og Hank til slutt ikke fungerte lenger.<\/p>\n<p class=\"font-weight-bold m-font-weight-bold\" data-lab-font_weight=\"font-weight-bold\">&#8211; Tiltrekkes jeg av menn? Ja. Tiltrekkes jeg av kvinner? Ja, men det er basert p\u00e5 kj\u00e6rlighet. Det er maskulinitet og femininitet i b\u00e5de kvinner og menn, og jeg st\u00e5r for kj\u00e6rlighet uavhengig av kj\u00f8nn, sa han i intervjuet.<\/p>\n<p>        IRETTESETTES: I den nye dokumentarfilmen p\u00e5 Netflix f\u00e5r vi et innblikk i livene til prinsesse M\u00e4rtha Louise og Durek Verrett. Video: \u00abRebel Royals &#8211; An Unlikely Love Story\u00bb\/ Netflix<\/p>\n<p>Den selvutnevnte sjamanen forklarte at prinsesse M\u00e4rtha Louise har b\u00e5de maskuline og feminine sider ved seg, noe som gj\u00f8r det vanskelig \u00e5 plassere henne\u00a0 i en boks, noe han setter veldig pris p\u00e5.\u00a0<\/p>\n<p>Det er nemlig akkurat det samme han f\u00f8ler om seg selv.<\/p>\n<p>    <a itemprop=\"url\" href=\"https:\/\/www.seher.no\/kongelig\/het-flort-med-millionaersonn\/83670918\" rel=\"nofollow noopener\" target=\"_blank\"><\/p>\n<p>      <img loading=\"lazy\" decoding=\"async\" src=\"https:\/\/www.europesays.com\/no\/wp-content\/uploads\/2025\/10\/1759988531_828_83673820.webp\" width=\"147\" height=\"98\" title=\"\u00abHet fl\u00f8rt med kjekk arving\u00bb\" alt=\"\" class=\"lazyload\" style=\"--aspect-ratio-image: 1.50; \"\/><\/p>\n<p>        \u00abHet fl\u00f8rt med kjekk arving\u00bb<\/p>\n<p>    <\/a><\/p>\n<p>&#8211; Man kan ikke v\u00e6re sammen med noen som fors\u00f8ker \u00e5 f\u00e5 plass i en boks. S\u00e5 ja, jeg var i et forhold med en mann. Det var en herlig opplevelse, og jeg vil alltid elske ham. Men han ville bare v\u00e6re sammen med menn. Det er greit, men for meg er det den ubetingede kj\u00e6rligheten som er viktig, s\u00e5 det fungerte ikke. Jeg definerer ikke meg selv som homofil eller biseksuell. Jeg relaterer bare til \u00e9n ting, og det er kj\u00e6rlighet, delte Durek i intervjuet.<\/p>\n<p>          <img loading=\"lazy\" decoding=\"async\" src=\"https:\/\/www.europesays.com\/no\/wp-content\/uploads\/2025\/10\/83694031.webp\" width=\"686\" height=\"920\" title=\"ST\u00d8TTENDE: M\u00e4rtha Louise st\u00f8tter fullt ut ektemannens \u00e5penhet om at han er biseksuell. - Det er ikke vanskelig i det hele tatt, det er bare s\u00e5nn han er, har hun tidligere fortalt. Foto: TM \/ Mega\" alt=\"\" class=\"\" style=\"--aspect-ratio-image: 0.75; \"\/><\/p>\n<p>\n          ST\u00d8TTENDE: M\u00e4rtha Louise st\u00f8tter fullt ut ektemannens \u00e5penhet om at han er biseksuell. &#8211; Det er ikke vanskelig i det hele tatt, det er bare s\u00e5nn han er, har hun tidligere fortalt. Foto: TM \/ Mega\n      <\/p>\n<p>St\u00f8tter ektemannens \u00e5penhet\u00a0\t<\/p>\n<p>M\u00e4rtha Louise har ogs\u00e5 tidligere<a data-lab-font_weight=\"font-weight-bold\" href=\"https:\/\/www.seher.no\/kongelig\/apner-om-dureks-legning\/76431278\" rel=\"nofollow noopener\" target=\"_blank\"> uttalt seg om ektemannens seksualitet.<\/a> Under en direktesendt podkast med Jan Thomas (58) i 2022 sa prinsessen:<\/p>\n<p class=\"font-weight-bold m-font-weight-bold\" data-lab-font_weight=\"font-weight-bold\">&#8211; Durek er jo veldig \u00e5pen om at han er bifil. Andre sier: \u00abHerregud, hvordan klarer du det? Er ikke det veldig vanskelig?\u00bb. Nei, det er ikke vanskelig i det hele tatt, det er bare s\u00e5nn han er.<\/p>\n<p>    <a itemprop=\"url\" href=\"https:\/\/www.seher.no\/kongelig\/bekrefter-klar-for-ny-reality\/83641961\" rel=\"nofollow noopener\" target=\"_blank\"><\/p>\n<p>      <img loading=\"lazy\" decoding=\"async\" src=\"https:\/\/www.europesays.com\/no\/wp-content\/uploads\/2025\/10\/83642568.webp\" width=\"147\" height=\"98\" title=\"Bekrefter: Klar for ny reality\" alt=\"\" class=\"lazyload\" style=\"--aspect-ratio-image: 1.50; \"\/><\/p>\n<p>        Bekrefter: Klar for ny reality<\/p>\n<p>    <\/a><\/p>\n<p>&#8211; Det \u00e5 f\u00e5 lov til \u00e5 ha den utforskningsfasen i frihet og med respekt tror jeg er s\u00e5 utrolig viktig. Jeg er s\u00e5 glad for at han er \u00e5pen p\u00e5 det, og jeg er s\u00e5 glad for at alle som er \u00e5pne p\u00e5 hvem de er, er det. Alle som kritiserer hvordan andre lever p\u00e5 hvilket som helst omr\u00e5de, viser jo egentlig bare sine egne begrensninger, la hun til.<\/p>\n<p>          <img loading=\"lazy\" decoding=\"async\" src=\"https:\/\/www.europesays.com\/no\/wp-content\/uploads\/2025\/10\/83694119.webp\" width=\"686\" height=\"885\" title=\"GODE VENNER: Prinsesse M\u00e4rtha Louise var gjest i en direktesendt Pride-podkast med Jan Thomas i 2022. Her forsvarte hun Dureks \u00e5penhet om sin seksualitet. Foto: \u00c5sa T\u00e4llg\u00e5rd\" alt=\"\" class=\"\" style=\"--aspect-ratio-image: 0.78; \"\/><\/p>\n<p>\n          GODE VENNER: Prinsesse M\u00e4rtha Louise var gjest i en direktesendt Pride-podkast med Jan Thomas i 2022. Her forsvarte hun Dureks \u00e5penhet om sin seksualitet. Foto: \u00c5sa T\u00e4llg\u00e5rd\n      <\/p>\n<p>M\u00e4rtha Louise var ogs\u00e5 tydelig p\u00e5 sin st\u00f8tte til Pride-bevegelsen:<\/p>\n<p>&#8211; Jeg har ett problem med Pride, og det er at det burde vare hele \u00e5ret, ikke bare en m\u00e5ned, fortalte prinsessen i livepodkasten.<\/p>\n<p>Som nevnt var Durek i et forhold med Hank Greenberg f\u00f8r han m\u00f8tte M\u00e4rtha Louise. I juni 2019 valgte Hank \u00e5 kommentere Dureks forhold til M\u00e4rtha Louise for f\u00f8rste gang, noe han gjorde i et intervju med <a href=\"https:\/\/www.dailymail.co.uk\/debate\/article-7092697\/Gwyneth-Paltrows-love-shaman-tries-ignite-JAN-MOIRs-energy-field.html\" rel=\"nofollow noopener\" target=\"_blank\">Daily Mail<\/a>.<\/p>\n<p>        SVARER: N\u00e5r et familiemedlem er borte en stund, er det tydelig at kronprinsesse Mette-Marit og kronprins Haakon kjenner p\u00e5 savnet. Heldigvis er hjemreisen forh\u00e5pentligvis spikret! Reporter: Caroline Vagle \/\/ Video: H\u00e5vard Bj\u00f8rnerem<\/p>\n<p>&#8211; Jeg elsket Durek inderlig og \u00f8nsker ham alt godt, men jeg har ingenting fint \u00e5 si om ham. Han har enormt talent og jeg tror p\u00e5 hans budskap om at kj\u00e6rlighet er svaret, men jeg tror ikke lenger p\u00e5 mannen, sa han til den britiske avisen.\u00a0<\/p>\n<p>I et stort og eksklusivt intervju med Se og H\u00f8r i 2020, snakket Hank ut om forholdet til Durek. Da avsl\u00f8rte Hank <a href=\"https:\/\/www.seher.no\/kjendis\/ekskjaerestens-knallharde-oppgjor\/72226035\" rel=\"nofollow noopener\" target=\"_blank\">at han er HIV-positiv.<\/a><\/p>\n<p>Hank fikk diagnosen i 2002.<\/p>\n<p>          <img loading=\"lazy\" decoding=\"async\" src=\"https:\/\/www.europesays.com\/no\/wp-content\/uploads\/2025\/10\/83693922.webp\" width=\"686\" height=\"947\" title=\"SNAKKET UT: I et eksklusivt intervju med Se og H\u00f8r i 2020, snakket Hank Greenberg ut om forholdet med Durek Verrett. Faksimile \/ Se og H\u00f8r\" alt=\"\" class=\"\" style=\"--aspect-ratio-image: 0.72; \"\/><\/p>\n<p>\n          SNAKKET UT: I et eksklusivt intervju med Se og H\u00f8r i 2020, snakket Hank Greenberg ut om forholdet med Durek Verrett. Faksimile \/ Se og H\u00f8r\n      <\/p>\n<p>&#8211; Da jeg var i 20-\u00e5rene, l\u00f8y folk til meg og sa at de ikke var smittet. Det fikk meg til \u00e5 ta en del risikoer som jeg selvf\u00f8lgelig ikke ville tatt, dersom jeg hadde visst bedre, delte han \u00e5penhjertig i intervjuet med Se og H\u00f8r.<\/p>\n<p>Hank fortalte i intervjuet at han aldri la skjul p\u00e5 diagnosen overfor Durek, og at han var HIV-positiv i alle de \u00e5rene han levde sammen med Durek, og at han er sv\u00e6rt opptatt av et dette er en tematikk man skal v\u00e6re \u00e6rlig om.<\/p>\n<p>          <img loading=\"lazy\" decoding=\"async\" src=\"https:\/\/www.europesays.com\/no\/wp-content\/uploads\/2025\/10\/83694180.webp\" width=\"686\" height=\"549\" title=\"KJEMPET FOR DUREKS LIV: Durek sammen med sin s\u00f8ster Angelina og Hank - fotografert i 2009. Foto: Privat\" alt=\"\" class=\"\" style=\"--aspect-ratio-image: 1.25; \"\/><\/p>\n<p>\n          KJEMPET FOR DUREKS LIV: Durek sammen med sin s\u00f8ster Angelina og Hank &#8211; fotografert i 2009. Foto: Privat\n      <\/p>\n<p>Durek og Hank m\u00f8ttes i en st\u00f8ttegruppe for homofile menn i 2007, og ble raskt samboere og startet etter hvert business sammen.<\/p>\n<p>I intervjuet tok Dureks ekskj\u00e6reste et knallhardt oppgj\u00f8r med den selvutnevnte sjamanen, og forteller blant annet om det bitre og dramatiske samlivsbruddet i 2015 &#8211; da politiet ble tilkalt og Durek arrestert.<\/p>\n<p>    <a itemprop=\"url\" href=\"https:\/\/www.seher.no\/kongelig\/eksen-skaper-hodebry\/83643238\" rel=\"nofollow noopener\" target=\"_blank\"><\/p>\n<p>      <img loading=\"lazy\" decoding=\"async\" src=\"https:\/\/www.europesays.com\/no\/wp-content\/uploads\/2025\/10\/83585245.webp\" width=\"980\" height=\"441\" title=\"Eksen skaper hodebry\" alt=\"\" class=\"lazyload\" style=\"--aspect-ratio-image: 2.22; \"\/><\/p>\n<p>        Eksen skaper hodebry<\/p>\n<p>    <\/a><\/p>\n<p>P\u00e5 tidspunktet for bruddet var forholdet preget av konflikt og mye krangling. Etter bruddet fortsatte de \u00e5 jobbe sammen, frem til Durek en dag trakk seg fra samarbeidet.<\/p>\n<p>        PUSTER LITT: Mette-Marit holdt tale under fylkesturen til Buskerud, og under opptredenen m\u00e5tte hun beklage. Video: H\u00e5vard Bj\u00f8rnerem \/\/ Reporter: Caroline Vagle<\/p>\n<p>Truet med millions\u00f8ksm\u00e5l\t<\/p>\n<p>Durek vakte ogs\u00e5 stor oppsikt da <a href=\"https:\/\/www.vg.no\/rampelys\/i\/K32v6E\/her-er-dureks-hysj-krav-til-eksen\" rel=\"nofollow noopener\" target=\"_blank\">VG <\/a>i 2019 kunne avsl\u00f8re at han hadde fors\u00f8kt \u00e5 overtale ekskj\u00e6resten til \u00e5 skrive under p\u00e5 en taushetsavtale f\u00e5 dager etter at forholdet hans til prinsesse M\u00e4rtha ble kjent.<\/p>\n<p>Avtalen fikk Hank tilsendt av Dureks advokat, Jo-Na Williams. Hank nektet derimot \u00e5 underskrive avtalen.<\/p>\n<p>        FULLT KJ\u00d8R: Kommentarfeltet i australske medier har rent over av friere etter at nyheten om at prinsesse Ingrid Alexandra skulle studere der kom. Video: H\u00e5vard Bj\u00f8rnerem \/ TikTok: @sydneymorningherald \/\/ Foto: Blondet Eliot\/ABACA\/Shutterstock<\/p>\n<p class=\"font-weight-bold m-font-weight-bold\" data-lab-font_weight=\"font-weight-bold\">\u2013 \u00c5 skrive under p\u00e5 en taushetsavtale som gjaldt hvert sekund av de \u00e5tte \u00e5rene vi var sammen, slik at jeg aldri skulle kunne snakke om den delen av livet mitt &#8211; det var uaktuelt. Livet mitt er ikke til salgs, sa Hank i det eksklusive intervjuet med Se og H\u00f8r.<\/p>\n<p>Se og H\u00f8r kunne i mai 2020 avsl\u00f8re at Durek og M\u00e4rtha Louise<a href=\"https:\/\/www.seher.no\/kongelig\/truer-eksen-med-millionsoksmal\/72500223\" rel=\"nofollow noopener\" target=\"_blank\"> igjen fors\u00f8kte \u00e5 true Hank til taushet.\u00a0<\/a><\/p>\n<p>          <img loading=\"lazy\" decoding=\"async\" src=\"https:\/\/www.europesays.com\/no\/wp-content\/uploads\/2025\/10\/83694081.webp\" width=\"686\" height=\"789\" title=\"HYRET STJERNEADVOKAT: Durek og M\u00e4rtha hyret stjerneadvokat for \u00e5 true Dureks ekskj\u00e6reste til taushet. Foto: Andreas Fadum \/ Se og H\u00f8r\" alt=\"\" class=\"\" style=\"--aspect-ratio-image: 0.87; \"\/><\/p>\n<p>\n          HYRET STJERNEADVOKAT: Durek og M\u00e4rtha hyret stjerneadvokat for \u00e5 true Dureks ekskj\u00e6reste til taushet. Foto: Andreas Fadum \/ Se og H\u00f8r\n      <\/p>\n<p>Han hadde nemlig mottatt et brev fra den amerikanske stjerneadvokaten Richard Gora i advokatfirmaet Gora LLC, der han ble truet med s\u00f8ksm\u00e5l om han kom med flere p\u00e5stander om Durek.<\/p>\n<p>Advokaten hevdet at han var hyret som prosedyreadvokat for prinsesse M\u00e4rtha Louise og Durek Verrett. Her ble Hank truet med at hvis han ikke gjorde som advokaten sa, kunne det bli sv\u00e6rt dyrt for ham.<\/p>\n<p>        DUKKET OPP: Til tross for kongehusets reservasjon fra \u00e5 bli filmet av Netflix, viste dokumentaren kronprins Haakon Magnus i samtale med Durek Verrett inne p\u00e5 den lukkede festen i den f\u00f8rste versjonen. Klippet er n\u00e5 fjernet &#8211; men du kan se det her! Video: Netflix \/ R\u00f8d L\u00f8per<\/p>\n<p>\u00abSiden Shaman Durek inngikk sitt forhold til prinsesse M\u00e4rtha Louise, har han opplevd en serie alvorlige og falske beskyldninger mot seg selv. Hvis du nekter \u00e5 overholde dette, vil vi bli tvunget til \u00e5 reise s\u00f8ksm\u00e5l mot deg\u00bb, het det i brevet.<\/p>\n<p>          <img loading=\"lazy\" decoding=\"async\" src=\"https:\/\/www.europesays.com\/no\/wp-content\/uploads\/2025\/10\/83695719.webp\" width=\"686\" height=\"927\" title=\"BLE TRUET: Se og H\u00f8r kunne i mai 2020 avsl\u00f8re at prinsesse M\u00e4rtha truet Dureks eks-kj\u00e6reste med million-s\u00f8ksm\u00e5l. Faksimile\" alt=\"\" class=\"\" style=\"--aspect-ratio-image: 0.74; \"\/><\/p>\n<p>\n          BLE TRUET: Se og H\u00f8r kunne i mai 2020 avsl\u00f8re at prinsesse M\u00e4rtha truet Dureks eks-kj\u00e6reste med million-s\u00f8ksm\u00e5l. Faksimile\n      <\/p>\n<p>Brevet, som Se og H\u00f8r fikk tilgang p\u00e5, var signert. Her sto ogs\u00e5 b\u00e5de prinsesse M\u00e4rtha Louise og Durek Verrett som mottakere p\u00e5 kopi.<\/p>\n<p>    <a itemprop=\"url\" href=\"https:\/\/www.seher.no\/kongelig\/klinte-til-pa-apen-gate\/83655608\" rel=\"nofollow noopener\" target=\"_blank\"><\/p>\n<p>      <img loading=\"lazy\" decoding=\"async\" src=\"https:\/\/www.europesays.com\/no\/wp-content\/uploads\/2025\/10\/1759988534_667_83655883.webp\" width=\"147\" height=\"98\" title=\"Klinte til p\u00e5 \u00e5pen gate!\" alt=\"\" class=\"lazyload\" style=\"--aspect-ratio-image: 1.50; \"\/><\/p>\n<p>        Klinte til p\u00e5 \u00e5pen gate!<\/p>\n<p>    <\/a><\/p>\n<p>Det kom tydelig frem i brevet at Hank ville bli saks\u00f8kt for millioner av dollar dersom han br\u00f8t med veiledningene.<\/p>\n<p>Til tross for at Hank var knallhard i sin kritikk av Durek, har han ogs\u00e5 tidligere uttalt til Se og H\u00f8r at forholdet mellom ham og Durek i perioder ogs\u00e5 var sv\u00e6rt fint, og at de hadde det bra sammen.\u00a0<\/p>\n","protected":false},"excerpt":{"rendered":"Prinsesse M\u00e4rtha Louise (54) og ektemannen Durek Verrett (50) har f\u00e5tt nok av spekulasjonene rundt ekteskapet deres. N\u00e5&hellip;\n","protected":false},"author":2,"featured_media":56141,"comment_status":"","ping_status":"","sticky":false,"template":"","format":"standard","meta":{"footnotes":""},"categories":[58],"tags":[3990,2858,4104,71,8422,2286,76,30,28,29,1221,72],"class_list":{"0":"post-56140","1":"post","2":"type-post","3":"status-publish","4":"format-standard","5":"has-post-thumbnail","7":"category-underholdning","8":"tag-det-norske-kongehuset","9":"tag-durek-verrett","10":"tag-eksklusivt","11":"tag-entertainment","12":"tag-hank-greenberg","13":"tag-jan-thomas","14":"tag-kongelig","15":"tag-no","16":"tag-norge","17":"tag-norway","18":"tag-prinsesse-martha-louise","19":"tag-underholdning"},"share_on_mastodon":{"url":"","error":""},"_links":{"self":[{"href":"https:\/\/www.europesays.com\/no\/wp-json\/wp\/v2\/posts\/56140","targetHints":{"allow":["GET"]}}],"collection":[{"href":"https:\/\/www.europesays.com\/no\/wp-json\/wp\/v2\/posts"}],"about":[{"href":"https:\/\/www.europesays.com\/no\/wp-json\/wp\/v2\/types\/post"}],"author":[{"embeddable":true,"href":"https:\/\/www.europesays.com\/no\/wp-json\/wp\/v2\/users\/2"}],"replies":[{"embeddable":true,"href":"https:\/\/www.europesays.com\/no\/wp-json\/wp\/v2\/comments?post=56140"}],"version-history":[{"count":0,"href":"https:\/\/www.europesays.com\/no\/wp-json\/wp\/v2\/posts\/56140\/revisions"}],"wp:featuredmedia":[{"embeddable":true,"href":"https:\/\/www.europesays.com\/no\/wp-json\/wp\/v2\/media\/56141"}],"wp:attachment":[{"href":"https:\/\/www.europesays.com\/no\/wp-json\/wp\/v2\/media?parent=56140"}],"wp:term":[{"taxonomy":"category","embeddable":true,"href":"https:\/\/www.europesays.com\/no\/wp-json\/wp\/v2\/categories?post=56140"},{"taxonomy":"post_tag","embeddable":true,"href":"https:\/\/www.europesays.com\/no\/wp-json\/wp\/v2\/tags?post=56140"}],"curies":[{"name":"wp","href":"https:\/\/api.w.org\/{rel}","templated":true}]}}