{"id":56158,"date":"2025-10-09T06:11:07","date_gmt":"2025-10-09T06:11:07","guid":{"rendered":"https:\/\/www.europesays.com\/no\/56158\/"},"modified":"2025-10-09T06:11:07","modified_gmt":"2025-10-09T06:11:07","slug":"iphone-gar-rett-fra-ios-18-til-ios-26-digi-no","status":"publish","type":"post","link":"https:\/\/www.europesays.com\/no\/56158\/","title":{"rendered":"Iphone g\u00e5r rett fra Ios 18 til Ios 26 &#8211; Digi.no"},"content":{"rendered":"<p>Iphone g\u00e5r rett fra Ios 18 til Ios 26<\/p>\n<p class=\"my-3 text-lg leading-normal\">Apple har sluppet den nye versjonen av operativsystemet til Iphone, en m\u00e5ned etter lanseringen av Iphone 17-modellene.<\/p>\n<p class=\"my-3 text-lg leading-normal\">Selskapet har valgt \u00e5 d\u00f8pe om versjonsnavnet til operativsystemet, slik at det heretter skal f\u00f8lge lanserings\u00e5ret. Dermed g\u00e5r de rett fra versjon 18 til versjon 26, <a href=\"https:\/\/www.nyteknik.se\/tech\/ios-26-ar-har-nu-far-din-iphone-ett-helt-nytt-utseende\/4392289\" target=\"_blank\" rel=\"noopener noreferrer nofollow\" class=\"border-b-2 border-site-brand-darker font-[600]\">skriver Ny Teknik<\/a>.<\/p>\n<p class=\"my-3 text-lg leading-normal\">Iphone-eiere vil ogs\u00e5 legge merke til at operativsystemet har tatt i bruk nytt brukergrensesnitt. Det har f\u00e5tt navnet Liquid Glass, og inneb\u00e6rer at appikoner, knapper og menyer er halvt gjennomsiktige, og viser refleksjoner og lys fra bakgrunnen.<\/p>\n<p class=\"my-3 text-lg leading-normal\">Blant de nye funksjonene i Ios 26 er en ny, &laquo;adaptiv&raquo; batterifunksjon, som bruker kunstig intelligens og maskinl\u00e6ring for \u00e5 forlenge batteritiden gjennom automatisk demping av lysstyrken og mindre justeringer i ytelsen n\u00e5r funksjonen er aktivert.<\/p>\n","protected":false},"excerpt":{"rendered":"Iphone g\u00e5r rett fra Ios 18 til Ios 26 Apple har sluppet den nye versjonen av operativsystemet til&hellip;\n","protected":false},"author":2,"featured_media":3082,"comment_status":"","ping_status":"","sticky":false,"template":"","format":"standard","meta":{"footnotes":""},"categories":[57],"tags":[30,28,29,65,63,64,66,70,69,67,68],"class_list":{"0":"post-56158","1":"post","2":"type-post","3":"status-publish","4":"format-standard","5":"has-post-thumbnail","7":"category-vitenskap-og-teknologi","8":"tag-no","9":"tag-norge","10":"tag-norway","11":"tag-science","12":"tag-science-and-technology","13":"tag-scienceandtechnology","14":"tag-technology","15":"tag-teknologi","16":"tag-vitenskap","17":"tag-vitenskap-og-teknologi","18":"tag-vitenskapteknologi"},"share_on_mastodon":{"url":"","error":""},"_links":{"self":[{"href":"https:\/\/www.europesays.com\/no\/wp-json\/wp\/v2\/posts\/56158","targetHints":{"allow":["GET"]}}],"collection":[{"href":"https:\/\/www.europesays.com\/no\/wp-json\/wp\/v2\/posts"}],"about":[{"href":"https:\/\/www.europesays.com\/no\/wp-json\/wp\/v2\/types\/post"}],"author":[{"embeddable":true,"href":"https:\/\/www.europesays.com\/no\/wp-json\/wp\/v2\/users\/2"}],"replies":[{"embeddable":true,"href":"https:\/\/www.europesays.com\/no\/wp-json\/wp\/v2\/comments?post=56158"}],"version-history":[{"count":0,"href":"https:\/\/www.europesays.com\/no\/wp-json\/wp\/v2\/posts\/56158\/revisions"}],"wp:featuredmedia":[{"embeddable":true,"href":"https:\/\/www.europesays.com\/no\/wp-json\/wp\/v2\/media\/3082"}],"wp:attachment":[{"href":"https:\/\/www.europesays.com\/no\/wp-json\/wp\/v2\/media?parent=56158"}],"wp:term":[{"taxonomy":"category","embeddable":true,"href":"https:\/\/www.europesays.com\/no\/wp-json\/wp\/v2\/categories?post=56158"},{"taxonomy":"post_tag","embeddable":true,"href":"https:\/\/www.europesays.com\/no\/wp-json\/wp\/v2\/tags?post=56158"}],"curies":[{"name":"wp","href":"https:\/\/api.w.org\/{rel}","templated":true}]}}