{"id":56214,"date":"2025-10-09T07:41:18","date_gmt":"2025-10-09T07:41:18","guid":{"rendered":"https:\/\/www.europesays.com\/no\/56214\/"},"modified":"2025-10-09T07:41:18","modified_gmt":"2025-10-09T07:41:18","slug":"influenser-sophie-elise-isachsen-apner-opp-om-kroppspress-og-inngrep-i-a-laget","status":"publish","type":"post","link":"https:\/\/www.europesays.com\/no\/56214\/","title":{"rendered":"Influenser Sophie Elise Isachsen \u00e5pner opp om kroppspress og inngrep i \u00abA-laget\u00bb"},"content":{"rendered":"<p class=\"kicker \" style=\"\">Sophie Elise i \u00abA-laget\u00bb:<\/p>\n<p>  I den nyeste episoden av \u00abA-laget\u00bb blir Sophie Elise Isachsen \u00abgrillet\u00bb av reporterne.<\/p>\n<p>\n    STORT SMIL: Influenseren og reporterne samlet seg for et gruppebilde under opptak av \u00abA-laget\u00bb. Foto: NRK\n  <\/p>\n<p>I disse dager er flere norske kjendiser og profiler aktuelle i sesong to av\u00a0<a href=\"https:\/\/www.seher.no\/kjendis\/hyller-foreldrene-mine-viktigste-stottespillere\/83667329\" rel=\"nofollow noopener\" target=\"_blank\">NRK-suksessen \u00abA-laget\u00bb<\/a>, deriblant Erling Braut Haaland (25) og Atle Antonsen (56). <\/p>\n<p>        R\u00d8PER: Gjengen i \u00abA-laget\u00bb settes ut av hva Sophie Elise har i nattbordskuffen. Video: NRK TV\/ R\u00f8d L\u00f8per<\/p>\n<p> I serien m\u00f8ter vi et knippe reportere med ulike funksjonsvariasjoner, som ikke er redd for \u00e5 stille \u00e6rlige &#8211; og litt uvanlige &#8211; sp\u00f8rsm\u00e5l til kjente norske fjes. <\/p>\n<p data-lab-font_weight=\"font-weight-bold\" class=\"font-weight-bold m-font-weight-bold\">I denne ukens episode er det influenser Sofie Steen Isachsen (30), bedre kjent som Sophie Elise, som skal ut i ilden,\u00a0og det tar ikke lang tid f\u00f8r hun blir stilt til veggs av reporterne.<\/p>\n<p>&#8211; Jeg er overfladisk\t<\/p>\n<p data-lab-font_weight=\"\"> Allerede fem minutter inn i episoden f\u00e5r\u00a0\u00abGirls of Oslo\u00bb-profilen et sp\u00f8rsm\u00e5l om hvorfor hun stadig deler lettkledde bilder. <\/p>\n<p class=\"font-weight-bold m-font-weight-bold\" data-lab-font_weight=\"font-weight-bold\"> &#8211; Jeg er enig i at man ikke skal vise nakenbilder av seg selv, og det er nok en stund siden jeg har lagt ut noe slikt, men jeg tror nok det kommer til \u00e5 skje igjen. Fordi jeg elsker \u00e5 ta s\u00e5nne bilder. Jeg f\u00f8ler meg skikkelig fri n\u00e5r jeg gj\u00f8r det, svarer den tidligere bloggeren.\u00a0<\/p>\n<p>          <img loading=\"lazy\" decoding=\"async\" src=\"https:\/\/www.europesays.com\/no\/wp-content\/uploads\/2025\/10\/1759995676_265_83691065.webp\" width=\"686\" height=\"570\" title=\"GJEST: I onsdagens episode av \u00abA-laget\u00bb svarer Sophie Elise Isachsens\u00e5pent om selvf\u00f8lelse og kirurgiske inngrep. Foto: NRK\" alt=\"\" class=\"\" style=\"--aspect-ratio-image: 1.20; \"\/><\/p>\n<p>\n          GJEST: I onsdagens episode av \u00abA-laget\u00bb svarer Sophie Elise Isachsens\u00e5pent om selvf\u00f8lelse og kirurgiske inngrep. Foto: NRK\n      <\/p>\n<p class=\"font-weight-bold m-font-weight-bold\" data-lab-font_weight=\"font-weight-bold\">Reporterne stiller ogs\u00e5 sp\u00f8rsm\u00e5l knyttet til kroppspress og operasjoner, og Isachsen legger ikke skjul p\u00e5 at lav selvf\u00f8lelse har st\u00e5tt bak flere av inngrepene. Isachsen har i flere \u00e5r v\u00e6rt \u00e5pen om at hun har utf\u00f8rt en rekke operasjoner rundt p\u00e5 kroppen. Det er likevel noen av operasjonene hun kunne v\u00e6rt foruten.<\/p>\n<p class=\"font-weight-bold m-font-weight-bold\" data-lab-font_weight=\"font-weight-bold\">&#8211; Jeg er en blanding av \u00e5 v\u00e6re glad for \u00e5 ha gjort de tingene jeg har gjort, fordi det var det jeg ville, men det er mye jeg skulle \u00f8nske at jeg ikke hadde gjort, forteller Isachsen, og henviser til rumpeoperasjonen som et eksempel p\u00e5 noe som hun angrer.\u00a0<\/p>\n<p>    <a itemprop=\"url\" href=\"https:\/\/www.seher.no\/kjendis\/ferdig-dessverre-sann-jeg-fryktet\/83691337\" rel=\"nofollow noopener\" target=\"_blank\"><\/p>\n<p>      <img loading=\"lazy\" decoding=\"async\" src=\"https:\/\/www.europesays.com\/no\/wp-content\/uploads\/2025\/10\/83634301.webp\" width=\"980\" height=\"441\" title=\"Ferdig: - Dessverre s\u00e5nn jeg fryktet\" alt=\"\" class=\"lazyload\" style=\"--aspect-ratio-image: 2.22; \"\/><\/p>\n<p>        Ferdig: &#8211; Dessverre s\u00e5nn jeg fryktet<\/p>\n<p>    <\/a><\/p>\n<p> Isachsen har st\u00e5tt i<a href=\"https:\/\/www.seher.no\/kjendis\/mange-slag-i-magen\/80954098\" rel=\"nofollow noopener\" target=\"_blank\"> flere kritikkstormer gjennom karrieren sin<\/a>, og overskriftene har omhandlet alt fra pillemisbruk til kondombruk, nakenhet og utroskap. Influenseren har ogs\u00e5 tidligere blitt omtalt som et\u00a0<a href=\"https:\/\/www.seher.no\/kjendis\/hardt-ut-mot-sophie-elise---norges-darligste-og-farligste-forbilde\/70875737\" rel=\"nofollow noopener\" target=\"_blank\">\u00abfarlig forbilde\u00bb<\/a>, og i 2021 ble hun stemt fram som vinneren av versting-prisen, \u00abGullbarbie\u00bb.\u00a0<\/p>\n<p>N\u00e5 forklarer 30-\u00e5ringen at hun ikke lenger \u00f8nsker \u00e5 legge seg flat i m\u00f8te med utseendekritikk.<\/p>\n<p>        AVSL\u00d8RER: \u00abA-laget\u00bb f\u00e5r den ellers s\u00e5 private Erling Braut Haaland til \u00e5 lette p\u00e5 sl\u00f8ret om han og kj\u00e6resten Isabel Haugseng Johansen. Video: NRK TV\/ Thea Hope\/ R\u00f8d L\u00f8per<\/p>\n<p class=\"font-weight-bold m-font-weight-bold\" data-lab-font_weight=\"font-weight-bold\">&#8211; Jeg er jo en jente som er overfladisk, og jeg liker \u00e5 pynte meg og se ut p\u00e5 en viss m\u00e5te. Jeg er ferdig med \u00e5 unnskylde meg for \u00e5 like \u00e5 se ut som jeg gj\u00f8r, fastsl\u00e5r hun.<\/p>\n<p>Skandalebildet\t<\/p>\n<p>Instagrambildet Isachsen publiserte sammen med\u00a0<a href=\"https:\/\/www.seher.no\/kjendis\/derfor-publiserer-vi\/78513095\" style=\"font-size: 18px; font-weight: 400; font-family: Roboto, helvetica, arial, sans-serif;\" rel=\"nofollow noopener\" target=\"_blank\">venninnen Nora Haukland (28) i 2023<\/a>,\u00a0hvor man kunne se en liten plastpose med mystisk innhold, blir ogs\u00e5 et tema i episoden.\u00a0<\/p>\n<p>          <img loading=\"lazy\" decoding=\"async\" src=\"https:\/\/www.europesays.com\/no\/wp-content\/uploads\/2025\/10\/83691149.webp\" width=\"686\" height=\"597\" title=\"STERKT B\u00c5ND: Vennskapet mellom Sophie Elise Isachsen og Nora Haukland best\u00e5r, til tross for kontroversene i media. Her er de avbildet sammen p\u00e5 \u00e5rets sesong av \u00abSkal vi danse\u00bb. Foto: Andreas Fadum\/Se og H\u00f8r\" alt=\"\" class=\"\" style=\"--aspect-ratio-image: 1.15; \"\/><\/p>\n<p>\n          STERKT B\u00c5ND: Vennskapet mellom Sophie Elise Isachsen og Nora Haukland best\u00e5r, til tross for kontroversene i media. Her er de avbildet sammen p\u00e5 \u00e5rets sesong av \u00abSkal vi danse\u00bb. Foto: Andreas Fadum\/Se og H\u00f8r\n      <\/p>\n<p> Isachsen avsl\u00f8rer her at hun ikke vet hvorfor bildet ble tatt, og at hun var beruset da det skjedde.<\/p>\n<p>P\u00e5 sp\u00f8rsm\u00e5l om det var kokain i posen, bekrefter hun at det mest sannsynlig var det, men understreker at hun ikke hadde delt bildet om hun visste at posen ble med.<\/p>\n<p>    <a itemprop=\"url\" href=\"https:\/\/www.seher.no\/kjendis\/gjor-endringer\/83685895\" rel=\"nofollow noopener\" target=\"_blank\"><\/p>\n<p>      <img loading=\"lazy\" decoding=\"async\" src=\"https:\/\/www.europesays.com\/no\/wp-content\/uploads\/2025\/10\/1759995678_676_83685235.webp\" width=\"980\" height=\"441\" title=\"Gj\u00f8r endringer\" alt=\"\" class=\"lazyload\" style=\"--aspect-ratio-image: 2.22; \"\/><\/p>\n<p>        Gj\u00f8r endringer<\/p>\n<p>    <\/a><\/p>\n<p class=\"font-weight-bold m-font-weight-bold\" data-lab-font_weight=\"font-weight-bold\">I tiden etter at bildet ble publisert fikk hendelsen enorm oppmerksomhet og skapte klagestorm hos Kringkastningr\u00e5det, nettopp fordi hun p\u00e5 tidspunktet var profilert i et NRK-samarbeid.\u00a0<\/p>\n<p class=\"font-weight-bold m-font-weight-bold\" data-lab-font_weight=\"font-weight-bold\">I ettertid br\u00f8t hun med statskanalen og beklaget hendelsen i et Instagram-innlegg.<\/p>\n","protected":false},"excerpt":{"rendered":"Sophie Elise i \u00abA-laget\u00bb: I den nyeste episoden av \u00abA-laget\u00bb blir Sophie Elise Isachsen \u00abgrillet\u00bb av reporterne. STORT&hellip;\n","protected":false},"author":2,"featured_media":56215,"comment_status":"","ping_status":"","sticky":false,"template":"","format":"standard","meta":{"footnotes":""},"categories":[5],"tags":[5368,20,21,24,25,15,19,479,2543,22,23,17,18,13,30,28,29,14,16,2828,26,27],"class_list":{"0":"post-56214","1":"post","2":"type-post","3":"status-publish","4":"format-standard","5":"has-post-thumbnail","7":"category-overskrifter","8":"tag-a-laget","9":"tag-breaking-news","10":"tag-breakingnews","11":"tag-featured-news","12":"tag-featurednews","13":"tag-headlines","14":"tag-hovedoppslag","15":"tag-kjendis","16":"tag-kjendisdesken","17":"tag-latest-news","18":"tag-latestnews","19":"tag-main-news","20":"tag-mainnews","21":"tag-news","22":"tag-no","23":"tag-norge","24":"tag-norway","25":"tag-nyheter","26":"tag-overskrifter","27":"tag-sophie-elise","28":"tag-top-stories","29":"tag-topstories"},"share_on_mastodon":{"url":"","error":""},"_links":{"self":[{"href":"https:\/\/www.europesays.com\/no\/wp-json\/wp\/v2\/posts\/56214","targetHints":{"allow":["GET"]}}],"collection":[{"href":"https:\/\/www.europesays.com\/no\/wp-json\/wp\/v2\/posts"}],"about":[{"href":"https:\/\/www.europesays.com\/no\/wp-json\/wp\/v2\/types\/post"}],"author":[{"embeddable":true,"href":"https:\/\/www.europesays.com\/no\/wp-json\/wp\/v2\/users\/2"}],"replies":[{"embeddable":true,"href":"https:\/\/www.europesays.com\/no\/wp-json\/wp\/v2\/comments?post=56214"}],"version-history":[{"count":0,"href":"https:\/\/www.europesays.com\/no\/wp-json\/wp\/v2\/posts\/56214\/revisions"}],"wp:featuredmedia":[{"embeddable":true,"href":"https:\/\/www.europesays.com\/no\/wp-json\/wp\/v2\/media\/56215"}],"wp:attachment":[{"href":"https:\/\/www.europesays.com\/no\/wp-json\/wp\/v2\/media?parent=56214"}],"wp:term":[{"taxonomy":"category","embeddable":true,"href":"https:\/\/www.europesays.com\/no\/wp-json\/wp\/v2\/categories?post=56214"},{"taxonomy":"post_tag","embeddable":true,"href":"https:\/\/www.europesays.com\/no\/wp-json\/wp\/v2\/tags?post=56214"}],"curies":[{"name":"wp","href":"https:\/\/api.w.org\/{rel}","templated":true}]}}