{"id":56254,"date":"2025-10-09T08:36:11","date_gmt":"2025-10-09T08:36:11","guid":{"rendered":"https:\/\/www.europesays.com\/no\/56254\/"},"modified":"2025-10-09T08:36:11","modified_gmt":"2025-10-09T08:36:11","slug":"krim-politiet-vitner-varslet-om-voldshendelse-ved-t-banestasjon-leter-etter-navngitte-personer","status":"publish","type":"post","link":"https:\/\/www.europesays.com\/no\/56254\/","title":{"rendered":"Krim, Politiet | Vitner varslet om voldshendelse ved T-banestasjon: \u2013 Leter etter navngitte personer"},"content":{"rendered":"\n<p>\u2013 Vi fikk flere meldinger om en voldshendelse ute ved T-banestasjonen. Vi fors\u00f8ker \u00e5 lokaliserer involverte personer. Per n\u00e5 fremst\u00e5r det som en konfrontasjon mellom to parter, opplyser operasjonsleder Eirik Sannes.<\/p>\n<p><b>Det var flere vitner til hendelsen, som ogs\u00e5 ringte politiet. <\/b><\/p>\n<p>Alle de involverte har stukket av fra stedet.<\/p>\n<p>\u2013 Vi er der fortsatt og gj\u00f8r unders\u00f8kelser, sier operasjonleder Sannes til AO.<\/p>\n<p>Han vil ikke si noe om hvor mange de s\u00f8ker etter. Han vil heller ikke g\u00e5 ut med alder mens s\u00f8ket p\u00e5g\u00e5r.<\/p>\n<p><b>\u2013 Politiet har spor som vi f\u00f8lger opp og pr\u00f8ver \u00e5 f\u00e5 tak i navngitte personer. Vi har ikke kommet i kontakt med noen forn\u00e6rmede eller skadde, sier Sannes. <\/b><\/p>\n<p>S\u00f8ket etter gjerningspersoner foreg\u00e5r p\u00e5 B\u00f8ler og i nabobydelene.<\/p>\n<p>Innsatsleder Kristian Digranes sier til AO klokken 09.50 at de fremdeles har lite informasjon. Meldingen til politiet kom fra Oslo Sporveier.<\/p>\n<p>   <img decoding=\"async\" width=\"5712\" height=\"4284\" fetchpriority=\"low\"  loading=\"lazy\"  src=\"https:\/\/www.europesays.com\/no\/wp-content\/uploads\/2025\/10\/photo+%282%29.jpg\" alt=\"\" class=\"brick-c-cFOWSL\" style=\"--brick-image-ratio: 5712 \/ 4284;\"\/><\/p>\n<p>    Innsatsleder Kristian Digranes p\u00e5 stedet.<br \/>\n    Foto: Marie Wilberg \/ Avisa Oslo\n  <\/p>\n<p><b>\u2013 Det har v\u00e6rt en mulig voldshendelse p\u00e5 en T-bane. Vi har ikke kommet i kontakt med forn\u00e6rme, vi har heller ikke kommet i kontakt med potensielle mistenkte. Vi jobber n\u00e5 veldig bredt med vitner og andre i omr\u00e5det som kan ha sett eller h\u00f8rt noe.<\/b><\/p>\n<p>Han legger til at de ogs\u00e5 er i omr\u00e5det for \u00e5 trygge innbyggere, og p\u00e5peker at det ikke er noen fare for barnehager, skoler eller andre i omr\u00e5det.<\/p>\n<p><b>LES OGS\u00c5:<\/b><\/p>\n<p>  <a href=\"https:\/\/www.ao.no\/5-128-1164237\" class=\"related-teaser has-image default-story-teaser article--c-eRUmMG article--c-eRUmMG-jKCPdD-design-default\" rel=\"nofollow noopener\" target=\"_blank\"><\/p>\n<p>    <img decoding=\"async\" loading=\"lazy\"  src=\"https:\/\/www.europesays.com\/no\/wp-content\/uploads\/2025\/10\/Skjermbilde+2025-10-07+122701.png\" alt=\"\" class=\"brick-c-cFOWSL\" style=\"\"\/><\/p>\n<p>\n            Les ogs\u00e5<\/p>\n<p>              Huset selges for tredje gang p\u00e5 ett \u00e5r \u2013 ellevilt prishopp\n        <\/p>\n<p>  <\/a><\/p>\n<p>  <a href=\"https:\/\/www.ao.no\/5-128-1164052\" class=\"related-teaser has-image default-story-teaser article--c-eRUmMG article--c-eRUmMG-jKCPdD-design-default\" rel=\"nofollow noopener\" target=\"_blank\"><\/p>\n<p>    <img decoding=\"async\" loading=\"lazy\"  src=\"https:\/\/www.europesays.com\/no\/wp-content\/uploads\/2025\/10\/495072057_563454003466887_6460150757331956731_n.jpg\" alt=\"\" class=\"brick-c-cFOWSL\" style=\"\"\/><\/p>\n<p>\n            Les ogs\u00e5<\/p>\n<p>              Byr\u00e5det innkaller til ekstraordin\u00e6rt m\u00f8te om barn involvert i alvorlig kriminalitet\n        <\/p>\n<p>  <\/a><\/p>\n","protected":false},"excerpt":{"rendered":"\u2013 Vi fikk flere meldinger om en voldshendelse ute ved T-banestasjonen. Vi fors\u00f8ker \u00e5 lokaliserer involverte personer. Per&hellip;\n","protected":false},"author":2,"featured_media":56255,"comment_status":"","ping_status":"","sticky":false,"template":"","format":"standard","meta":{"footnotes":""},"categories":[10],"tags":[36,8428,20,21,24,25,15,983,22,23,13,30,28,29,14,16,468,1510,26,27],"class_list":{"0":"post-56254","1":"post","2":"type-post","3":"status-publish","4":"format-standard","5":"has-post-thumbnail","7":"category-norge","8":"tag-art","9":"tag-boler","10":"tag-breaking-news","11":"tag-breakingnews","12":"tag-featured-news","13":"tag-featurednews","14":"tag-headlines","15":"tag-krim","16":"tag-latest-news","17":"tag-latestnews","18":"tag-news","19":"tag-no","20":"tag-norge","21":"tag-norway","22":"tag-nyheter","23":"tag-overskrifter","24":"tag-politiet","25":"tag-story","26":"tag-top-stories","27":"tag-topstories"},"share_on_mastodon":{"url":"","error":""},"_links":{"self":[{"href":"https:\/\/www.europesays.com\/no\/wp-json\/wp\/v2\/posts\/56254","targetHints":{"allow":["GET"]}}],"collection":[{"href":"https:\/\/www.europesays.com\/no\/wp-json\/wp\/v2\/posts"}],"about":[{"href":"https:\/\/www.europesays.com\/no\/wp-json\/wp\/v2\/types\/post"}],"author":[{"embeddable":true,"href":"https:\/\/www.europesays.com\/no\/wp-json\/wp\/v2\/users\/2"}],"replies":[{"embeddable":true,"href":"https:\/\/www.europesays.com\/no\/wp-json\/wp\/v2\/comments?post=56254"}],"version-history":[{"count":0,"href":"https:\/\/www.europesays.com\/no\/wp-json\/wp\/v2\/posts\/56254\/revisions"}],"wp:featuredmedia":[{"embeddable":true,"href":"https:\/\/www.europesays.com\/no\/wp-json\/wp\/v2\/media\/56255"}],"wp:attachment":[{"href":"https:\/\/www.europesays.com\/no\/wp-json\/wp\/v2\/media?parent=56254"}],"wp:term":[{"taxonomy":"category","embeddable":true,"href":"https:\/\/www.europesays.com\/no\/wp-json\/wp\/v2\/categories?post=56254"},{"taxonomy":"post_tag","embeddable":true,"href":"https:\/\/www.europesays.com\/no\/wp-json\/wp\/v2\/tags?post=56254"}],"curies":[{"name":"wp","href":"https:\/\/api.w.org\/{rel}","templated":true}]}}