{"id":56300,"date":"2025-10-09T09:23:09","date_gmt":"2025-10-09T09:23:09","guid":{"rendered":"https:\/\/www.europesays.com\/no\/56300\/"},"modified":"2025-10-09T09:23:09","modified_gmt":"2025-10-09T09:23:09","slug":"tynset-tolga-moderniserer-mobilnettet-i-tre-dager-det-kan-fa-konsekvenser","status":"publish","type":"post","link":"https:\/\/www.europesays.com\/no\/56300\/","title":{"rendered":"Tynset, Tolga | Moderniserer mobilnettet i tre dager \u2013 det kan f\u00e5 konsekvenser"},"content":{"rendered":"\n<p>Tynset kommune har p\u00e5 sin hjemmeside lagt ut informasjon om at Telenor skal modernisere sitt mobilnett i b\u00e5de Tynset og i Tolga.<\/p>\n<p>Dette skjer ved at basestasjonene oppgraderes, og det er snakk om en basestasjon i v\u00e5rt omr\u00e5de.<\/p>\n<p>\u2013 I omr\u00e5det denne basestasjonen dekker, vil det under oppgraderingen v\u00e6re lavere kapasitet og i perioder ingen dekning. Dette gjelder kun i omr\u00e5der der en ikke har overlappende dekning fra en annen basestasjon, skriver kommunen.<\/p>\n<p>Planlagt oppstart p\u00e5 en basestasjoner satt til 20. oktober, og arbeidet er forventet ferdigstilt 23. oktober.<\/p>\n<p>  <a href=\"https:\/\/www.retten.no\/5-44-1059045\" class=\"related-teaser default-story-teaser article--c-eRUmMG article--c-eRUmMG-jKCPdD-design-default article--c-eRUmMG-kpKLOW-cv\" wp_automatic_readability=\"1\" rel=\"nofollow noopener\" target=\"_blank\"><\/p>\n<p>    For abonnenter<\/p>\n<p>\n            Les ogs\u00e5<\/p>\n<p>  Mobilnettet forsvant i hele Fjellregionen &#8211; mandag har nesten alle dekning<\/p>\n<p>  <\/a><\/p>\n<p>  <a href=\"https:\/\/www.retten.no\/5-44-1058961\" class=\"related-teaser has-image default-story-teaser article--c-eRUmMG article--c-eRUmMG-jKCPdD-design-default\" wp_automatic_readability=\"1\" rel=\"nofollow noopener\" target=\"_blank\"><\/p>\n<p>    For abonnenter<\/p>\n<p>    <img decoding=\"async\" loading=\"lazy\"  src=\"https:\/\/www.europesays.com\/no\/wp-content\/uploads\/2025\/10\/1760001789_157_image001+%281%29.png\" alt=\"\" class=\"brick-c-cFOWSL\" style=\"\"\/><\/p>\n<p>\n            Les ogs\u00e5<\/p>\n<p>  Store deler av Fjellregionen er fortsatt uten mobildekning<\/p>\n<p>  <\/a><\/p>\n","protected":false},"excerpt":{"rendered":"Tynset kommune har p\u00e5 sin hjemmeside lagt ut informasjon om at Telenor skal modernisere sitt mobilnett i b\u00e5de&hellip;\n","protected":false},"author":2,"featured_media":56301,"comment_status":"","ping_status":"","sticky":false,"template":"","format":"standard","meta":{"footnotes":""},"categories":[56],"tags":[36,60,61,5873,62,30,28,29,1510,1418,4176,4177],"class_list":{"0":"post-56300","1":"post","2":"type-post","3":"status-publish","4":"format-standard","5":"has-post-thumbnail","7":"category-naeringsliv","8":"tag-art","9":"tag-business","10":"tag-economy","11":"tag-mobilnett","12":"tag-naeringsliv","13":"tag-no","14":"tag-norge","15":"tag-norway","16":"tag-story","17":"tag-telenor","18":"tag-tolga","19":"tag-tynset"},"share_on_mastodon":{"url":"","error":""},"_links":{"self":[{"href":"https:\/\/www.europesays.com\/no\/wp-json\/wp\/v2\/posts\/56300","targetHints":{"allow":["GET"]}}],"collection":[{"href":"https:\/\/www.europesays.com\/no\/wp-json\/wp\/v2\/posts"}],"about":[{"href":"https:\/\/www.europesays.com\/no\/wp-json\/wp\/v2\/types\/post"}],"author":[{"embeddable":true,"href":"https:\/\/www.europesays.com\/no\/wp-json\/wp\/v2\/users\/2"}],"replies":[{"embeddable":true,"href":"https:\/\/www.europesays.com\/no\/wp-json\/wp\/v2\/comments?post=56300"}],"version-history":[{"count":0,"href":"https:\/\/www.europesays.com\/no\/wp-json\/wp\/v2\/posts\/56300\/revisions"}],"wp:featuredmedia":[{"embeddable":true,"href":"https:\/\/www.europesays.com\/no\/wp-json\/wp\/v2\/media\/56301"}],"wp:attachment":[{"href":"https:\/\/www.europesays.com\/no\/wp-json\/wp\/v2\/media?parent=56300"}],"wp:term":[{"taxonomy":"category","embeddable":true,"href":"https:\/\/www.europesays.com\/no\/wp-json\/wp\/v2\/categories?post=56300"},{"taxonomy":"post_tag","embeddable":true,"href":"https:\/\/www.europesays.com\/no\/wp-json\/wp\/v2\/tags?post=56300"}],"curies":[{"name":"wp","href":"https:\/\/api.w.org\/{rel}","templated":true}]}}