{"id":56314,"date":"2025-10-09T09:41:48","date_gmt":"2025-10-09T09:41:48","guid":{"rendered":"https:\/\/www.europesays.com\/no\/56314\/"},"modified":"2025-10-09T09:41:48","modified_gmt":"2025-10-09T09:41:48","slug":"martin-odegaard-besokte-landslaget-for-norge","status":"publish","type":"post","link":"https:\/\/www.europesays.com\/no\/56314\/","title":{"rendered":"Martin \u00d8degaard bes\u00f8kte landslaget f\u00f8r Norge"},"content":{"rendered":"\n<p class=\"_lead_1994c_2 _lead_xtcu6_50 layout-component text-serif-m layout-normal text-serif-l layout-component layout-wide layout-padded _wide_17hqh_1 layout-padded\">Landslagsspillerne fikk lunsjbes\u00f8k av kaptein Martin \u00d8degaard. <\/p>\n<p><img alt=\" Foto: Fredrik Varfjell \/ NTB\" class=\"_image_qp4xg_65 layout-component layout-wide\" data-fullscreen- data-track-element-type=\"Article image fullscreen\" data-track-name=\"ImageFullscreen\" fetchpriority=\"high\" decoding=\"sync\" loading=\"eager\" height=\"2172\" itemprop=\"image\"  src=\"https:\/\/www.europesays.com\/no\/wp-content\/uploads\/2025\/10\/bbb4172b-6e25-4f04-8c71-4745c238aab5\"  style=\"object-position:0% 0%\" width=\"3258\"\/> Foto: Fredrik Varfjell \/ NTBStoro Oppdatert torsdag 9. oktober kl. 11:36    <\/p>\n<ul class=\"_list_1994c_3 _list_64s2r_85 _unordered_1994c_105 text-sans-m\">\n<li class=\"_item_1994c_30\">Martin \u00d8degaard, ute med kneskade etter West Ham-kampen, bes\u00f8kte landslaget torsdag, bekrefter St\u00e5le Solbakken.<\/li>\n<li class=\"_item_1994c_30\">Kapteinen blir med rundt laget i den viktige kampen l\u00f8rdag, men det finnes ingen dato for comeback; Oscar Bobb blir trolig erstatter.<\/li>\n<li class=\"_item_1994c_30\">Andreas Schjelderup kaller \u00d8degaard ydmyk og \u00abumulig \u00e5 erstatte\u00bb.<\/li>\n<\/ul>\n<p>Vis mer <\/p>\n<p class=\"_paragraph_1994c_4 _paragraph_xtcu6_10 layout-component text-serif-m layout-normal text-serif-m layout-padded\">Det bekreftet landslagssjef <a href=\"https:\/\/www.vg.no\/tag\/staale-solbakken?utm_source=vg-article&amp;utm_medium=auto-tagger&amp;utm_campaign=GyoOBq\" class=\"_link_1994c_39\" rel=\"nofollow noopener\" target=\"_blank\">St\u00e5le Solbakken<\/a> p\u00e5 en pressekonferanse torsdag.<\/p>\n<p class=\"_paragraph_1994c_4 _paragraph_xtcu6_10 layout-component text-serif-m layout-normal text-serif-m layout-padded\">\u2013 Han var her og s\u00e5 litt p\u00e5, og hadde en god lunsj med gutta.<\/p>\n<p class=\"_paragraph_1994c_4 _paragraph_xtcu6_10 layout-component text-serif-m layout-normal text-serif-m layout-padded\">\u2013 Blir han med inn i garderoben f\u00f8r kampen? sp\u00f8r VG.<\/p>\n<p class=\"_paragraph_1994c_4 _paragraph_xtcu6_10 layout-component text-serif-m layout-normal text-serif-m layout-padded\">\u2013 Vi avtalte ikke det. Han kommer p\u00e5 kampen. Hva han gj\u00f8r eller ikke gj\u00f8r har vi ikke avtalt, men han kommer helt sikkert inn, svarer Solbakken.<\/p>\n<p class=\"_paragraph_1994c_4 _paragraph_xtcu6_10 layout-component text-serif-m layout-normal text-serif-m layout-padded\">\u00d8degaard p\u00e5dro seg en kneskade under Premier League-kampen mot West Ham forrige l\u00f8rdag. <\/p>\n<p class=\"_paragraph_1994c_4 _paragraph_xtcu6_10 layout-component text-serif-m layout-normal text-serif-m layout-padded\">Det har gjort at Norges kaptein ikke er en del av troppen til den p\u00e5g\u00e5ende landslagssamlingen. <\/p>\n<p class=\"_paragraph_1994c_4 _paragraph_xtcu6_10 layout-component text-serif-m layout-normal text-serif-m layout-padded\">Solbakken bekrefter at \u00d8degaard var p\u00e5 plass med landslaget og spiste lunsj f\u00f8r torsdagens pressekonferanse. <\/p>\n<p class=\"_paragraph_1994c_4 _paragraph_xtcu6_10 layout-component text-serif-m layout-normal text-serif-m layout-padded\">Kapteinens tilstedev\u00e6relse har mye \u00e5 si if\u00f8lge Solbakken.  <\/p>\n<p class=\"_paragraph_1994c_4 _paragraph_xtcu6_10 layout-component text-serif-m layout-normal text-serif-m layout-padded\">\u2013 Martin er en stor del av oss, han er kapteinen v\u00e5r selv om han ikke spiller, sier Solbakken. <\/p>\n<p class=\"_paragraph_1994c_4 _paragraph_xtcu6_10 layout-component text-serif-m layout-normal text-serif-m layout-padded\">Oscar Bobb (22) blir trolig \u00d8degaards erstatter i laget.<\/p>\n<p class=\"_paragraph_1994c_4 _paragraph_xtcu6_10 layout-component text-serif-m layout-normal text-serif-m layout-padded\">Landslagssjefen er klar p\u00e5 at det enn s\u00e5 lenge ikke er satt noe tidspunkt for n\u00e5r \u00d8degaard er tilbake i spill, men r\u00f8per at kapteinen kommer til \u00e5 v\u00e6re der for den sv\u00e6rt viktige kampen p\u00e5 l\u00f8rdag. <\/p>\n<p class=\"_paragraph_1994c_4 _paragraph_xtcu6_10 layout-component text-serif-m layout-normal text-serif-m layout-padded\">\u2013 Vi skulle gjerne hatt han p\u00e5 banen, men han er en god mann utenfor. En fin fyr som kan snakke fotball, og kan kan snakke om alt annet. Han er en trygghetsfaktor for gruppa, sier Solbakken. <\/p>\n<p><img decoding=\"async\" alt=\"Bilde av St\u00e5le Solbakken\" class=\"_image_ygndg_42\" height=\"60\" itemprop=\"image\" loading=\"lazy\"  src=\"https:\/\/www.europesays.com\/no\/wp-content\/uploads\/2025\/10\/01db082b-7dd4-4f21-9097-083b62e36a06\"  width=\"40\"\/><strong class=\"_name_ygndg_51 title-serif-xs\">St\u00e5le Solbakken<\/strong><\/p>\n<p class=\"_paragraph_1994c_4 text-sans-m _description_ygndg_56\">Landslagssjef, Norge. <\/p>\n<p class=\"_paragraph_1994c_4 _paragraph_xtcu6_10 layout-component text-serif-m layout-normal text-serif-m layout-padded\">Andreas Schjelderup beskriver \u00d8degaard som ydmyk, og en god person \u00e5 ha i garderoben. <\/p>\n<p class=\"_paragraph_1994c_4 _paragraph_xtcu6_10 layout-component text-serif-m layout-normal text-serif-m layout-padded\">Benfica-spilleren legger likevel ikke skjul p\u00e5 at det er en utfordring \u00e5 ikke ha \u00d8degaard ute p\u00e5 banen. <\/p>\n<p class=\"_paragraph_1994c_4 _paragraph_xtcu6_10 layout-component text-serif-m layout-normal text-serif-m layout-padded\">\u2013 Det er umulig \u00e5 erstatte han en til en. Alle vet selvf\u00f8lgelig hvor god han er, men det handler om \u00e5 klare seg uten han ogs\u00e5, klare \u00e5 f\u00f8lge opp med de egenskapene han har, og utfylle det mest mulig, sier Schjelderup til VG.<\/p>\n<p><img alt=\"Andreas Schjelderup p\u00e5 pressetreff torsdag.  Foto: Terje Pedersen \/ NTB\" class=\"_image_qp4xg_65 layout-component layout-normal\" data-fullscreen- data-track-element-type=\"Article image fullscreen\" data-track-name=\"ImageFullscreen\" decoding=\"async\" loading=\"lazy\" height=\"3616\" itemprop=\"image\"  src=\"https:\/\/www.europesays.com\/no\/wp-content\/uploads\/2025\/10\/09aaae22-d19d-4ad2-a6f9-0916cdc2aa0d\"  style=\"object-position:0% 0%\" width=\"5424\"\/>Andreas Schjelderup p\u00e5 pressetreff torsdag.  Foto: Terje Pedersen \/ NTB    <\/p>\n","protected":false},"excerpt":{"rendered":"Landslagsspillerne fikk lunsjbes\u00f8k av kaptein Martin \u00d8degaard. Foto: Fredrik Varfjell \/ NTBStoro Oppdatert torsdag 9. oktober kl. 11:36&hellip;\n","protected":false},"author":2,"featured_media":56315,"comment_status":"","ping_status":"","sticky":false,"template":"","format":"standard","meta":{"footnotes":""},"categories":[59],"tags":[92,3163,181,30,28,29,83,82,1387],"class_list":{"0":"post-56314","1":"post","2":"type-post","3":"status-publish","4":"format-standard","5":"has-post-thumbnail","7":"category-sport","8":"tag-fotball","9":"tag-herrelandslaget-fotball","10":"tag-martin-odegaard","11":"tag-no","12":"tag-norge","13":"tag-norway","14":"tag-sport","15":"tag-sports","16":"tag-stale-solbakken"},"share_on_mastodon":{"url":"","error":""},"_links":{"self":[{"href":"https:\/\/www.europesays.com\/no\/wp-json\/wp\/v2\/posts\/56314","targetHints":{"allow":["GET"]}}],"collection":[{"href":"https:\/\/www.europesays.com\/no\/wp-json\/wp\/v2\/posts"}],"about":[{"href":"https:\/\/www.europesays.com\/no\/wp-json\/wp\/v2\/types\/post"}],"author":[{"embeddable":true,"href":"https:\/\/www.europesays.com\/no\/wp-json\/wp\/v2\/users\/2"}],"replies":[{"embeddable":true,"href":"https:\/\/www.europesays.com\/no\/wp-json\/wp\/v2\/comments?post=56314"}],"version-history":[{"count":0,"href":"https:\/\/www.europesays.com\/no\/wp-json\/wp\/v2\/posts\/56314\/revisions"}],"wp:featuredmedia":[{"embeddable":true,"href":"https:\/\/www.europesays.com\/no\/wp-json\/wp\/v2\/media\/56315"}],"wp:attachment":[{"href":"https:\/\/www.europesays.com\/no\/wp-json\/wp\/v2\/media?parent=56314"}],"wp:term":[{"taxonomy":"category","embeddable":true,"href":"https:\/\/www.europesays.com\/no\/wp-json\/wp\/v2\/categories?post=56314"},{"taxonomy":"post_tag","embeddable":true,"href":"https:\/\/www.europesays.com\/no\/wp-json\/wp\/v2\/tags?post=56314"}],"curies":[{"name":"wp","href":"https:\/\/api.w.org\/{rel}","templated":true}]}}