{"id":56330,"date":"2025-10-09T09:59:09","date_gmt":"2025-10-09T09:59:09","guid":{"rendered":"https:\/\/www.europesays.com\/no\/56330\/"},"modified":"2025-10-09T09:59:09","modified_gmt":"2025-10-09T09:59:09","slug":"dronning-mary-avslorer-livet-bak-den-kongelige-fasaden","status":"publish","type":"post","link":"https:\/\/www.europesays.com\/no\/56330\/","title":{"rendered":"Dronning Mary avsl\u00f8rer livet bak den kongelige fasaden"},"content":{"rendered":"<p class=\"kicker \" style=\"\">Dronning Mary:\u00a0<\/p>\n<p>  I et nytt intervju avsl\u00f8rer dronningen detaljer om livet bak fasaden i de kongelige rekkene.\u00a0<\/p>\n<p>\n    DRONNING: Mary er dronning av Danmark gjennom sitt ekteskap med kong Frederik. Her f\u00f8r en middag i anledning 25-\u00e5rsjubileet for De nordiske ambassader i Berlin. Foto: dts News Agency Germany\/Shutterstock via NTB\n  <\/p>\n<p> <a href=\"https:\/\/www.seher.no\/kongelig\/dette-skal-hun-kalles-na\/80751050\" rel=\"nofollow noopener\" target=\"_blank\">I slutten av 2023 fikk Danmark ny monark<\/a>. Kong Frederik (56) overtok tronen etter sin mor, dronning Margrethe, som abdiserte etter hele 50 \u00e5r som regent.\u00a0<\/p>\n<p>    <a itemprop=\"url\" href=\"https:\/\/www.seher.no\/kjendis\/blir-hemmeligheten-avslort-her\/83688772\" rel=\"nofollow noopener\" target=\"_blank\"><\/p>\n<p>      <img loading=\"lazy\" decoding=\"async\" src=\"https:\/\/www.europesays.com\/no\/wp-content\/uploads\/2025\/10\/83689387.webp\" width=\"980\" height=\"441\" title=\"Blir hemmeligheten avsl\u00f8rt her?\" alt=\"\" class=\"lazyload\" style=\"--aspect-ratio-image: 2.22; \"\/><\/p>\n<p>        Blir hemmeligheten avsl\u00f8rt her?<\/p>\n<p>    <\/a><\/p>\n<p class=\"no_italic m-no_italic\" data-lab-italic=\"\">Ved hans side st\u00e5r dronning Mary (52), og etter snart to \u00e5r som dronning letter hun n\u00e5 p\u00e5 sl\u00f8ret om livet bak tittelen i et nytt intervju med magasinet\u00a0<a href=\"https:\/\/www.udogse.dk\/dronning-mary\/\" style=\"font-size: 18px; font-weight: 400; font-family: Roboto, helvetica, arial, sans-serif;\" rel=\"nofollow noopener\" target=\"_blank\">Ud &amp; Se<\/a>.\u00a0\u00a0\u00a0<\/p>\n<p>V\u00e6re seg selv\t<\/p>\n<p>&#8211; Det er ikke enkelt \u00e5 trekke seg unna og bare forsvinne litt, sier den danske dronningen.<\/p>\n<p>          <img loading=\"lazy\" decoding=\"async\" src=\"https:\/\/www.europesays.com\/no\/wp-content\/uploads\/2025\/10\/83694784.webp\" width=\"686\" height=\"460\" title=\"KONGEPAR: Dronning Mary og kong Frederik p\u00e5 innsettelsen av han som ny regent. Foto: Shutterstock via NTB\" alt=\"\" class=\"\" style=\"--aspect-ratio-image: 1.49; \"\/><\/p>\n<p>\n          KONGEPAR: Dronning Mary og kong Frederik p\u00e5 innsettelsen av han som ny regent. Foto: Shutterstock via NTB\n      <\/p>\n<p>Mary forteller at hun, til tross for den nye rollen som landets dronning, fors\u00f8ker \u00e5 finne \u00f8yeblikk hvor hun kan v\u00e6re seg selv, uten titler, fotografer og livvakter.<\/p>\n<p>\u00a0&#8211; Med all sikkerheten er det jo ikke lett. Men noen ganger lykkes det \u00e5 komme seg ut og kjenne litt p\u00e5 gatelivet, og det setter jeg stor pris p\u00e5, sier hun.<\/p>\n<p>        \u00abSKAL VI DANSE\u00bb: Trygve Bennetsen ber om hjelp til dette. Video: R\u00f8d L\u00f8per\/Thea Hope\/Nora Skavhaug<\/p>\n<p>Livet f\u00f8r kongehuset\t<\/p>\n<p>Dronning Mary ble f\u00f8dt som Mary Elizabeth Donaldson i Australia, langt unna det danske kongehus og de pliktene rojal status medf\u00f8rer-<\/p>\n<p><a href=\"https:\/\/www.seher.no\/kongelig\/jorden-rundt-for-a-skvaere-opp\/80642412\" rel=\"nofollow noopener\" target=\"_blank\">Hun m\u00f8tte dav\u00e6rende kronprins Frederik under OL i Sydney i 2000<\/a>, et m\u00f8te som skulle forandre livet hennes. Paret giftet seg fire \u00e5r senere, og Mary ble dermed en del av det danske kongehuset.<\/p>\n<p>          <img loading=\"lazy\" decoding=\"async\" src=\"https:\/\/www.europesays.com\/no\/wp-content\/uploads\/2025\/10\/83694880.webp\" width=\"686\" height=\"796\" title=\"DEN GANG DA: En ung kronprins Fredrik med sin nye kj\u00e6reste Mary Donaldson deltar p\u00e5 et arrangement i 2002. Foto: Keld Navntoft \/ NTB\" alt=\"\" class=\"\" style=\"--aspect-ratio-image: 0.86; \"\/><\/p>\n<p>\n          DEN GANG DA: En ung kronprins Fredrik med sin nye kj\u00e6reste Mary Donaldson deltar p\u00e5 et arrangement i 2002. Foto: Keld Navntoft \/ NTB\n      <\/p>\n<p>I motsetning til ektemannen, levde Mary et vanlig liv fram til de m\u00f8ttes med jobb i reklamebransjen og et liv utenfor rampelyset.<\/p>\n<p>Bak tittelen\t<\/p>\n<p>I intervjuet reflekterer Mary ogs\u00e5 over forskjellen mellom Dronning Mary og kvinnen bak tittelen.<\/p>\n<p>          <img loading=\"lazy\" decoding=\"async\" src=\"https:\/\/www.europesays.com\/no\/wp-content\/uploads\/2025\/10\/83694902.webp\" width=\"686\" height=\"460\" title=\"MOR OG S\u00d8NN: Dronning Mary sammen med sin eldste s\u00f8nn kronprins Christian (19). Foto: RITZAU SCANPIX via NTB\" alt=\"\" class=\"\" style=\"--aspect-ratio-image: 1.49; \"\/><\/p>\n<p>\n          MOR OG S\u00d8NN: Dronning Mary sammen med sin eldste s\u00f8nn kronprins Christian (19). Foto: RITZAU SCANPIX via NTB\n      <\/p>\n<p>&#8211; Jeg mener at jeg er den jeg er. Men vi har jo alle forskjellige sider av oss selv, som kommer fram avhengig av omstendighetene. Man kan ha en mer polert versjon, som n\u00e5r noen har gjort ekstra pent i stand fordi de f\u00e5r fint bes\u00f8k. Og s\u00e5 er det den mer avslappede versjonen. Men jeg er fortsatt den samme, forteller hun.<\/p>\n","protected":false},"excerpt":{"rendered":"Dronning Mary:\u00a0 I et nytt intervju avsl\u00f8rer dronningen detaljer om livet bak fasaden i de kongelige rekkene.\u00a0 DRONNING:&hellip;\n","protected":false},"author":2,"featured_media":56331,"comment_status":"","ping_status":"","sticky":false,"template":"","format":"standard","meta":{"footnotes":""},"categories":[12],"tags":[20,21,5818,24,25,15,479,2543,5817,8433,22,23,13,30,28,29,14,16,26,27,42,43,44,45],"class_list":{"0":"post-56330","1":"post","2":"type-post","3":"status-publish","4":"format-standard","5":"has-post-thumbnail","7":"category-verden","8":"tag-breaking-news","9":"tag-breakingnews","10":"tag-dronning-mary","11":"tag-featured-news","12":"tag-featurednews","13":"tag-headlines","14":"tag-kjendis","15":"tag-kjendisdesken","16":"tag-kong-frederik","17":"tag-kronprins-christian","18":"tag-latest-news","19":"tag-latestnews","20":"tag-news","21":"tag-no","22":"tag-norge","23":"tag-norway","24":"tag-nyheter","25":"tag-overskrifter","26":"tag-top-stories","27":"tag-topstories","28":"tag-verden","29":"tag-world","30":"tag-world-news","31":"tag-worldnews"},"share_on_mastodon":{"url":"","error":""},"_links":{"self":[{"href":"https:\/\/www.europesays.com\/no\/wp-json\/wp\/v2\/posts\/56330","targetHints":{"allow":["GET"]}}],"collection":[{"href":"https:\/\/www.europesays.com\/no\/wp-json\/wp\/v2\/posts"}],"about":[{"href":"https:\/\/www.europesays.com\/no\/wp-json\/wp\/v2\/types\/post"}],"author":[{"embeddable":true,"href":"https:\/\/www.europesays.com\/no\/wp-json\/wp\/v2\/users\/2"}],"replies":[{"embeddable":true,"href":"https:\/\/www.europesays.com\/no\/wp-json\/wp\/v2\/comments?post=56330"}],"version-history":[{"count":0,"href":"https:\/\/www.europesays.com\/no\/wp-json\/wp\/v2\/posts\/56330\/revisions"}],"wp:featuredmedia":[{"embeddable":true,"href":"https:\/\/www.europesays.com\/no\/wp-json\/wp\/v2\/media\/56331"}],"wp:attachment":[{"href":"https:\/\/www.europesays.com\/no\/wp-json\/wp\/v2\/media?parent=56330"}],"wp:term":[{"taxonomy":"category","embeddable":true,"href":"https:\/\/www.europesays.com\/no\/wp-json\/wp\/v2\/categories?post=56330"},{"taxonomy":"post_tag","embeddable":true,"href":"https:\/\/www.europesays.com\/no\/wp-json\/wp\/v2\/tags?post=56330"}],"curies":[{"name":"wp","href":"https:\/\/api.w.org\/{rel}","templated":true}]}}