{"id":56354,"date":"2025-10-09T10:26:14","date_gmt":"2025-10-09T10:26:14","guid":{"rendered":"https:\/\/www.europesays.com\/no\/56354\/"},"modified":"2025-10-09T10:26:14","modified_gmt":"2025-10-09T10:26:14","slug":"genoveva-casanovas-ekskjaereste-gifter-seg","status":"publish","type":"post","link":"https:\/\/www.europesays.com\/no\/56354\/","title":{"rendered":"Genoveva Casanovas ekskj\u00e6reste gifter seg"},"content":{"rendered":"<p>Kj\u00e6rligheten blomstret for fullt i Sevilla i helgen da hertug\u00a0Cayetano Martinez (62), som tidligere har v\u00e6rt gift med kong Frederiks (57) p\u00e5st\u00e5tte elskerinne Genoveva Casanova (48), giftet seg p\u00e5 nytt &#8211; med 33 \u00e5r yngre B\u00e1rbara Mirjan (29)!<\/p>\n<p>Det har f\u00e5tt mange spanjoler til \u00e5 sperre \u00f8ynene opp. Likevel har ikke det satt noen begrensninger i brudeparets kj\u00e6rlighet.<\/p>\n<p>    <a itemprop=\"url\" href=\"https:\/\/www.seher.no\/kongelig\/fikk-kalde-fotter\/83690339\" rel=\"nofollow noopener\" target=\"_blank\"><\/p>\n<p>      <img loading=\"lazy\" decoding=\"async\" src=\"https:\/\/www.europesays.com\/no\/wp-content\/uploads\/2025\/10\/1760005568_148_83690696.webp\" width=\"147\" height=\"98\" title=\"- Fikk kalde f\u00f8tter\" alt=\"\" class=\"lazyload\" style=\"--aspect-ratio-image: 1.50; \"\/><\/p>\n<p>        &#8211; Fikk kalde f\u00f8tter<\/p>\n<p>    <\/a><\/p>\n<p class=\"font-weight-bold m-font-weight-bold\" data-lab-font_weight=\"font-weight-bold\">&#8211; Jeg er full av lykke. Virkelig. Jeg er utrolig lykkelig. Cayetano er mitt livs kj\u00e6rlighet, sa den 29 \u00e5r gamle bruden til det spanske mediet <a href=\"https:\/\/www.hola.com\/actualidad\/20251008860188\/primeras-palabras-barbara-mirjan-tras-boda-con-cayetano-martinez-de-irujo-cayetana-estuvo-presente\/\" rel=\"nofollow noopener\" target=\"_blank\">Hola!<\/a> som var til stede under vielsen.<\/p>\n<p>          <img loading=\"lazy\" decoding=\"async\" src=\"https:\/\/www.europesays.com\/no\/wp-content\/uploads\/2025\/10\/83696780.webp\" width=\"686\" height=\"995\" title=\"STOR DAG: Etter ni \u00e5r som kj\u00e6rester ga B\u00e1rbara og Cayetano endelig hverandre sitt ja. Foto: GTRES \/ Shutterstock \/ NTB\" alt=\"\" class=\"\" style=\"--aspect-ratio-image: 0.69; \"\/><\/p>\n<p>\n          STOR DAG: Etter ni \u00e5r som kj\u00e6rester ga B\u00e1rbara og Cayetano endelig hverandre sitt ja. Foto: GTRES \/ Shutterstock \/ NTB\n      <\/p>\n<p>Cayetano kommer fra en av de mest ber\u00f8mte og rike aristokratiske familiene i Spania, og bryllupet samlet det meste av hertugens familie, samt andre celebriteter.<\/p>\n<p>Den store dagen skal ha v\u00e6rt preget av glede og feststemning, og brudeparet str\u00e5lte av lykke gjennom hele dagen.\u00a0<\/p>\n<p>          <img loading=\"lazy\" decoding=\"async\" src=\"https:\/\/www.europesays.com\/no\/wp-content\/uploads\/2025\/10\/83696676.webp\" width=\"686\" height=\"748\" title=\"EKSER: Genoveva og Cayetano giftet seg i 2005. Gjennom ekteskapet fikk Genoveva b\u00e5de tittelen grevinne og hertuginne, noe som ga henne \u00f8kt status i Spania. Foto: Oscar Gonzalez \/ NurPhoto \/ Shutterstock \/ NTB\" alt=\"\" class=\"\" style=\"--aspect-ratio-image: 0.92; \"\/><\/p>\n<p>\n          EKSER: Genoveva og Cayetano giftet seg i 2005. Gjennom ekteskapet fikk Genoveva b\u00e5de tittelen grevinne og hertuginne, noe som ga henne \u00f8kt status i Spania. Foto: Oscar Gonzalez \/ NurPhoto \/ Shutterstock \/ NTB\n      <\/p>\n<p>For hertugen var det en helt spesiell dag &#8211; han kunne endelig gifte seg med kvinnen han har kalt sitt livs kj\u00e6rlighet etter flere \u00e5r med motgang.<\/p>\n<p>    <a itemprop=\"url\" href=\"https:\/\/www.seher.no\/kongelig\/soker-hjelp\/83685815\" rel=\"nofollow noopener\" target=\"_blank\"><\/p>\n<p>      <img loading=\"lazy\" decoding=\"async\" src=\"https:\/\/www.europesays.com\/no\/wp-content\/uploads\/2025\/10\/1760005569_975_83688875.webp\" width=\"147\" height=\"98\" title=\"S\u00f8ker hjelp\" alt=\"\" class=\"lazyload\" style=\"--aspect-ratio-image: 1.50; \"\/><\/p>\n<p>        S\u00f8ker hjelp<\/p>\n<p>    <\/a><\/p>\n<p>Cayetano og B\u00e1rbara har nemlig kjent hverandre siden sommeren 2016, og har m\u00e5ttet g\u00e5 gjennom mye f\u00f8r de endelig kunne gifte seg i den spanske storbyen.\u00a0<\/p>\n<p>I l\u00f8pet av de ni \u00e5rene de har v\u00e6rt sammen, har paret m\u00f8tt p\u00e5 flere utfordringer &#8211; ikke minst for deres store alderforskjell p\u00e5 33 \u00e5r.<\/p>\n<p>          <img loading=\"lazy\" decoding=\"async\" src=\"https:\/\/www.europesays.com\/no\/wp-content\/uploads\/2025\/10\/83696787.webp\" width=\"686\" height=\"474\" title=\"HEST OG KJERRE: Brudeparet ble kj\u00f8rt med hest og kjerre gjennom Sevillas gater. Foto: JON ARRILLAGA \/ GTRES \/ Shutterstock \/ NTB\" alt=\"\" class=\"\" style=\"--aspect-ratio-image: 1.45; \"\/><\/p>\n<p>\n          HEST OG KJERRE: Brudeparet ble kj\u00f8rt med hest og kjerre gjennom Sevillas gater. Foto: JON ARRILLAGA \/ GTRES \/ Shutterstock \/ NTB\n      <\/p>\n<p>Hertugen har ogs\u00e5 hatt sine helseproblemer opp gjennom \u00e5rene, og har gjennomg\u00e5tt elleve operasjoner, if\u00f8lge danske <a href=\"https:\/\/www.seoghoer.dk\/kendte\/han-er-62-hun-er-29-genoveva-casanovas-eksmand-har-giftet-sig-igen\" rel=\"nofollow noopener\" target=\"_blank\">Se og H\u00f8r.<\/a>\u00a0Til tross for dette har han st\u00e5tt st\u00f8tt ved sin unge kj\u00e6restes side.\u00a0<\/p>\n<p>Men det er ikke bare hans egen helse som har krevd oppmerksomhet.<\/p>\n<p>        TURBULENT: Kongen diskuterer den nye Netflix dokumentaren til prinsesse M\u00e4rtha Louise og Durek Verrett. Video: NTB. <\/p>\n<p class=\"font-weight-bold m-font-weight-bold\" data-lab-font_weight=\"font-weight-bold\">Han har ogs\u00e5 v\u00e6rt en viktig st\u00f8ttespiller for ekskona Genoveva Casanova, som fortsatt er en av hans gode venner.<\/p>\n<p>Sammen har de to barn, tvillingene Luis og Amina (24), som selvf\u00f8lgelig deltok i bryllupet. Genoveva holdt seg derimot tilsynelatende unna eksmannens store dag, som ble fulgt tett av den spanske pressen.<\/p>\n<p>Det er ikke utenkelig at eks-modellen har f\u00e5tt nok av rampelyset etter at hun havnet i en stor skandale for to \u00e5r siden.\u00a0<\/p>\n<p>          <img loading=\"lazy\" decoding=\"async\" src=\"https:\/\/www.europesays.com\/no\/wp-content\/uploads\/2025\/10\/83696826.webp\" width=\"686\" height=\"693\" title=\"TVILLINGFORELDRE: Genoveva og Cayetano har tvillingene Luis og Amina sammen. Her er de avbildet p\u00e5 20-\u00e5rsdagen sin i 2021. I dag er de 24 \u00e5r gamle og bor og jobber i Storbritannia. Foto: Skjermbilde: @genoveva_casanova_official \/ Instagram\" alt=\"\" class=\"\" style=\"--aspect-ratio-image: 0.99; \"\/><\/p>\n<p>\n          TVILLINGFORELDRE: Genoveva og Cayetano har tvillingene Luis og Amina sammen. Her er de avbildet p\u00e5 20-\u00e5rsdagen sin i 2021. I dag er de 24 \u00e5r gamle og bor og jobber i Storbritannia. Foto: Skjermbilde: @genoveva_casanova_official \/ Instagram\n      <\/p>\n<p>Skandalen som rystet kongefamilien\t<\/p>\n<p>I november 2023 publiserte det spanske ukebladet Lecturas <a href=\"https:\/\/www.seher.no\/kjendis\/hvem-er-frederiks-mystiske-venninne\/80481005\" rel=\"nofollow noopener\" target=\"_blank\">bilder av dav\u00e6rende kronprins Frederik sammen med Genoveva.\u00a0<\/a><\/p>\n<p>        Genoveva Casanova bryter tausheten etter utroskapsryktene. Reporter: Caroline Vagle. Video: Se og H\u00f8r.<\/p>\n<p>Bildene skal ha blitt tatt under en kveld p\u00e5 byen i Madrid, og det ble ogs\u00e5 hevdet at Frederik overnattet hos Genoveva. Avsl\u00f8ringen skapte umiddelbart store overskrifter, og ble omtalt som en utroskapsskandale som rystet det danske kongehuset.<\/p>\n<p>          <img loading=\"lazy\" decoding=\"async\" src=\"https:\/\/www.europesays.com\/no\/wp-content\/uploads\/2025\/10\/83696748.webp\" width=\"686\" height=\"453\" title=\"KONGELIG SKANDALE: Frederiks forhold til Genoveva skapte overskrifter verden over. Foto: NTB\" alt=\"\" class=\"\" style=\"--aspect-ratio-image: 1.51; \"\/><\/p>\n<p>\n          KONGELIG SKANDALE: Frederiks forhold til Genoveva skapte overskrifter verden over. Foto: NTB\n      <\/p>\n<p>Genoveva avviste raskt alle rykter om et romantisk forhold til Frederik.\u00a0<\/p>\n<p class=\"font-weight-bold m-font-weight-bold\" data-lab-font_weight=\"font-weight-bold\">&#8211; Jeg benekter kategorisk utsagnene som antyder et romantisk forhold mellom kronprins Frederik og meg, sa hun til det spanske magasinet <a href=\"https:\/\/www.hola.com\/realeza\/casa_danesa\/20231107243127\/federico-dinamarca-genoveva-casanova-fotos-respuesta\/\" rel=\"nofollow noopener\" target=\"_blank\">Hola!<\/a><\/p>\n<p>Det danske kongehuset har p\u00e5 sin side, if\u00f8lge danske <a href=\"https:\/\/www.bt.dk\/royale\/fotografen-bag-billederne-af-kong-frederik-og-genoveva-casanova-staar-frem-og-afsloerer-spoejst-optrin\" rel=\"nofollow noopener\" target=\"_blank\">B.T.<\/a>, kalt Lecturas artikkel for \u00abrykter og insinuasjoner\u00bb, men har ellers holdt seg tause.<\/p>\n<p>          <img loading=\"lazy\" decoding=\"async\" src=\"https:\/\/www.europesays.com\/no\/wp-content\/uploads\/2025\/10\/83696844.webp\" width=\"686\" height=\"920\" title=\"SJOKKBILDENE: Det spanske magasinet Lecturas trykket de f\u00f8rste eksklusive bildene av dav\u00e6rende kronprins Frederik og hans p\u00e5st\u00e5tte elskerinne Genoveva Casanova i Madrid. Faksimile \/ Lecturas\" alt=\"\" class=\"\" style=\"--aspect-ratio-image: 0.75; \"\/><\/p>\n<p>\n          SJOKKBILDENE: Det spanske magasinet Lecturas trykket de f\u00f8rste eksklusive bildene av dav\u00e6rende kronprins Frederik og hans p\u00e5st\u00e5tte elskerinne Genoveva Casanova i Madrid. Faksimile \/ Lecturas\n      <\/p>\n<p>Hertug Cayetano har tidligere uttalt seg <a data-lab-font_weight=\"font-weight-bold\" href=\"https:\/\/www.seher.no\/kongelig\/meget-smertefullt-for-barna\/80918524\" rel=\"nofollow noopener\" target=\"_blank\">om hvordan ekskonas skandale med Frederik p\u00e5virket ham og tvillingene.\u00a0<\/a><\/p>\n<p data-lab-font_weight=\"font-weight-bold\" class=\"font-weight-bold m-font-weight-bold\">&#8211; De bildene har v\u00e6rt meget smertefullt for barna, meget smertefullt, sa han i et intervju p\u00e5 \u00abSusanna Grisos Show\u00bb i februar 2024, if\u00f8lge<a href=\"https:\/\/www.dailymail.co.uk\/femail\/article-13027873\/king-frederik-photos-genoveva-casanova-ex-husband-children-pain.html\" rel=\"nofollow noopener\" target=\"_blank\"> Daily Mail.\u00a0<\/a><\/p>\n<p>        INNR\u00d8MMER: Da Fetisha Williams gjestet podkasten \u00abRealitycheck\u00bb avsl\u00f8rte hun hva som m\u00e5tte til for \u00e5 forsones med eks-venninna Sophie Elise. N\u00e5 innr\u00f8mmer hun at hun l\u00f8y. Video: Sanne Holt\/ Thea Hope\/ R\u00f8d L\u00f8per<\/p>\n<p>Han understreket at han hadde ubetinget st\u00f8tte for ekskona i saken, og at han ikke \u00f8nsket at historien skulle p\u00e5virke barna deres negativt.<\/p>\n<p>Fotografen bak bildene, Pepelu Due\u00f1as, har ogs\u00e5 snakket ut. I oktober 2024 fortalte han\u00a0<a href=\"https:\/\/www.seher.no\/kongelig\/det-kunne-umulig-stemme\/82150713\" rel=\"nofollow noopener\" target=\"_blank\">sin versjon av hendelsen<\/a> i den spanske dokumentaren \u00abPaparazzi\u00bb, if\u00f8lge <a href=\"https:\/\/www.alt.dk\/kongelige\/bryder-tavsheden-1-ar-efter-skandalen-her-er-sandheden-om-madrid\/4625041\" rel=\"nofollow noopener\" target=\"_blank\">Her &amp; Nu.<\/a>\u00a0<\/p>\n<p>          <img loading=\"lazy\" decoding=\"async\" src=\"https:\/\/www.europesays.com\/no\/wp-content\/uploads\/2025\/10\/83696861.webp\" width=\"686\" height=\"433\" title=\"SLO TILBAKE: Genoveva gikk raskt ut og avviste romanseryktene. Foto: NTB\" alt=\"\" class=\"\" style=\"--aspect-ratio-image: 1.58; \"\/><\/p>\n<p>\n          SLO TILBAKE: Genoveva gikk raskt ut og avviste romanseryktene. Foto: NTB\n      <\/p>\n<p>Han forklarte at han var p\u00e5 vei for \u00e5 hente s\u00f8nnen sin fra trening da han tilfeldigvis oppdaget Genoveva med en mann han ikke kjente igjen.<\/p>\n<p>\u2013 Jeg m\u00e5tte hente s\u00f8nnen min fra trening, og fordi jeg kom fra jobb, hadde jeg kameraet med meg i bilen. Da jeg skulle parkere, s\u00e5 jeg Genoveva Casanova og at hun ble ledsaget av en mann jeg ikke hadde sett henne med f\u00f8r, forklarte Due\u00f1as.<\/p>\n<p>    <a itemprop=\"url\" href=\"https:\/\/www.seher.no\/kongelig\/ryktene-florerer\/83684588\" rel=\"nofollow noopener\" target=\"_blank\"><\/p>\n<p>      <img loading=\"lazy\" decoding=\"async\" src=\"https:\/\/www.europesays.com\/no\/wp-content\/uploads\/2025\/10\/1760005573_237_83685732.webp\" width=\"980\" height=\"441\" title=\"- Ryktene florerer\" alt=\"\" class=\"lazyload\" style=\"--aspect-ratio-image: 2.22; \"\/><\/p>\n<p>        &#8211; Ryktene florerer<\/p>\n<p>    <\/a><\/p>\n<p>Avsl\u00f8rte sannheten bak bildene\u00a0\t<\/p>\n<p>Paret skal ha g\u00e5tt rundt i Buen Retiro-parken i Madrid, og Due\u00f1as tok flere bilder. Det var f\u00f8rst da de gikk opp til Genovevas leilighet at han skj\u00f8nte hvem mannen var.<\/p>\n<p>        SKANDALE: Det skapte enorme sjokkb\u00f8lger da dav\u00e6rende kronprins Frederik ble avbildet med en mystisk kvinne &#8211; som slett ikke var hans kone Mary. Foto\/Video: NTB \/ DR \/\/ Reporter: Caroline Vagle \/\/ Klipp: Elise Violeta Ness Aksnes<\/p>\n<p class=\"font-weight-bold m-font-weight-bold\" data-lab-font_weight=\"font-weight-bold\">&#8211; Men det kunne umulig stemme, fortalte Due\u00f1as i dokumentaren.\u00a0<\/p>\n<p>Bildene ble til sendt byr\u00e5et Gtres, som brukte ansiktsgjenkjenning for \u00e5 bekrefte at det var dav\u00e6rende kronprins Frederik.\u00a0<\/p>\n<p>          <img loading=\"lazy\" decoding=\"async\" src=\"https:\/\/www.europesays.com\/no\/wp-content\/uploads\/2025\/10\/83696858.webp\" width=\"686\" height=\"1009\" title=\"ST\u00c5R ST\u00d8TT: Dronning Mary og kong Frederik har holdt sammen i den t\u00f8ffe tiden etter utroskapsskandalen. Foto: Splash News \/ NTB\" alt=\"\" class=\"\" style=\"--aspect-ratio-image: 0.68; \"\/><\/p>\n<p>\n          ST\u00c5R ST\u00d8TT: Dronning Mary og kong Frederik har holdt sammen i den t\u00f8ffe tiden etter utroskapsskandalen. Foto: Splash News \/ NTB\n      <\/p>\n<p>If\u00f8lge Her &amp; Nu fulgte Due\u00f1as og kollegaene Jon Arrillaga og Ana Baraja senere etter Frederik og Genoveva til restauranten Corral de la Morer\u00eda, hvor de hadde bestilt bord. Der ble de vist til et privat og skjermet bord.<\/p>\n<p>Etter midnatt forlot de restauranten, og if\u00f8lge Due\u00f1as gikk Frederik f\u00f8rst mot d\u00f8ren til Genovevas leilighet, men lot som om han gikk forbi. Da Genoveva \u00e5pnet d\u00f8ren, snudde han seg og gikk inn.<\/p>\n<p>        PROVOSERER: Traileren til M\u00e4rtha Louise og Durek Verretts bryllupsdokumentar har satt sinnene i kok. Video: Netflix \/ Trailer: \u00abRebel Royals: An Unlikely Love Story\u00bb \/\/ Reporter: H\u00e5vard Bj\u00f8rnerem<\/p>\n<p class=\"font-weight-bold m-font-weight-bold\" data-lab-font_weight=\"font-weight-bold\">\u2013 Frederik gikk f\u00f8rst ut og gikk til d\u00f8ra, men i stedet for \u00e5 g\u00e5 inn lot han som om han passerte huset, mens Genoveva dukket opp bak ham. Da hun \u00e5pnet d\u00f8ren, snudde han seg og gikk inn, hevdet Due\u00f1as.<\/p>\n<p>Fotografene skal ha ventet hele natten, og Frederik forlot leiligheten f\u00f8rst klokken 08.30 neste morgen, da han ble hentet av en ambassadebil.<\/p>\n<p>    <a itemprop=\"url\" href=\"https:\/\/www.seher.no\/kongelig\/sonja-i-tarer-etter-tv-sjokket\/83672253\" rel=\"nofollow noopener\" target=\"_blank\"><\/p>\n<p>      <img loading=\"lazy\" decoding=\"async\" src=\"https:\/\/www.europesays.com\/no\/wp-content\/uploads\/2025\/10\/1760005574_104_83673314.webp\" width=\"147\" height=\"98\" title=\"- Sonja i t\u00e5rer etter TV-sjokket\" alt=\"\" class=\"lazyload\" style=\"--aspect-ratio-image: 1.50; \"\/><\/p>\n<p>        &#8211; Sonja i t\u00e5rer etter TV-sjokket<\/p>\n<p>    <\/a><\/p>\n<p>&#8211; Satte tronskifte i fare\u00a0\t<\/p>\n<p>Bare kort tid etter skandalen annonserte dronning Margrethe (85) i nytt\u00e5rstalen sin at hun skulle abdisere. Det tok ikke lang tid<a href=\"https:\/\/www.seher.no\/kongelig\/det-sto-i-fare\/82202866\" rel=\"nofollow noopener\" target=\"_blank\"> f\u00f8r rykter oppsto om at dronningen valgte \u00e5 g\u00e5 av som f\u00f8lge av s\u00f8nnens skandale.\u00a0<\/a><\/p>\n<p>          <img loading=\"lazy\" decoding=\"async\" src=\"https:\/\/www.europesays.com\/no\/wp-content\/uploads\/2025\/10\/83696853.webp\" width=\"686\" height=\"638\" title=\"HISTORISK: Det var et f\u00f8lelsesladet \u00f8yeblikk da dronning Margrethe offisielt abdiserte. Foto: Mads Claus Rasmussen \/ NTB\" alt=\"\" class=\"\" style=\"--aspect-ratio-image: 1.08; \"\/><\/p>\n<p>\n          HISTORISK: Det var et f\u00f8lelsesladet \u00f8yeblikk da dronning Margrethe offisielt abdiserte. Foto: Mads Claus Rasmussen \/ NTB\n      <\/p>\n<p>Det trodde derimot ikke den danske kongehuseksperten Thomas Larsen.\u00a0<\/p>\n<p class=\"font-weight-bold m-font-weight-bold\" data-lab-font_weight=\"font-weight-bold\">&#8211; Jeg er selv ganske overbevist om at det ikke er han (kong Frederik, journ. anm) som fremskyndet tronskiftet. Snarere antar jeg at han kanskje satte tronskifte i fare ved det han gjorde, sa han i\u00a0<a href=\"https:\/\/www.bt.dk\/podcast\/kongehusetbagkulissen\" rel=\"nofollow noopener\" target=\"_blank\">B.T.s kongelige podkast<\/a>.\u00a0<\/p>\n<p>          <img loading=\"lazy\" decoding=\"async\" src=\"https:\/\/www.europesays.com\/no\/wp-content\/uploads\/2025\/10\/83696774.webp\" width=\"686\" height=\"645\" title=\"- I FARE: Den danske kongehuseksperten Thomas Larsen mente at kronprins Frederiks skandale med Genoveva Casanova satte tronskiftet i fare. Foto: Arte Booking\" alt=\"\" class=\"\" style=\"--aspect-ratio-image: 1.06; \"\/><\/p>\n<p>\n          &#8211; I FARE: Den danske kongehuseksperten Thomas Larsen mente at kronprins Frederiks skandale med Genoveva Casanova satte tronskiftet i fare. Foto: Arte Booking\n      <\/p>\n<p class=\"font-weight-bold m-font-weight-bold\" data-lab-font_weight=\"font-weight-bold\">Kongehuseksperten p\u00e5pekte at dronning Margrethe gjorde et godt valg da hun abdiserte og ga tronen videre til Frederik.<\/p>\n<p>&#8211; Det gir ham muligheten til \u00e5 komme seg bort fra denne saken og etablere seg i en ny situasjon, hvor han igjen kan m\u00f8te den danske befolkningen uten \u00e5 flykte fra denne saken, fortsatte Larsen.\u00a0<\/p>\n","protected":false},"excerpt":{"rendered":"Kj\u00e6rligheten blomstret for fullt i Sevilla i helgen da hertug\u00a0Cayetano Martinez (62), som tidligere har v\u00e6rt gift med&hellip;\n","protected":false},"author":2,"featured_media":56355,"comment_status":"","ping_status":"","sticky":false,"template":"","format":"standard","meta":{"footnotes":""},"categories":[58],"tags":[5816,8436,5818,4104,71,7708,479,5817,30,28,29,72],"class_list":{"0":"post-56354","1":"post","2":"type-post","3":"status-publish","4":"format-standard","5":"has-post-thumbnail","7":"category-underholdning","8":"tag-det-danske-kongehuset","9":"tag-dronning-margrethe","10":"tag-dronning-mary","11":"tag-eksklusivt","12":"tag-entertainment","13":"tag-genoveva-casanova","14":"tag-kjendis","15":"tag-kong-frederik","16":"tag-no","17":"tag-norge","18":"tag-norway","19":"tag-underholdning"},"share_on_mastodon":{"url":"","error":""},"_links":{"self":[{"href":"https:\/\/www.europesays.com\/no\/wp-json\/wp\/v2\/posts\/56354","targetHints":{"allow":["GET"]}}],"collection":[{"href":"https:\/\/www.europesays.com\/no\/wp-json\/wp\/v2\/posts"}],"about":[{"href":"https:\/\/www.europesays.com\/no\/wp-json\/wp\/v2\/types\/post"}],"author":[{"embeddable":true,"href":"https:\/\/www.europesays.com\/no\/wp-json\/wp\/v2\/users\/2"}],"replies":[{"embeddable":true,"href":"https:\/\/www.europesays.com\/no\/wp-json\/wp\/v2\/comments?post=56354"}],"version-history":[{"count":0,"href":"https:\/\/www.europesays.com\/no\/wp-json\/wp\/v2\/posts\/56354\/revisions"}],"wp:featuredmedia":[{"embeddable":true,"href":"https:\/\/www.europesays.com\/no\/wp-json\/wp\/v2\/media\/56355"}],"wp:attachment":[{"href":"https:\/\/www.europesays.com\/no\/wp-json\/wp\/v2\/media?parent=56354"}],"wp:term":[{"taxonomy":"category","embeddable":true,"href":"https:\/\/www.europesays.com\/no\/wp-json\/wp\/v2\/categories?post=56354"},{"taxonomy":"post_tag","embeddable":true,"href":"https:\/\/www.europesays.com\/no\/wp-json\/wp\/v2\/tags?post=56354"}],"curies":[{"name":"wp","href":"https:\/\/api.w.org\/{rel}","templated":true}]}}