{"id":56370,"date":"2025-10-09T10:42:55","date_gmt":"2025-10-09T10:42:55","guid":{"rendered":"https:\/\/www.europesays.com\/no\/56370\/"},"modified":"2025-10-09T10:42:55","modified_gmt":"2025-10-09T10:42:55","slug":"okonomi-totens-sparebank-far-35-millioner-synes-det-er-stas","status":"publish","type":"post","link":"https:\/\/www.europesays.com\/no\/56370\/","title":{"rendered":"\u00d8konomi, Totens Sparebank | F\u00e5r 3,5 millioner: \u2013 Synes det er stas"},"content":{"rendered":"\n<p>\u2013 Disse pengene er en d\u00f8r\u00e5pner for oss. Det er veldig stats at vi blir verdsatt p\u00e5 denne m\u00e5ten, sier Tove Beate Skjolddal Larsen.<\/p>\n<p>Hun er daglig leder av Peder Balke-senteret i \u00d8stre Toten.<\/p>\n<p>N\u00e5 har det blitt kjent at Totens sparebankstiftelse gir dem 3,5 millioner kroner til deres kunstl\u00e5ve-prosjekt.<\/p>\n<p>\u2013 Det er flott at kunst og kultur blir verdsatt p\u00e5 denne m\u00e5ten, sier Skjolddal Larsen.<\/p>\n<p>Gir ut millioner<\/p>\n<p>Totens Sparebankstiftelse ble opprettet i fjor, da Totens Sparebank og Sparebank 1 \u00d8stlandet slo seg sammen. Stiftelsen skal blant annet dele ut midler til allmennyttige form\u00e5l, fortrinnsvis der Totens Sparebank i sin tid hadde den vesentlige delen av sin virksomhet.<\/p>\n<p>\u2013 Totens Sparebankstiftelse vil forvalte arven etter Totens Sparebank slik at den kommer lokalsamfunnene i regionen til gode, skriver de i en pressemelding.<\/p>\n<p>Tidligere i \u00e5r delte de ut 28 millioner kroner til en rekke form\u00e5l.<\/p>\n<p>  <a href=\"https:\/\/www.oa.no\/5-35-2146885\" class=\"related-teaser has-image default-story-teaser article--c-eRUmMG article--c-eRUmMG-jKCPdD-design-default\" rel=\"nofollow noopener\" target=\"_blank\"><\/p>\n<p>    <img decoding=\"async\" loading=\"lazy\"  src=\"https:\/\/www.europesays.com\/no\/wp-content\/uploads\/2025\/10\/IMG_8710.jpg\" alt=\"\" class=\"brick-c-cFOWSL\" style=\"\"\/><\/p>\n<p>\n            Les ogs\u00e5<\/p>\n<p>              Trodde knapt det hun s\u00e5: \u2013 \u00c5 fy flate, er det mulig?\n        <\/p>\n<p>  <\/a><\/p>\n<p>N\u00e5 deler de ut ytterligere sju millioner kroner.<\/p>\n<p>\u2013 Totens Sparebankstiftelse har som visjon \u00e5 bidra aktivt til en positiv samfunnsutvikling og utl\u00f8se gode krefter i lokalsamfunnene i stiftelsens virkeomr\u00e5de p\u00e5 Toten, Gj\u00f8vik og nordre del av Romerike. Tildelinger til idrettsform\u00e5l dominerer ofte oversiktene over tildelinger, men denne gangen er det tildelinger til kultur, utdanning og tiltak mot utenforskap som dominerer listen over de st\u00f8rste tildelingene, sier daglig leder for Totens Sparebankstiftelse, Stig H\u00e5vard Blikseth i pressemeldingen.<\/p>\n<p>            Tildelinger<\/p>\n<p>Kunstl\u00e5ven p\u00e5 Peder Balke-senteret 3 500 000 (\u00d8stre Toten kommune) <\/p>\n<p>Vestre Toten L\u00e6ringsfabrikken \u2013 Senter for industrifag \u2013 utstyr 1 650 000<\/p>\n<p>Vestre Toten Aktivitetsfond \u2013 forsterkning av fondet 1 000 000<\/p>\n<p>\u00d8stre Toten speidergruppe: Hyttekj\u00f8p 240 00<\/p>\n<p>Gj\u00f8vik Revhiholen skytebane \u2013 Nye skiver p\u00e5 200m 225 000 (Gj\u00f8vik og Brusveen skytterlag) <\/p>\n<p>Asfalterte l\u00f8yper 150 000 (\u00d8stre Toten skilag) <\/p>\n<p>Aktivitetspark p\u00e5 Lensbygdaplassen 55 000 (Lensbygda sportsklubb) <\/p>\n<p>Minnelunder i Balke Sokn 50 000<\/p>\n<p>Konsertvikua 25 000 (\u00d8stre Toten musikkr\u00e5d) <\/p>\n<p>\u00d8SS i Millom \u2013 musikk mellom oss og verden 10 000 (sangkoret Balladen) <\/p>\n<p>Skiskole i h\u00f8stferien og i vinterferien 5 000 (Raufoss IL Langrenn)<\/p>\n<p><b>Kilde: Totens sparebankstiftelse<\/b><\/p>\n<p>  Hele \u00e5ret<\/p>\n<p>Peder Balke-senteret har planer om \u00e5 utvikle l\u00e5ven p\u00e5 g\u00e5rden til \u00e5 ble en hel\u00e5rlig utstillingsplass for kunst. Dette er ikke mulig i hovedbygningen, som kun er \u00e5pen i sommerhalv\u00e5ret.<\/p>\n<p>\u2013 Det er ikke fyring der og det er ikke mulig \u00e5 sette inn p\u00e5 grunn av at dette er en vernet bygning, sier Skjolddal Larsen<\/p>\n<p>Prosjektet er kostbart og har en totalramme p\u00e5 cirka 45 millioner kroner. Det har v\u00e6rt under planlegging fra minst siden 2018. Det er satt av en del fondsmidler og tildelingen fra bankens stiftelse er kj\u00e6rkommen. Det skal jobbes videre med b\u00e5de finansieringen og prosjektering inn i 2026. N\u00e5r ombyggingen starter og n\u00e5r det eventuelt st\u00e5r ferdig er h\u00f8yst usikkert.<\/p>\n<p>\u2013 Det er teknisk avansert og vi vil ikke gi folk forh\u00e5pninger om n\u00e5r det kan skje enn\u00e5, sier Skjolddal Larsen<\/p>\n<p>Hun forteller at prosjektet vil bli bygget ut i ulike trinn.<\/p>\n","protected":false},"excerpt":{"rendered":"\u2013 Disse pengene er en d\u00f8r\u00e5pner for oss. Det er veldig stats at vi blir verdsatt p\u00e5 denne&hellip;\n","protected":false},"author":2,"featured_media":56371,"comment_status":"","ping_status":"","sticky":false,"template":"","format":"standard","meta":{"footnotes":""},"categories":[56],"tags":[36,60,61,635,62,30,28,29,572,8440,1510,8439,781],"class_list":{"0":"post-56370","1":"post","2":"type-post","3":"status-publish","4":"format-standard","5":"has-post-thumbnail","7":"category-naeringsliv","8":"tag-art","9":"tag-business","10":"tag-economy","11":"tag-kunst","12":"tag-naeringsliv","13":"tag-no","14":"tag-norge","15":"tag-norway","16":"tag-okonomi","17":"tag-peder-balke-senteret","18":"tag-story","19":"tag-totens-sparebank","20":"tag-utstilling"},"share_on_mastodon":{"url":"","error":""},"_links":{"self":[{"href":"https:\/\/www.europesays.com\/no\/wp-json\/wp\/v2\/posts\/56370","targetHints":{"allow":["GET"]}}],"collection":[{"href":"https:\/\/www.europesays.com\/no\/wp-json\/wp\/v2\/posts"}],"about":[{"href":"https:\/\/www.europesays.com\/no\/wp-json\/wp\/v2\/types\/post"}],"author":[{"embeddable":true,"href":"https:\/\/www.europesays.com\/no\/wp-json\/wp\/v2\/users\/2"}],"replies":[{"embeddable":true,"href":"https:\/\/www.europesays.com\/no\/wp-json\/wp\/v2\/comments?post=56370"}],"version-history":[{"count":0,"href":"https:\/\/www.europesays.com\/no\/wp-json\/wp\/v2\/posts\/56370\/revisions"}],"wp:featuredmedia":[{"embeddable":true,"href":"https:\/\/www.europesays.com\/no\/wp-json\/wp\/v2\/media\/56371"}],"wp:attachment":[{"href":"https:\/\/www.europesays.com\/no\/wp-json\/wp\/v2\/media?parent=56370"}],"wp:term":[{"taxonomy":"category","embeddable":true,"href":"https:\/\/www.europesays.com\/no\/wp-json\/wp\/v2\/categories?post=56370"},{"taxonomy":"post_tag","embeddable":true,"href":"https:\/\/www.europesays.com\/no\/wp-json\/wp\/v2\/tags?post=56370"}],"curies":[{"name":"wp","href":"https:\/\/api.w.org\/{rel}","templated":true}]}}