{"id":56392,"date":"2025-10-09T11:07:12","date_gmt":"2025-10-09T11:07:12","guid":{"rendered":"https:\/\/www.europesays.com\/no\/56392\/"},"modified":"2025-10-09T11:07:12","modified_gmt":"2025-10-09T11:07:12","slug":"drammen-vaeret-klar-advarsel-ikke-la-barna-leke-her","status":"publish","type":"post","link":"https:\/\/www.europesays.com\/no\/56392\/","title":{"rendered":"Drammen, V\u00e6ret | Klar advarsel: \u2013 Ikke la barna leke her"},"content":{"rendered":"\n<p><b>DRAMMEN: <\/b>Ekstremv\u00e6ret \u00abAmy\u00bb skapte kaos i drammensdistriktet. Tusenvis mistet str\u00f8mmen, tr\u00e6r veltet og flere merket \u00f8deleggelsene p\u00e5 hjemmene sine.<\/p>\n<p>N\u00e5 kommer kommunen med en rekke oppfordringer:<\/p>\n<p>\u2013 V\u00e6r forsiktig med veltede tr\u00e6r etter uv\u00e6ret \u00abAmy\u00bb, skriver de p\u00e5 sin Facebook-side.<\/p>\n<p>Den kraftige vinden har f\u00f8rt til at flere tr\u00e6r har veltet i drammensomr\u00e5det.<\/p>\n<p>\u2013 Mange tr\u00e6r ligger i spenn og kan plutselig sl\u00e5 mot deg med stor kraft. Tr\u00e6r som har veltet med roten kan ogs\u00e5 ligge i spenn og plutselig vippe tilbake der de stod, advarer kommunen.<\/p>\n<p>Kommunen ber deg derfor om \u00e5:<\/p>\n<ul>\n<li>Ikke la barna dine leke p\u00e5 tr\u00e6r som nylig har bl\u00e5st ned<\/li>\n<li>Unng\u00e5 \u00e5 oppholde deg under rota p\u00e5 et tre som har veltet<\/li>\n<li>Ikke fors\u00f8ke \u00e5 rydde tr\u00e6r selv<\/li>\n<\/ul>\n<p>\u2013 Kommunens mannskaper jobber s\u00e5 fort de kan med \u00e5 rydde turveier og skil\u00f8yper, skriver kommunen.<\/p>\n<p>   <img decoding=\"async\" width=\"1024\" height=\"768\" fetchpriority=\"low\"  loading=\"lazy\"  src=\"https:\/\/www.europesays.com\/no\/wp-content\/uploads\/2025\/10\/560300818_1188874623057511_5126598174516544784_n.jpg\" alt=\"\" class=\"brick-c-cFOWSL\" style=\"--brick-image-ratio: 1024 \/ 768;\"\/><\/p>\n<p>    Kommunen jobber p\u00e5 spreng for \u00e5 rydde turveier og skil\u00f8yper.<\/p>\n","protected":false},"excerpt":{"rendered":"DRAMMEN: Ekstremv\u00e6ret \u00abAmy\u00bb skapte kaos i drammensdistriktet. Tusenvis mistet str\u00f8mmen, tr\u00e6r veltet og flere merket \u00f8deleggelsene p\u00e5 hjemmene&hellip;\n","protected":false},"author":2,"featured_media":56393,"comment_status":"","ping_status":"","sticky":false,"template":"","format":"standard","meta":{"footnotes":""},"categories":[10],"tags":[36,20,21,427,24,25,15,22,23,13,30,28,29,447,14,16,1510,26,27,387],"class_list":{"0":"post-56392","1":"post","2":"type-post","3":"status-publish","4":"format-standard","5":"has-post-thumbnail","7":"category-norge","8":"tag-art","9":"tag-breaking-news","10":"tag-breakingnews","11":"tag-drammen","12":"tag-featured-news","13":"tag-featurednews","14":"tag-headlines","15":"tag-latest-news","16":"tag-latestnews","17":"tag-news","18":"tag-no","19":"tag-norge","20":"tag-norway","21":"tag-nyhet","22":"tag-nyheter","23":"tag-overskrifter","24":"tag-story","25":"tag-top-stories","26":"tag-topstories","27":"tag-vaeret"},"share_on_mastodon":{"url":"","error":""},"_links":{"self":[{"href":"https:\/\/www.europesays.com\/no\/wp-json\/wp\/v2\/posts\/56392","targetHints":{"allow":["GET"]}}],"collection":[{"href":"https:\/\/www.europesays.com\/no\/wp-json\/wp\/v2\/posts"}],"about":[{"href":"https:\/\/www.europesays.com\/no\/wp-json\/wp\/v2\/types\/post"}],"author":[{"embeddable":true,"href":"https:\/\/www.europesays.com\/no\/wp-json\/wp\/v2\/users\/2"}],"replies":[{"embeddable":true,"href":"https:\/\/www.europesays.com\/no\/wp-json\/wp\/v2\/comments?post=56392"}],"version-history":[{"count":0,"href":"https:\/\/www.europesays.com\/no\/wp-json\/wp\/v2\/posts\/56392\/revisions"}],"wp:featuredmedia":[{"embeddable":true,"href":"https:\/\/www.europesays.com\/no\/wp-json\/wp\/v2\/media\/56393"}],"wp:attachment":[{"href":"https:\/\/www.europesays.com\/no\/wp-json\/wp\/v2\/media?parent=56392"}],"wp:term":[{"taxonomy":"category","embeddable":true,"href":"https:\/\/www.europesays.com\/no\/wp-json\/wp\/v2\/categories?post=56392"},{"taxonomy":"post_tag","embeddable":true,"href":"https:\/\/www.europesays.com\/no\/wp-json\/wp\/v2\/tags?post=56392"}],"curies":[{"name":"wp","href":"https:\/\/api.w.org\/{rel}","templated":true}]}}