{"id":56399,"date":"2025-10-09T11:15:08","date_gmt":"2025-10-09T11:15:08","guid":{"rendered":"https:\/\/www.europesays.com\/no\/56399\/"},"modified":"2025-10-09T11:15:08","modified_gmt":"2025-10-09T11:15:08","slug":"trafikk-lyderhorntunnelen-bil-kjorte-feil-vei-i-lyderhornstunnelen","status":"publish","type":"post","link":"https:\/\/www.europesays.com\/no\/56399\/","title":{"rendered":"Trafikk, Lyderhorntunnelen | Bil kj\u00f8rte feil vei i Lyderhornstunnelen"},"content":{"rendered":"\n<p>Klokken 1159 opplyser operasjonsleder Terje Magnussen ved Vest politidistrikt om at en bil hadde snudd p\u00e5 riksvei 555 ved Lyderhornstunnelen. <\/p>\n<p>\u2013 Vi s\u00e5 p\u00e5 v\u00e5re kameraer at en bil kj\u00f8rte inn i feil l\u00f8p ved Tennebekkskrysset, sier trafikkoperat\u00f8r Andreas Rasmussen ved Vegtrafikksentralen. <\/p>\n<p>Tunnelen ble da stengt. <\/p>\n<p>\u2013 Det holdt p\u00e5 \u00e5 g\u00e5 galt. Vi s\u00e5 p\u00e5 kamera at en bil m\u00e5tte svinge unna. <\/p>\n<p>\u2013 Var det flere biler den holdt p\u00e5 \u00e5 krasje med?<\/p>\n<p>\u2013 I hvert fall \u00e9n, sier Rasmussen.<\/p>\n<p>\u2013 Stanset av bil som nektet \u00e5 flytte seg<\/p>\n<p>Bilen fikk etter hvert snudd, og kj\u00f8rt ut igjen. Det var innledningsvis uklart hvor langt bilen kj\u00f8rte f\u00f8r den snudde. <\/p>\n<p>I 1300-tiden torsdag ettermiddag forteller Rasmussen, etter \u00e5 ha unders\u00f8kt bildene, hvordan situasjonen utartet seg:<\/p>\n<p>F\u00f8rst skal bilen if\u00f8lge trafikkoperat\u00f8ren ha kj\u00f8rt inn p\u00e5 en havarilomme, for deretter \u00e5 bruke lommen til \u00e5 snu og kj\u00f8re ut i motg\u00e5ende kj\u00f8refelt.<\/p>\n<p>\u2013 Det var vel tre-fire biler han m\u00f8tte inne i tunnelen der, kanskje litt flere. De fleste bilene l\u00e5 i h\u00f8yrefeltet, forklarer trafikkoperat\u00f8ren.<\/p>\n<p>\u2013 Til slutt var det en som stoppet helt opp, s\u00e5 bilen ikke hadde annet valg enn \u00e5 snu. Jeg vet ikke om det var det som gjorde at bilen snudde, men det var en trafikant som ikke flyttet seg, og da snudde den, sier han.<\/p>\n<p>If\u00f8lge Rasmussen var tunnelen stengt i fire minutter f\u00f8r situasjonen var l\u00f8st.<\/p>\n<p>\u2013 Den kj\u00f8rte sikkert i 70<\/p>\n<p>Johannes Walderhaug var p\u00e5 vei fra jobb til skole, og hadde akkurat kj\u00f8rt inn i tunnelen fra Sotra og mot sentrum da han fikk seg en st\u00f8kk:<\/p>\n<p>\u2013 Jeg kj\u00f8rte bare som vanlig i venstrefeltet og forbi noen biler, da en bil kom mot meg i vanlig fart. Bilen kj\u00f8rte sikkert i 70, forteller Walderhaug til BA. Da fikk han liten tid, og m\u00e5tte komme seg unna.<\/p>\n<p>\u2013 Heldigvis for meg kunne jeg svinge unna over i h\u00f8yrefeltet, siden jeg var alene etter forbikj\u00f8ringen, sier han.<\/p>\n<p>\u2013 De bak kunne ikke svinge unna<\/p>\n<p>Walderhaug forteller at det nok var mer dramatisk for bilene bak ham.<\/p>\n<p>\u2013 De hadde biler p\u00e5 h\u00f8yresiden, og jeg s\u00e5 minst tre biler i speilet som m\u00e5tte bremse. Men det s\u00e5 ikke ut som de krasjet, sier den noe forbausede sj\u00e5f\u00f8ren. <\/p>\n<p>\u2013 Hvordan opplevde du situasjonen?<\/p>\n<p>\u2013 Jeg kjente det litt, for jeg kj\u00f8rte jo bare som vanlig i en 70-sone og s\u00e5 ikke for meg at jeg m\u00e5tte svinge unna noe s\u00e5nt, sier han.<\/p>\n<p>\u2013 Fikk du tatt en pust i bakken da det var over?<\/p>\n<p>\u2013 Nei, det var ingen steder \u00e5 stoppe, s\u00e5 jeg m\u00e5tte bare kj\u00f8re inn til byen. Men det var sikkert mer ubehagelig for andre enn det var for meg, sier han.<\/p>\n<p>\u2013 Det var et race av n\u00f8dtelefoner<\/p>\n<p>Operasjonsleder Terje Magnussen i Vest politidistrikt forteller at meldingene kom tett da flere trafikanter m\u00f8tte bilen som kj\u00f8rte feil vei.<\/p>\n<p>\u2013 Det var et race av n\u00f8dtelefoner, og s\u00e5 ble det stille, s\u00e5 det er tydelig at sj\u00e5f\u00f8ren kom fort p\u00e5 rett kj\u00f8l igjen, sier operasjonslederen.<\/p>\n<p>\u2013 Hva var det som hadde skjedd? <\/p>\n<p>\u2013 Det er ikke godt \u00e5 si, men vi fikk flere meldinger om en bil som snudde i \u00f8stg\u00e5ende felt og kj\u00f8rte vestover, forteller Magnussen.<\/p>\n<p>Operasjonslederen kan ogs\u00e5 melde at politiet hadde en patrulje like ved og var raskt p\u00e5 stedet, men at bilen da ikke var \u00e5 finne. Politiet vil derfor sjekke med Statens vegvesen for \u00e5 se om feilkj\u00f8ringen og bilen ble fanget p\u00e5 kamera.<\/p>\n<p>\u2013 Vi vil f\u00f8lge saken opp hvis vi finner et kamera eller f\u00e5r noe informasjon, men per n\u00e5 har vi ingenting. F\u00e5r vi noe, f\u00f8lger vi opp, sier han til BA. Han opplyser at denne situasjonen ser ut til \u00e5 ha l\u00f8st seg uten noen skadehendelser. <\/p>\n<p><b>\u2013 Men de er stygge, de der.<\/b><\/p>\n","protected":false},"excerpt":{"rendered":"Klokken 1159 opplyser operasjonsleder Terje Magnussen ved Vest politidistrikt om at en bil hadde snudd p\u00e5 riksvei 555&hellip;\n","protected":false},"author":2,"featured_media":56400,"comment_status":"","ping_status":"","sticky":false,"template":"","format":"standard","meta":{"footnotes":""},"categories":[5],"tags":[36,20,21,24,25,15,19,22,23,8443,17,18,13,30,28,29,447,14,16,1510,26,27,224],"class_list":{"0":"post-56399","1":"post","2":"type-post","3":"status-publish","4":"format-standard","5":"has-post-thumbnail","7":"category-overskrifter","8":"tag-art","9":"tag-breaking-news","10":"tag-breakingnews","11":"tag-featured-news","12":"tag-featurednews","13":"tag-headlines","14":"tag-hovedoppslag","15":"tag-latest-news","16":"tag-latestnews","17":"tag-lyderhorntunnelen","18":"tag-main-news","19":"tag-mainnews","20":"tag-news","21":"tag-no","22":"tag-norge","23":"tag-norway","24":"tag-nyhet","25":"tag-nyheter","26":"tag-overskrifter","27":"tag-story","28":"tag-top-stories","29":"tag-topstories","30":"tag-trafikk"},"share_on_mastodon":{"url":"","error":""},"_links":{"self":[{"href":"https:\/\/www.europesays.com\/no\/wp-json\/wp\/v2\/posts\/56399","targetHints":{"allow":["GET"]}}],"collection":[{"href":"https:\/\/www.europesays.com\/no\/wp-json\/wp\/v2\/posts"}],"about":[{"href":"https:\/\/www.europesays.com\/no\/wp-json\/wp\/v2\/types\/post"}],"author":[{"embeddable":true,"href":"https:\/\/www.europesays.com\/no\/wp-json\/wp\/v2\/users\/2"}],"replies":[{"embeddable":true,"href":"https:\/\/www.europesays.com\/no\/wp-json\/wp\/v2\/comments?post=56399"}],"version-history":[{"count":0,"href":"https:\/\/www.europesays.com\/no\/wp-json\/wp\/v2\/posts\/56399\/revisions"}],"wp:featuredmedia":[{"embeddable":true,"href":"https:\/\/www.europesays.com\/no\/wp-json\/wp\/v2\/media\/56400"}],"wp:attachment":[{"href":"https:\/\/www.europesays.com\/no\/wp-json\/wp\/v2\/media?parent=56399"}],"wp:term":[{"taxonomy":"category","embeddable":true,"href":"https:\/\/www.europesays.com\/no\/wp-json\/wp\/v2\/categories?post=56399"},{"taxonomy":"post_tag","embeddable":true,"href":"https:\/\/www.europesays.com\/no\/wp-json\/wp\/v2\/tags?post=56399"}],"curies":[{"name":"wp","href":"https:\/\/api.w.org\/{rel}","templated":true}]}}