{"id":56408,"date":"2025-10-09T11:28:12","date_gmt":"2025-10-09T11:28:12","guid":{"rendered":"https:\/\/www.europesays.com\/no\/56408\/"},"modified":"2025-10-09T11:28:12","modified_gmt":"2025-10-09T11:28:12","slug":"pulsen-hotell-dramatisk-fodsel-pa-hotell-det-sto-om-liv-og-dod","status":"publish","type":"post","link":"https:\/\/www.europesays.com\/no\/56408\/","title":{"rendered":"Pulsen, Hotell | Dramatisk f\u00f8dsel p\u00e5 hotell: \u2013 Det sto om liv og d\u00f8d"},"content":{"rendered":"\n<p>For halvannen uke siden utspant det seg dramatiske scener p\u00e5 Quality Hotel Edvard Grieg p\u00e5 Sandsli. Den spesielle historien er gjengitt p\u00e5 hotellets Facebook-side.<\/p>\n<p>Tidlig p\u00e5 morgenen sto resepsjonist Nathalie D\u00f8mbe alene. Alt var som vanlig. Nattevakten hadde bare meldt fra om at en gjest ble hentet med ambulanse noen timer tidligere, men at vedkommende hadde kommet tilbake i oppeg\u00e5ende form.<\/p>\n<p>Klokken halv ni fikk resepsjonisten telefon fra mannen til gjesten. Budskapet var umiddelbart klart: N\u00e5 sto det om liv og d\u00f8d.<\/p>\n<p>   <img decoding=\"async\" width=\"5472\" height=\"3648\" fetchpriority=\"low\"  loading=\"lazy\"  src=\"https:\/\/www.europesays.com\/no\/wp-content\/uploads\/2025\/10\/image_AFF86872-53FB-474D-95E9-E816A204954A_1760001140.jpeg\" alt=\"\" class=\"brick-c-cFOWSL\" style=\"--brick-image-ratio: 5472 \/ 3648;\"\/><\/p>\n<p>    Nathalie D\u00f8mbe (t.v.) fikk telefon fra en skrekkslagen far til et barn som plutselig kom til verden og trengte \u00f8yeblikkelig hjelp. Sammen med Maren Bjelland utf\u00f8rte de akutt f\u00f8rstehjelp til ambulansen kom.<br \/>\n    Foto: Ane Lindstad\n  <\/p>\n<p>Natalie ringte 113 sporenstreks, overlot resepsjonen til noen andre kollegaer, og tok med seg sin kollega Maren Bjelland opp til rommet.<\/p>\n<p>\u2013 Vi skj\u00f8nte p\u00e5 stemmens hans at det var n\u00f8d. Jeg har aldri l\u00f8pt opp trappene s\u00e5 fort, sier Bjelland n\u00e5r BA m\u00f8ter dem torsdag.<\/p>\n<p>De forteller at de nynnet p\u00e5 \u00abStayin&#8217; Alive\u00bb mens de l\u00f8p opp, klare for \u00e5 utf\u00f8re akutt f\u00f8rstehjelp.<\/p>\n<p><b>Synet som m\u00f8tte dem, kommer de aldri til \u00e5 glemme.<\/b><\/p>\n<p>\u2013 Bl\u00e5 og stille<\/p>\n<p>En fortvilet mann sto i gangen og pekte mot rommet. I det de gikk over d\u00f8rstokken, s\u00e5 de en sjokkert kvinne som bare noen sekunder tidligere hadde f\u00f8dt et barn. Paret var ikke forberedt p\u00e5 at de skulle bli foreldre, eller at en f\u00f8dsel skulle skje denne morgenen.<\/p>\n<p>\u2013 N\u00e5r vi kommer inn h\u00f8rer vi et lite babyskrik. Men det ble fort veldig stille, sier D\u00f8mbe til BA.<\/p>\n<p>Maren l\u00f8ftet opp den nyf\u00f8dte babyen og pakket den inn i h\u00e5ndkl\u00e6r. Babyen var bl\u00e5 og stille.<\/p>\n<p>Nathalie hadde AMK-sentralen p\u00e5 telefon og via video. S\u00e5 videreformidlet hun beskjeder til Maren om hva som m\u00e5tte gj\u00f8res: Dunking, stryking. \u00c5 fri luftveiene for blod og slim.<\/p>\n<p>Uoversiktlig<\/p>\n<p>Etter innsatsen begynner plutselig babyen \u00e5 gr\u00e5te, og f\u00e5r fargen tilbake i fjeset. De to kollegaene f\u00e5r \u00e6ren av \u00e5 fortelle foreldrene at de har f\u00e5tt en liten jente.<\/p>\n<p>\u2013 Det var veldig deilig da spedbarnet begynte \u00e5 gr\u00e5te. Vi er jo m\u00f8dre begge to, s\u00e5 vi er ikke ukjente med f\u00f8dsler, sier Bjelland.<\/p>\n<p>\u2013 Og takk gud for det, for hvis ikke hadde sjokket v\u00e6rt st\u00f8rre, legger D\u00f8mbe til.<\/p>\n<p>Men situasjonen var fortsatt uoversiktlig. Etter ti minutter kom en stor gruppe med ambulansepersonell og leger til hotellrommet. De tok seg av mor og barn, som det etter forholdene sto bra til med.<\/p>\n<p>   <img decoding=\"async\" width=\"5472\" height=\"3648\" fetchpriority=\"low\"  loading=\"lazy\"  src=\"https:\/\/www.europesays.com\/no\/wp-content\/uploads\/2025\/10\/image_F47CD781-47A7-4D3C-9437-4BC6759E0DD3_1760002709.jpeg\" alt=\"\" class=\"brick-c-cFOWSL\" style=\"--brick-image-ratio: 5472 \/ 3648;\"\/><\/p>\n<p>    Foto: Ane Lindstad\n  <\/p>\n<p>  Kaotisk og skremmende<\/p>\n<p>Maren og Nathalie beskriver opplevelsen som kaotisk og skremmende, med mange inntrykk. De opplevde en stor lettelse da hjelpen var kommet frem.<\/p>\n<p>\u2013 Det var etterp\u00e5, n\u00e5r ambulansen tok over, at reaksjonene kom. Da m\u00e5tte vi ha litt tid for oss selv. Vi satt bare og skalv, sier D\u00f8mbe.<\/p>\n<p>Dagene gikk, og hotellet fikset gratis opphold for barnefaren mens mor og barn var p\u00e5 Haukeland universitetssjukehus.<\/p>\n<p>Resepsjonen fikk jevnlige oppdateringer fra faren om hvordan det sto til med babyen, men Maren og Nathalie forteller at de ikke klarte \u00e5 slappe helt av f\u00f8r babyen var frisk nok til \u00e5 bli skrevet ut fra sykehuset.<\/p>\n<p>\u2013 Mest stolte<\/p>\n<p>For noen dager siden ble de to redningskvinnene gjenforent med den nyf\u00f8dte, f\u00f8r den nybakte familien skulle kj\u00f8re tilbake til hjemlandet.<\/p>\n<p>   <img decoding=\"async\" width=\"1920\" height=\"1080\" fetchpriority=\"low\"  loading=\"lazy\"  src=\"https:\/\/www.europesays.com\/no\/wp-content\/uploads\/2025\/10\/Hotellf%C3%B8dsel.jpg\" alt=\"\" class=\"brick-c-cFOWSL\" style=\"--brick-image-ratio: 1920 \/ 1080;\"\/><\/p>\n<p>N\u00e5 halvannen uke etter hendelsen, sitter de igjen med en god f\u00f8lelse.<\/p>\n<p>\u2013 N\u00e5 som vi vet at alt har g\u00e5tt bra, er vi mest stolte, sier Bjelland.<\/p>\n<p>N\u00e5 har de avtalt \u00e5 holde kontakten med foreldrene, som er veldig takknemlige for hjelpen de fikk.<\/p>\n<p>   <img decoding=\"async\" width=\"5472\" height=\"3648\" fetchpriority=\"low\"  loading=\"lazy\"  src=\"https:\/\/www.europesays.com\/no\/wp-content\/uploads\/2025\/10\/image_FDABCFCD-D7E7-4A9F-A35E-C0DA54FBF2A9_1760002709.jpeg\" alt=\"\" class=\"brick-c-cFOWSL\" style=\"--brick-image-ratio: 5472 \/ 3648;\"\/><\/p>\n<p>    Foto: Ane Lindstad\n  <\/p>\n<p>\u2013 Vi er ekstremt glade for at vi fikk m\u00f8te foreldrene ogs\u00e5. At vi fikk treffe babyen var utrolig fint, at det ikke bare var bildene fra hotellbadet vi satt igjen med, sier D\u00f8mbe.<\/p>\n<p>   <img decoding=\"async\" width=\"1536\" height=\"2048\" fetchpriority=\"low\"  loading=\"lazy\"  src=\"https:\/\/www.europesays.com\/no\/wp-content\/uploads\/2025\/10\/558267299_1467441674781816_6277047963399899542_n.jpg\" alt=\"\" class=\"brick-c-cFOWSL\" style=\"--brick-image-ratio: 1536 \/ 2048;\"\/><\/p>\n<p>    Den nyf\u00f8dte jenten fikk en dramatisk start p\u00e5 livet, og ble reddet av handlekraftige hotellansatte.<br \/>\n    Foto: Quality Hotel Edvard Grieg\n  <\/p>\n<p>  \u2013 En solskinnshistorie<\/p>\n<p>Hotelldirekt\u00f8r Kjetil R\u00f8ed ved Quality Hotel Edvard Grieg sier til BA at han er superstolt av de to avdelingslederne sine.<\/p>\n<p>\u2013 De l\u00f8per inn uten \u00e5 vite hva som m\u00f8ter dem. De som jobber p\u00e5 hotell m\u00e5 v\u00e6re mentalt forberedt p\u00e5 alt mulig. Begge gikk inn med en mental innstilling om \u00e5 hjelpe, og skyh\u00f8yt adrenalin. De kommer seg inn p\u00e5 badet og hjelper b\u00e5de moren og babyen p\u00e5 en helt utrolig m\u00e5te. Der og da st\u00e5r de begge i stormen og bidrar til at dette ender fantastisk for alle, sier han.<\/p>\n<p>Direkt\u00f8ren takker ogs\u00e5 s\u00f8sterhotellene i Oslo og Malm\u00f6. Uten \u00e5 n\u00f8le sponset de familien med \u00e9n natt p\u00e5 hotell hver p\u00e5 veien tilbake. Hjemreisen ble nemlig delt opp i etapper for \u00e5 minske belastningen for babyen.<\/p>\n<p><b>\u2013 Det er en solskinnshistorie. Babyen fikk en litt t\u00f8ff start, men alt gikk bra. Vi kommer til \u00e5 sende en gave til ett\u00e5rsdagen, og s\u00e5 h\u00e5per vi at vi en dag f\u00e5r m\u00f8te jenten og familien igjen. <\/b><\/p>\n","protected":false},"excerpt":{"rendered":"For halvannen uke siden utspant det seg dramatiske scener p\u00e5 Quality Hotel Edvard Grieg p\u00e5 Sandsli. Den spesielle&hellip;\n","protected":false},"author":2,"featured_media":56409,"comment_status":"","ping_status":"","sticky":false,"template":"","format":"standard","meta":{"footnotes":""},"categories":[10],"tags":[36,20,21,7734,24,25,3066,15,1097,22,23,13,30,28,29,14,16,1558,1510,26,27],"class_list":{"0":"post-56408","1":"post","2":"type-post","3":"status-publish","4":"format-standard","5":"has-post-thumbnail","7":"category-norge","8":"tag-art","9":"tag-breaking-news","10":"tag-breakingnews","11":"tag-dramatikk","12":"tag-featured-news","13":"tag-featurednews","14":"tag-fodsel","15":"tag-headlines","16":"tag-hotell","17":"tag-latest-news","18":"tag-latestnews","19":"tag-news","20":"tag-no","21":"tag-norge","22":"tag-norway","23":"tag-nyheter","24":"tag-overskrifter","25":"tag-pulsen","26":"tag-story","27":"tag-top-stories","28":"tag-topstories"},"share_on_mastodon":{"url":"","error":""},"_links":{"self":[{"href":"https:\/\/www.europesays.com\/no\/wp-json\/wp\/v2\/posts\/56408","targetHints":{"allow":["GET"]}}],"collection":[{"href":"https:\/\/www.europesays.com\/no\/wp-json\/wp\/v2\/posts"}],"about":[{"href":"https:\/\/www.europesays.com\/no\/wp-json\/wp\/v2\/types\/post"}],"author":[{"embeddable":true,"href":"https:\/\/www.europesays.com\/no\/wp-json\/wp\/v2\/users\/2"}],"replies":[{"embeddable":true,"href":"https:\/\/www.europesays.com\/no\/wp-json\/wp\/v2\/comments?post=56408"}],"version-history":[{"count":0,"href":"https:\/\/www.europesays.com\/no\/wp-json\/wp\/v2\/posts\/56408\/revisions"}],"wp:featuredmedia":[{"embeddable":true,"href":"https:\/\/www.europesays.com\/no\/wp-json\/wp\/v2\/media\/56409"}],"wp:attachment":[{"href":"https:\/\/www.europesays.com\/no\/wp-json\/wp\/v2\/media?parent=56408"}],"wp:term":[{"taxonomy":"category","embeddable":true,"href":"https:\/\/www.europesays.com\/no\/wp-json\/wp\/v2\/categories?post=56408"},{"taxonomy":"post_tag","embeddable":true,"href":"https:\/\/www.europesays.com\/no\/wp-json\/wp\/v2\/tags?post=56408"}],"curies":[{"name":"wp","href":"https:\/\/api.w.org\/{rel}","templated":true}]}}