{"id":56559,"date":"2025-10-09T15:06:10","date_gmt":"2025-10-09T15:06:10","guid":{"rendered":"https:\/\/www.europesays.com\/no\/56559\/"},"modified":"2025-10-09T15:06:10","modified_gmt":"2025-10-09T15:06:10","slug":"debatt-helse-nord-rhf-de-som-styrer-helse-nord-har-mistet-kontroll-over-bade-kommunikasjon-og-tillit","status":"publish","type":"post","link":"https:\/\/www.europesays.com\/no\/56559\/","title":{"rendered":"Debatt, Helse Nord RHF | De som styrer Helse Nord har mistet kontroll over b\u00e5de kommunikasjon og tillit"},"content":{"rendered":"\n<p><b>At ansettelsen <\/b>av en kommunikasjonsdirekt\u00f8r utl\u00f8ser en av de st\u00f8rste kommunikasjonskatastrofene i Helse Nords historie, er en ironisk fulltreffer. Dessverre er det ikke like overraskende at dagens ledelse igjen makter \u00e5 svekke et omd\u00f8mme som allerede er p\u00e5 randen av sammenbrudd.<\/p>\n<p><b>Avisa Nordlands<\/b> <a href=\"https:\/\/www.an.no\/rekordlonn-i-helse-nord-ny-kommunikasjonsdirektor-far-1-85-millioner-og-gratis-bolig-i-bodo\/s\/5-4-2253071\" rel=\"Follow nofollow noopener\" target=\"_blank\">avsl\u00f8ring om at Kim Hannisdal f\u00e5r betydelig h\u00f8yere l\u00f8nn enn forgjengeren<\/a> \u2013 og mer enn helseministeren \u2013 har f\u00f8rt til sterke reaksjoner. Kritikken mot Helse Nord har antatt en styrke som kan konkurrere med vindkastene Amy f\u00f8rte med seg over store deler av landet.<\/p>\n<p><b>I l\u00f8pet av de siste dagene <\/b>har kritikken g\u00e5tt fra \u00e5 handle om den spinnville l\u00f8nna med tilh\u00f8rende goder til Hannisdal, til \u00e5 handle om at Helse Nord-ledelsen ikke \u00f8nsker \u00e5 la seg intervjue eller stille i debatter for \u00e5 fortelle om bakgrunnen for l\u00f8nnspolitikken, en politikk som jo for alle utenforst\u00e5ende virker totalt uforst\u00e5elig.<\/p>\n<p><b>N\u00e5r Kim Hannisdal<\/b> ikke \u00f8nsker \u00e5 stille til intervju for \u00e5 snakke om l\u00f8nna si, er det forst\u00e5elig og m\u00e5 aksepteres. Om en arbeidsgiver er villig til \u00e5 betale deg veldig godt, er det arbeidsgivers ansvar og det m\u00e5 nesten arbeidsgiver \u2013 alts\u00e5 Marit Lind \u2013 svare for.<\/p>\n<p><b>Men vi m\u00e5 jo anta at <\/b>n\u00e5r du \u2013 alts\u00e5 Marit Lind \u2013 betaler s\u00e5 mye for en ekspert p\u00e5 kommunikasjon s\u00e5 bruker du vedkommende i saker hvor det stormer og god kommunikasjon med omverdenen er n\u00f8dvendig. Det er derfor all grunn til \u00e5 g\u00e5 ut fra at Helse Nords kommunikasjonsdirekt\u00f8r har hatt en finger med i spillet n\u00e5r ledelsen i foretaket har sagt nei til alle som har spurt om intervju.<\/p>\n<p><b>Det heter ofte at <\/b>gode r\u00e5d er dyre, men her ser vi sannelig et bevis p\u00e5 at d\u00e5rlige r\u00e5d ogs\u00e5 kan koste mye penger. En strategi som g\u00e5r ut p\u00e5 \u00e5 ikke kommunisere n\u00e5r det stormer, er kommunikasjonsfaglig pinlig svak. Ruster du deg med en kommunikasjonsdirekt\u00f8r til 1,8 millioner kroner i \u00e5ret og mottar s\u00e5nne r\u00e5d, b\u00f8r du f\u00f8le deg lurt trill rundt.<\/p>\n<p><b>N\u00e5 skal det sies <\/b>at dagens Helse Nord-ledelse har tabbet seg kraftig ut kommunikasjonsmessig ved flere anledninger. Som for eksempel da de skulle legge fram den n\u00e5 nesten skandaliserte PCI-rapporten og innkalte til en \u00ablukket pressekonferanse\u00bb, som de ble n\u00f8dt til \u00e5 \u00e5pne. Etterp\u00e5 nektet de imidlertid media \u00e5 stille sp\u00f8rsm\u00e5l til rapportutvalgets leder.<\/p>\n<p><b>Men uansett:<\/b> ansvaret for hvilken kommunikasjonsstragi som brukes, ligger hos toppsjefen, ikke hos noen andre.<\/p>\n<p><b>Jeg har tidligere<\/b> p\u00e5 denne plass <a href=\"https:\/\/www.an.no\/krever-marit-linds-avgang\/o\/5-4-2077027\" rel=\"Follow nofollow noopener\" target=\"_blank\">tatt til orde for at Marit Lind b\u00f8r g\u00e5 av som toppsjef i Helse Nord<\/a>. Den oppfordringen kom etter at det i desember i fjor ble kjent at Helse Nord hadde brutt spesialisthelsetjenesteloven og, if\u00f8lge statsforvalteren, ikke lagt til rette for at pasienter i Nordland med behov for \u00f8yeblikkelig hjelp ved akutt hjerteinfarkt skal f\u00e5 n\u00f8dvendig helsehjelp innen forsvarlig tid \u2013 den velkjente PCI-saken.<\/p>\n<p><b>Etter alt dette og mer til <\/b>m\u00e5 det v\u00e6re lov \u00e5 be helseminister Jan Christian Vestre om \u00e5 f\u00e5 p\u00e5 plass et helt nytt styre i Helse Nord RHF og i samme oppryddingen s\u00f8rge for at organisasjonen f\u00e5r en ny administrerende direkt\u00f8r. Det regionale helseforetaket i Nord-Norge har utviklet seg til \u00e5 bli en lukket og selvopptatt organisasjon som veldig mange rett og slett ikke har tillit til. Et fra f\u00f8r svekket omd\u00f8mme er ytterligere forverret. Som politikere som Vestre er flinke til \u00e5 si: \u2013 S\u00e5nn kan vi ikke ha det!<\/p>\n<p><b>De siste dagenes oppstyr <\/b>rundt vanvittige lederl\u00f8nninger til direkt\u00f8rene i Helse Nord har dessuten gitt motstanderne av helseforetaksmodellen vann p\u00e5 m\u00f8lla, og n\u00e5 er det faktisk flertall p\u00e5 Stortinget for \u00e5 skrote modellen Vestre og Arbeiderpartiet er s\u00e5 glade i. Kanskje dette kan f\u00e5 ministeren til (omsider) \u00e5 ta tak i problemene i den nordligste regionen? Samme hva som m\u00e5tte f\u00e5 Vestre til \u00e5 gripe inn i denne saken, det viktigste er at noe blir gjort, helst fort.<\/p>\n<p><b>Tilbake til kommunikasjonen:<\/b> Det skal bli spennende \u00e5 se hvordan Helse Nord kommer til \u00e5 handle de n\u00e6rmeste ukene. De kan ikke fortsette \u00e5 si nei til intervjuer eller si nei til \u00e5 delta i Debatten p\u00e5 NRK. Dette kommer ikke til \u00e5 g\u00e5 over av seg selv. Kanskje forsvinner fokuset p\u00e5 lederl\u00f8nningene, men det er dessverre ikke s\u00e5 vanskelig \u00e5 se for seg at andre og helsefaglig tyngre saker overtar oppmerksomheten i media, blant sykehusansatte og pasienter\/p\u00e5r\u00f8rende i hele landsdelen. Og da dukker nok direkt\u00f8renes l\u00f8nnsniv\u00e5 opp igjen.<\/p>\n<p><b>Det er trist \u00e5 biv\u00e5ne<\/b> en skakkj\u00f8rt organisasjon gj\u00f8re det stadig verre for seg selv. Men samtidig er det tr\u00f8st \u00e5 finne i alle de flotte folkene som jo tross alt utgj\u00f8r det viktigste: helsetjenester til de av oss som trenger det. Niv\u00e5et over sykehusene er sannsynligvis bare en byr\u00e5kratisk feilkonstruksjon.<\/p>\n<p><b>La meg v\u00e6re tydelig: <\/b>de som styrer Helse Nord har mistet kontroll over b\u00e5de kommunikasjon og tillit. Bytt ut styret. Gi regionen en ledelse som prioriterer pasientene fremfor interne hensyn. Og krev \u00e5penhet om hva som skal gj\u00f8res \u2013 raskt. Innbyggerne i Nord-Norge fortjener det.<\/p>\n","protected":false},"excerpt":{"rendered":"At ansettelsen av en kommunikasjonsdirekt\u00f8r utl\u00f8ser en av de st\u00f8rste kommunikasjonskatastrofene i Helse Nords historie, er en ironisk&hellip;\n","protected":false},"author":2,"featured_media":56560,"comment_status":"","ping_status":"","sticky":false,"template":"","format":"standard","meta":{"footnotes":""},"categories":[10],"tags":[36,3235,20,21,37,24,25,15,736,8464,22,23,8465,13,30,28,29,14,1533,16,26,27],"class_list":{"0":"post-56559","1":"post","2":"type-post","3":"status-publish","4":"format-standard","5":"has-post-thumbnail","7":"category-norge","8":"tag-art","9":"tag-borre-arntzen","10":"tag-breaking-news","11":"tag-breakingnews","12":"tag-debatt","13":"tag-featured-news","14":"tag-featurednews","15":"tag-headlines","16":"tag-helse","17":"tag-helse-nord-rhf","18":"tag-latest-news","19":"tag-latestnews","20":"tag-lonninger","21":"tag-news","22":"tag-no","23":"tag-norge","24":"tag-norway","25":"tag-nyheter","26":"tag-opinion","27":"tag-overskrifter","28":"tag-top-stories","29":"tag-topstories"},"share_on_mastodon":{"url":"","error":""},"_links":{"self":[{"href":"https:\/\/www.europesays.com\/no\/wp-json\/wp\/v2\/posts\/56559","targetHints":{"allow":["GET"]}}],"collection":[{"href":"https:\/\/www.europesays.com\/no\/wp-json\/wp\/v2\/posts"}],"about":[{"href":"https:\/\/www.europesays.com\/no\/wp-json\/wp\/v2\/types\/post"}],"author":[{"embeddable":true,"href":"https:\/\/www.europesays.com\/no\/wp-json\/wp\/v2\/users\/2"}],"replies":[{"embeddable":true,"href":"https:\/\/www.europesays.com\/no\/wp-json\/wp\/v2\/comments?post=56559"}],"version-history":[{"count":0,"href":"https:\/\/www.europesays.com\/no\/wp-json\/wp\/v2\/posts\/56559\/revisions"}],"wp:featuredmedia":[{"embeddable":true,"href":"https:\/\/www.europesays.com\/no\/wp-json\/wp\/v2\/media\/56560"}],"wp:attachment":[{"href":"https:\/\/www.europesays.com\/no\/wp-json\/wp\/v2\/media?parent=56559"}],"wp:term":[{"taxonomy":"category","embeddable":true,"href":"https:\/\/www.europesays.com\/no\/wp-json\/wp\/v2\/categories?post=56559"},{"taxonomy":"post_tag","embeddable":true,"href":"https:\/\/www.europesays.com\/no\/wp-json\/wp\/v2\/tags?post=56559"}],"curies":[{"name":"wp","href":"https:\/\/api.w.org\/{rel}","templated":true}]}}