{"id":56619,"date":"2025-10-09T16:14:08","date_gmt":"2025-10-09T16:14:08","guid":{"rendered":"https:\/\/www.europesays.com\/no\/56619\/"},"modified":"2025-10-09T16:14:08","modified_gmt":"2025-10-09T16:14:08","slug":"tobias-halland-johannessen","status":"publish","type":"post","link":"https:\/\/www.europesays.com\/no\/56619\/","title":{"rendered":"Tobias Halland Johannessen"},"content":{"rendered":"\n<p class=\"_lead_1994c_2 _lead_xtcu6_50 layout-component text-serif-m layout-normal text-serif-l layout-component layout-wide layout-padded _wide_17hqh_1 layout-padded\">Tobias Halland Johannessen (26) mister resten av den sv\u00e6rt viktige sesongavslutningen for Uno-X<\/p>\n<p><img alt=\"Halland Johannessen sammen med lagkamerat Rasmus Tiller fra NM i sommer. Foto: Fredrik Varfjell \/ NTB\" class=\"_image_qp4xg_65 layout-component layout-wide\" data-fullscreen- data-track-element-type=\"Article image fullscreen\" data-track-name=\"ImageFullscreen\" fetchpriority=\"high\" decoding=\"sync\" loading=\"eager\" height=\"3113\" itemprop=\"image\"  src=\"https:\/\/www.europesays.com\/no\/wp-content\/uploads\/2025\/10\/0f18e33d-0449-4a35-a7ed-d1d1b0619325\"  style=\"object-position:0% 0%\" width=\"4669\"\/>Halland Johannessen sammen med lagkamerat Rasmus Tiller fra NM i sommer. Foto: Fredrik Varfjell \/ NTB<\/p>\n<ul aria-hidden=\"true\" class=\"_images_1y6fe_106\">\n<li><a class=\"_link_1y6fe_111\" href=\"https:\/\/www.vg.no\/forfatter\/andreas-hopen\" style=\"z-index:1\" title=\"Andreas Hopen\" rel=\"nofollow noopener\" target=\"_blank\"><img alt=\"Bilde av Andreas Hopen\" class=\"_image_1y6fe_88\" fetchpriority=\"low\" loading=\"lazy\" decoding=\"async\" itemprop=\"image\"  src=\"https:\/\/www.europesays.com\/no\/wp-content\/uploads\/2025\/10\/1760026448_420_8d697287-ea03-4d54-ab67-6d65b82629eb\"  width=\"480\"\/><\/a><\/li>\n<\/ul>\n<p> Oppdatert torsdag 9. oktober kl. 18:11    <\/p>\n<ul class=\"_list_1994c_3 _list_64s2r_85 _unordered_1994c_105 text-sans-m\">\n<li class=\"_item_1994c_30\">Tobias Halland Johannessen (26) krasjet i Gran Piemonte, brakk h\u00f8yre kragebein og er ferdig for sesongen.<\/li>\n<li class=\"_item_1994c_30\">Ogs\u00e5 Andreas Leknessund gikk i bakken, men skadeomfanget er uklart.<\/li>\n<li class=\"_item_1994c_30\">Cofidis tok innp\u00e5 i UCI-poeng; Uno-X leder med 554 i kampen om World Tour-plass 2026\u20132029. Hvis ikke, neste sjanse er 2029.<\/li>\n<\/ul>\n<p>Vis mer <\/p>\n<p class=\"_paragraph_1994c_4 _paragraph_xtcu6_10 layout-component text-serif-m layout-normal text-serif-m layout-padded\">Det var under det italienske endagsrittet Gran Piemonte at Andreas Leknessund og Tobias Halland Johannessen krasjet og m\u00e5tte bryte.<\/p>\n<p class=\"_paragraph_1994c_4 _paragraph_xtcu6_10 layout-component text-serif-m layout-normal text-serif-m layout-padded\">\u00abDet er n\u00e5 bekreftet at Tobias har p\u00e5dratt seg et brudd i sitt h\u00f8yre krageben. Dette betyr at sesongen dessverre er over\u00bb, skriver Uno-X til VG.<\/p>\n<p class=\"_paragraph_1994c_4 _paragraph_xtcu6_10 layout-component text-serif-m layout-normal text-serif-m layout-padded\">Det skjer midt i Uno-X sin intense kamp for \u00e5 sikre seg et opprykk til World TourenWorld TourenDet \u00f8verste niv\u00e5et i sykkel &#8211; hvor de 18 beste lagene holder til. Da f\u00e5r man sykle de st\u00f8rste l\u00f8pene i verden. i sykkel.<\/p>\n<p class=\"_paragraph_1994c_4 _paragraph_xtcu6_10 layout-component text-serif-m layout-normal text-serif-m layout-padded\">\u2013 Det er en kjempesmell. Han hadde v\u00e6rt viktig i dag og p\u00e5 l\u00f8rdag i Lombardia, sier lagsjef Thor Hushovd til VG.<\/p>\n<p class=\"_paragraph_1994c_4 _paragraph_xtcu6_10 layout-component text-serif-m layout-normal text-serif-m layout-padded\">Ogs\u00e5 Andreas Leknessund gikk i bakken \u2013 men skadeomfanget hans er forel\u00f8pig ikke klart.<\/p>\n<p class=\"_paragraph_1994c_4 _paragraph_xtcu6_10 layout-component text-serif-m layout-normal text-serif-m layout-padded\">Johannes Kulset ble Uno-Xs beste rytter i Piemonte. Den unge klatreren ble nummer 15.<\/p>\n<p class=\"_paragraph_1994c_4 _paragraph_xtcu6_10 layout-component text-serif-m layout-normal text-serif-m layout-padded\">Uno-X tapte noen f\u00e5 poeng til Cofidis torsdag. <\/p>\n<p class=\"_paragraph_1994c_4 _paragraph_xtcu6_10 layout-component text-serif-m layout-normal text-serif-m layout-padded\">Det betyr at Uno-X leder med 554 UCI-poeng i kampen om World Tour-plass for 2026\u20132029.<\/p>\n<p class=\"_paragraph_1994c_4 _paragraph_xtcu6_10 layout-component text-serif-m layout-normal text-serif-m layout-padded\">Til sammenligning tok Cofidis-rytter Ion Izagirre 440 poeng alene i klassikeren Il Lombardia i fjor.<\/p>\n<p class=\"_paragraph_1994c_4 _paragraph_xtcu6_10 layout-component text-serif-m layout-normal text-serif-m layout-padded\">\u2013 Vi ligger et hestehode foran og gj\u00f8r alt vi kan. Det hjelper ikke \u00e5 legge seg ned n\u00e5, sl\u00e5r Hushovd fast.<\/p>\n<p class=\"_paragraph_1994c_4 _paragraph_xtcu6_10 layout-component text-serif-m layout-normal text-serif-m layout-padded\">Hushovd sier at de \u00abf\u00f8lger planen som tenkt\u00bb, og:<\/p>\n<p class=\"_paragraph_1994c_4 _paragraph_xtcu6_10 layout-component text-serif-m layout-normal text-serif-m layout-padded\">\u2013 Paris-Tours s\u00f8ndag blir n\u00e5 ekstra viktig, og de to rittene neste uke (i Italia) blir veldig viktig, fortsetter Hushovd.<\/p>\n<p class=\"_paragraph_1994c_4 _paragraph_xtcu6_10 layout-component text-serif-m layout-normal text-serif-m layout-padded\">I Paris-Tours stiller blant annet Jonas Abrahamsen for Uno-X.<\/p>\n<p class=\"_paragraph_1994c_4 _paragraph_xtcu6_10 layout-component text-serif-m layout-normal text-serif-m layout-padded\">Hvis ikke man blir et World Tour-lag til 2026, er neste mulighet i 2029.<\/p>\n","protected":false},"excerpt":{"rendered":"Tobias Halland Johannessen (26) mister resten av den sv\u00e6rt viktige sesongavslutningen for Uno-X Halland Johannessen sammen med lagkamerat&hellip;\n","protected":false},"author":2,"featured_media":56620,"comment_status":"","ping_status":"","sticky":false,"template":"","format":"standard","meta":{"footnotes":""},"categories":[59],"tags":[30,28,29,83,82,346,347],"class_list":{"0":"post-56619","1":"post","2":"type-post","3":"status-publish","4":"format-standard","5":"has-post-thumbnail","7":"category-sport","8":"tag-no","9":"tag-norge","10":"tag-norway","11":"tag-sport","12":"tag-sports","13":"tag-sykkel","14":"tag-uno-x-pro-cycling"},"share_on_mastodon":{"url":"","error":""},"_links":{"self":[{"href":"https:\/\/www.europesays.com\/no\/wp-json\/wp\/v2\/posts\/56619","targetHints":{"allow":["GET"]}}],"collection":[{"href":"https:\/\/www.europesays.com\/no\/wp-json\/wp\/v2\/posts"}],"about":[{"href":"https:\/\/www.europesays.com\/no\/wp-json\/wp\/v2\/types\/post"}],"author":[{"embeddable":true,"href":"https:\/\/www.europesays.com\/no\/wp-json\/wp\/v2\/users\/2"}],"replies":[{"embeddable":true,"href":"https:\/\/www.europesays.com\/no\/wp-json\/wp\/v2\/comments?post=56619"}],"version-history":[{"count":0,"href":"https:\/\/www.europesays.com\/no\/wp-json\/wp\/v2\/posts\/56619\/revisions"}],"wp:featuredmedia":[{"embeddable":true,"href":"https:\/\/www.europesays.com\/no\/wp-json\/wp\/v2\/media\/56620"}],"wp:attachment":[{"href":"https:\/\/www.europesays.com\/no\/wp-json\/wp\/v2\/media?parent=56619"}],"wp:term":[{"taxonomy":"category","embeddable":true,"href":"https:\/\/www.europesays.com\/no\/wp-json\/wp\/v2\/categories?post=56619"},{"taxonomy":"post_tag","embeddable":true,"href":"https:\/\/www.europesays.com\/no\/wp-json\/wp\/v2\/tags?post=56619"}],"curies":[{"name":"wp","href":"https:\/\/api.w.org\/{rel}","templated":true}]}}