{"id":56621,"date":"2025-10-09T16:19:22","date_gmt":"2025-10-09T16:19:22","guid":{"rendered":"https:\/\/www.europesays.com\/no\/56621\/"},"modified":"2025-10-09T16:19:22","modified_gmt":"2025-10-09T16:19:22","slug":"faedrelandsvennens-redaktor-befinner-seg-i-en-boble","status":"publish","type":"post","link":"https:\/\/www.europesays.com\/no\/56621\/","title":{"rendered":"F\u00e6drelandsvennens redakt\u00f8r befinner seg i en boble"},"content":{"rendered":"<p>F\u00e6drelandsvennens kulturredakt\u00f8r Karen Kristine Bl\u00e5gestad\u00a0publiserte p\u00e5 selve to\u00e5rsdagen for 7. oktober-massakren <a href=\"https:\/\/www.fvn.no\/mening\/kommentar\/i\/W0QvA2\/skal-vi-leke-at-det-ikke-er-krig\" rel=\"nofollow noopener\" target=\"_blank\">en sedvanlig og ensidig demonisering<\/a> av Israel, hvor blant annet Israel ble beskyldt for \u00e5 ha startet den p\u00e5g\u00e5ende krigen. Det kunne vi ikke la st\u00e5 uimotsagt.<\/p>\n<p>Her er MIFFs svar, <a href=\"https:\/\/www.fvn.no\/mening\/debattinnlegg\/i\/dRxv1j\/paa-tide-aa-komme-seg-ut-av-boblen-blaagestad\" rel=\"nofollow noopener\" target=\"_blank\">som f\u00f8rst ble publisert i F\u00e6drelandsvennen<\/a>:<\/p>\n<p><strong>P\u00e5 tide \u00e5 komme seg ut av boblen, Bl\u00e5gestad<\/strong><\/p>\n<p>Kulturredakt\u00f8r Karen Kristine Bl\u00e5gestad avsl\u00f8rer med sin kommentar den 7. oktober at hun lever i en boble. Selv ikke p\u00e5 to\u00e5rsdagen for 7. oktober-massakren er det sympati \u00e5 spore.<\/p>\n<p>I g\u00e5r var det to\u00e5rsdagen for 7. oktober-massakren, det st\u00f8rste massedrapet p\u00e5 j\u00f8der siden Holocaust. F\u00e6drelandsvennen kunne brukt anledningen til \u00e5 minne sine lesere om hva som skjedde denne grufulle dagen. Dagen da vi ble vitne til en massakrering av j\u00f8der vi ikke hadde sett siden nazistenes dager. Jeg har selv bes\u00f8kt flere av kibbutzene og omr\u00e5dene som ble angrepet. Jeg har sett boligene til mennesker som ble brent levende, jeg har bes\u00f8kt gravene til barnefamilier som ble massakrert og sett husene hvor eldre mennesker ble dratt ut av sine senger og fraktet til Gazastripen for \u00e5 d\u00f8. Deres historier fortjener \u00e5 bli fortalt \u2013 spesielt p\u00e5 en dag som dette.<\/p>\n<p>F\u00e6drelandsvennen kunne ogs\u00e5 benyttet denne dagen til \u00e5 minne sine lesere om at det fortsatt sitter 48 gisler igjen i Hamas sitt fangenskap. De har n\u00e5 v\u00e6rt fanget i tuneller under bakken i over 730 dager. Isolert fra venner, familie og omverden. Bilder og videoer av utmagrede j\u00f8der som blir tvunget til \u00e5 grave sin egen grav er bilder vi ikke har sett siden Hitlers konsentrasjonsleirer. Selv om vi sa \u00abaldri mer\u00bb, s\u00e5 skjer det igjen rett foran \u00f8ynene p\u00e5 oss. Men disse bildene er tydeligvis ikke sjokkerende nok til at det er verdt \u00e5 nevnes for F\u00e6drelandsvennen. Selv ikke p\u00e5 to\u00e5rsdagen for deres kidnapping finner avisen det verdt \u00e5 nevne gislene med ett eneste ord.<\/p>\n<p>I Aftenposten kunne vi samme dag lese en kronikk skrevet av forskere ved HL-senteret (senter for studier av Holocaust og livssynsminoriteter). De p\u00e5pekte at forskningen deres viser at norske j\u00f8der har kjent p\u00e5 en f\u00f8lelse av frykt, ensomhet og isolasjon etter 7. oktober-massakren. Det j\u00f8diske samfunnet i Norge, som ikke er stort, f\u00f8ler seg isolert og p\u00e5 utsiden av fellesskapet. F\u00e6drelandsvennen kunne benyttet to\u00e5rsdagen for massakren til \u00e5 sende et budskap til den lille j\u00f8diske minoriteten, spesielt til de f\u00e5 j\u00f8dene som bor her p\u00e5 S\u00f8rlandet, om at de blir sett og h\u00f8rt. Avisen kunne ha uttrykt st\u00f8tte og sympati p\u00e5 en dag som er sv\u00e6rt vanskelig for mange av dem.<\/p>\n<p>Men nei, F\u00e6drelandsvennen og kulturredakt\u00f8r Karen Kristine Bl\u00e5gestad brukte heller to\u00e5rsdagen for massakren til den faste og ensidige demoniseringen av Israel \u2013 krydret med falske anklager om folkemord. I stedet for \u00e5 minne oss om det som skjedde denne dagen, benytter Bl\u00e5gestad heller to\u00e5rsdagen til \u00e5 bel\u00e6re oss om hvor f\u00e6lt det er at j\u00f8dene kommer til Europa for \u00e5 spille fotball og opptre p\u00e5 en scene sammen med oss. Som om det er det verste som har skjedd de siste \u00e5rene.<\/p>\n<p>Hun klarer attp\u00e5til \u00e5 fremstille det som om krigen ble startet av Israel \u2013 n\u00f8yaktig to \u00e5r etter at tusenvis av Hamas-ledede terrorister stormet inn i Israel for \u00e5 massakrere, voldta og kidnappe. Hamas sin rolle og ansvar for de forferdelige lidelsene vi har sett p\u00e5 begge sider av denne konflikten blir minimalisert og forbig\u00e5tt.<\/p>\n<p>For meg var Bl\u00e5gestads kommentar avsl\u00f8rende. At hun skriver som hun gj\u00f8r \u2013 p\u00e5 to\u00e5rsdagen for massakren \u2013 viser at hun mangler b\u00e5de forst\u00e5else og sympati for Israel og det j\u00f8diske folk. Det er kanskje p\u00e5 tide at hun kommer seg ut av den boblen hun befinner seg i.<\/p>\n","protected":false},"excerpt":{"rendered":"F\u00e6drelandsvennens kulturredakt\u00f8r Karen Kristine Bl\u00e5gestad\u00a0publiserte p\u00e5 selve to\u00e5rsdagen for 7. oktober-massakren en sedvanlig og ensidig demonisering av Israel,&hellip;\n","protected":false},"author":2,"featured_media":56622,"comment_status":"","ping_status":"","sticky":false,"template":"","format":"standard","meta":{"footnotes":""},"categories":[10],"tags":[20,21,2737,24,25,15,22,23,157,13,30,28,29,14,16,26,27],"class_list":{"0":"post-56621","1":"post","2":"type-post","3":"status-publish","4":"format-standard","5":"has-post-thumbnail","7":"category-norge","8":"tag-breaking-news","9":"tag-breakingnews","10":"tag-faedrelandsvennen","11":"tag-featured-news","12":"tag-featurednews","13":"tag-headlines","14":"tag-latest-news","15":"tag-latestnews","16":"tag-leserinnlegg","17":"tag-news","18":"tag-no","19":"tag-norge","20":"tag-norway","21":"tag-nyheter","22":"tag-overskrifter","23":"tag-top-stories","24":"tag-topstories"},"share_on_mastodon":{"url":"","error":""},"_links":{"self":[{"href":"https:\/\/www.europesays.com\/no\/wp-json\/wp\/v2\/posts\/56621","targetHints":{"allow":["GET"]}}],"collection":[{"href":"https:\/\/www.europesays.com\/no\/wp-json\/wp\/v2\/posts"}],"about":[{"href":"https:\/\/www.europesays.com\/no\/wp-json\/wp\/v2\/types\/post"}],"author":[{"embeddable":true,"href":"https:\/\/www.europesays.com\/no\/wp-json\/wp\/v2\/users\/2"}],"replies":[{"embeddable":true,"href":"https:\/\/www.europesays.com\/no\/wp-json\/wp\/v2\/comments?post=56621"}],"version-history":[{"count":0,"href":"https:\/\/www.europesays.com\/no\/wp-json\/wp\/v2\/posts\/56621\/revisions"}],"wp:featuredmedia":[{"embeddable":true,"href":"https:\/\/www.europesays.com\/no\/wp-json\/wp\/v2\/media\/56622"}],"wp:attachment":[{"href":"https:\/\/www.europesays.com\/no\/wp-json\/wp\/v2\/media?parent=56621"}],"wp:term":[{"taxonomy":"category","embeddable":true,"href":"https:\/\/www.europesays.com\/no\/wp-json\/wp\/v2\/categories?post=56621"},{"taxonomy":"post_tag","embeddable":true,"href":"https:\/\/www.europesays.com\/no\/wp-json\/wp\/v2\/tags?post=56621"}],"curies":[{"name":"wp","href":"https:\/\/api.w.org\/{rel}","templated":true}]}}