{"id":56627,"date":"2025-10-09T16:33:17","date_gmt":"2025-10-09T16:33:17","guid":{"rendered":"https:\/\/www.europesays.com\/no\/56627\/"},"modified":"2025-10-09T16:33:17","modified_gmt":"2025-10-09T16:33:17","slug":"debatt-fattigdom-nar-fattigdom-blir-grobunn-for-kriminalitet","status":"publish","type":"post","link":"https:\/\/www.europesays.com\/no\/56627\/","title":{"rendered":"Debatt, Fattigdom | N\u00e5r fattigdom blir grobunn for kriminalitet"},"content":{"rendered":"\n<p>Skytingen i Sarpsborg, der barn ned i 12-\u00e5rs alderen ble p\u00e5grepet, og granatangrepene i Oslo utf\u00f8rt av mindre\u00e5rige, har skapt sjokk. Mange reagerer med frykt og snakker om \u00absvenske tilstander\u00bb. Noen fors\u00f8ker til og med \u00e5 sl\u00e5 politisk mynt p\u00e5 hendelsene ved \u00e5 peke ut bestemte grupper.<\/p>\n<p>Men den egentlige historien er langt mer ubehagelig. Den handler ikke om etnisitet eller \u00abimportert kriminalitet\u00bb. Den handler om norske barn, v\u00e5re egne naboer, som vokser opp i fattigdom og utenforskap.<\/p>\n<p>Jeg m\u00f8ter dette i min egen jobbhverdag i politiet. Jeg har sett hvordan barn og unge trekkes inn i milj\u00f8er de aldri skulle hatt noe med \u00e5 gj\u00f8re. Ofte er det ikke \u00abvalgene deres\u00bb som har brakt dem dit, men svikt fra de voksne som skulle v\u00e6rt der f\u00f8rst \u2013 samfunnet, oss alle.<\/p>\n<p>Politiet har selv sagt det tydelig: Disse barna er ikke f\u00f8rst og fremst gjerningspersoner \u2013 de er ofre. Likevel har kommentarfeltene blitt den nye arenaen for \u00abekspertise\u00bb, mens de som faktisk jobber med problemene blir ignorert.<\/p>\n<p>Vi vet at mange av barna det gjelder har opplevd vold, omsorgssvikt og ustabile oppvekstvilk\u00e5r. De vokser opp i familier med vedvarende lavinntekt, der fritidsaktiviteter, nye kl\u00e6r og et trygt hjem er luksus.<\/p>\n<p>Dette er ikke nytt. Da jeg selv vokste opp, kjente jeg gutter som solgte hasj for \u00e5 f\u00e5 r\u00e5d til den nye Nokia-telefonen eller Buffaloskoene. Jeg visste hvor de kom fra, og hvorfor de gjorde som de gjorde. Det handlet om \u00e5 overleve, og noen ble senere rekruttert inn i tyngre kriminalitet.<\/p>\n<p>Forskjellen er at dagens ungdom i tillegg blir bombardert med bilder av luksus p\u00e5 nettet og groomet inn i kriminalitet via digitale plattformer. N\u00e5r en 13-\u00e5ring blir tilbudt 30.000 kroner for \u00e5 kaste en granat, er det et resultat av s\u00e5rbarhet og desperasjon. Ikke av \u00abmedf\u00f8dt kriminalitet\u00bb, etnisitet, religion eller kultur. De som p\u00e5st\u00e5r det, blir i realiteten nyttige idioter for bakmennene.<\/p>\n<p>Jeg og mine kollegaer vet at dette er ungdommer vi kunne fanget opp tidligere. Flere fagmilj\u00f8er har varslet om utviklingen, og riksrevisjon ga det forebyggende arbeidet strykkarakter senest i \u00e5r. Vi har rett og slett sviktet ungdommen.<\/p>\n<p>Tallene viser at dette ikke er enkelttilfeller. I Norge lever nesten 100.000 barn i husholdninger med vedvarende lavinntekt. I \u00d8stfold er situasjonen enda mer alvorlig: Hver sjette unge vokser opp i en familie med \u00f8konomiske problemer.<\/p>\n<p>I Sarpsborg alene lever over 2.000 barn i fattigdom. I Fredrikstad er andelen 17 prosent, i Sarpsborg hele 17,1 prosent. Dette er ikke noe som skjer \u00abder ute\u00bb i Oslo \u2013 dette er hverdagen i v\u00e5re egne lokalsamfunn.<\/p>\n<p>N\u00e5r voksne peker p\u00e5 \u00absvenske tilstander\u00bb og stempler barn med ulike merkelapper, skyver vi dem bare lenger ut. Spr\u00e5ket vi bruker \u2013 i kommentarfelt, i politikken, rundt middagsbordet \u2013 forsterker utenforskapet.<\/p>\n<p>Hva skjer n\u00e5r et barn opplever at samfunnet ser p\u00e5 dem som et problem f\u00f8r de i det hele tatt har f\u00e5tt en sjanse? Da blir samfunnet mindre verdt \u00e5 bry seg om. Mer utenforskap gir mindre lojalitet \u2013 og bakmennene f\u00e5r fritt spillerom. Et spillerom fremmede makter ogs\u00e5 har vist interesse for \u00e5 utnytte.<\/p>\n<p>Med bakgrunn i dette blir fattigdom en grobunn for kriminalitet.<\/p>\n<p>Politiet m\u00e5 selvsagt ha ressurser til \u00e5 sl\u00e5 hardt ned p\u00e5 bakmennene som utnytter barn. Det forebyggende arbeidet i politiet m\u00e5 vernes mot \u00f8konomiske kutt. Og skal vi lykkes langsiktig, m\u00e5 politiet f\u00e5 forutsigbare rammer og langsiktige budsjetter.<\/p>\n<p>Men politiet kan aldri alene stoppe denne utviklingen. Politiet er siste fangstnett \u2013 ikke det f\u00f8rste. N\u00e5r politiet blir involvert, er det allerede for sent.<\/p>\n<p>Det f\u00f8rste fangstnettet er oss \u2013 fellesskapet.<\/p>\n<p>Det betyr langsiktig arbeid mot familiefattigdom. Gratis og trygge fritidsarenaer. Styrking av skole og barnevern. Bedre samarbeid mellom kommune, helse, frivillighet og politi.<\/p>\n<p>Barna skulle aldri hatt bakmenn \u00e5 bli rekruttert av. Den beste kriminalpolitikken er fortsatt en god sosialpolitikk.<\/p>\n<p>Vi kommer ingen vei med pekelek. Skal vi lykkes, m\u00e5 vi st\u00e5 sammen og ta ansvar \u2013 politikere, foreldre, skoler, frivillighet og lokalsamfunn.<\/p>\n<p>Ungdommen trenger ikke flere voksne som sprer hat i kommentarfeltene. De trenger voksne som bygger fellesskap, som ser dem, og som l\u00f8fter familier ut av fattigdom. Slik reduserer vi risikoen for at 12-\u00e5ringer ender opp med v\u00e5pen i h\u00e5nda.<\/p>\n<p>Dette ansvaret deler vi alle.<\/p>\n<p>  <a href=\"https:\/\/www.sa.no\/5-46-1892611\" class=\"related-teaser has-image default-story-teaser article--c-eRUmMG article--c-eRUmMG-jKCPdD-design-default\" rel=\"nofollow noopener\" target=\"_blank\"><\/p>\n<p>    <img decoding=\"async\" loading=\"lazy\"  src=\"https:\/\/www.europesays.com\/no\/wp-content\/uploads\/2025\/10\/1760027595_337_FullSizeRender.jpeg\" alt=\"\" class=\"brick-c-cFOWSL\" style=\"\"\/><\/p>\n<p>\n            Les ogs\u00e5<\/p>\n<p>              Frp inviterer Ap med p\u00e5 hastetiltak mot ungdomskrim: \u2013 De har ingen unnskyldning\n        <\/p>\n<p>  <\/a><\/p>\n<p>  <a href=\"https:\/\/www.sa.no\/5-46-1893080\" class=\"related-teaser has-image default-story-teaser article--c-eRUmMG article--c-eRUmMG-jKCPdD-design-default\" rel=\"nofollow noopener\" target=\"_blank\"><\/p>\n<p>    <img decoding=\"async\" loading=\"lazy\"  src=\"https:\/\/www.europesays.com\/no\/wp-content\/uploads\/2025\/10\/c35fb6c3-5770-45c8-94fc-5f0ea2d1aa80+(1)_1.jpeg\" alt=\"\" class=\"brick-c-cFOWSL\" style=\"\"\/><\/p>\n<p>\n            Les ogs\u00e5<\/p>\n<p>              Slik rekrutteres unge til voldsoppdrag: \u2013 Sarpsborg har ogs\u00e5 barn i risikosonen\n        <\/p>\n<p>  <\/a><\/p>\n<p>  <a href=\"https:\/\/www.sa.no\/5-46-1893215\" class=\"related-teaser has-image default-opinion-teaser article--c-eRUmMG article--c-eRUmMG-jKCPdD-design-default\" rel=\"nofollow noopener\" target=\"_blank\"><\/p>\n<p>    <img decoding=\"async\" loading=\"lazy\"  src=\"https:\/\/www.europesays.com\/no\/wp-content\/uploads\/2025\/10\/nye2.jpg\" alt=\"\" class=\"brick-c-cFOWSL\" style=\"\"\/><\/p>\n<p>\n            Les ogs\u00e5<\/p>\n<p>              Barn er ikke problemet, svikten rundt dem er\n        <\/p>\n<p>  <\/a><\/p>\n","protected":false},"excerpt":{"rendered":"Skytingen i Sarpsborg, der barn ned i 12-\u00e5rs alderen ble p\u00e5grepet, og granatangrepene i Oslo utf\u00f8rt av mindre\u00e5rige,&hellip;\n","protected":false},"author":2,"featured_media":56628,"comment_status":"","ping_status":"","sticky":false,"template":"","format":"standard","meta":{"footnotes":""},"categories":[10],"tags":[36,20,21,37,1017,24,25,15,22,23,156,13,30,28,29,14,1533,16,26,27,3985],"class_list":{"0":"post-56627","1":"post","2":"type-post","3":"status-publish","4":"format-standard","5":"has-post-thumbnail","7":"category-norge","8":"tag-art","9":"tag-breaking-news","10":"tag-breakingnews","11":"tag-debatt","12":"tag-fattigdom","13":"tag-featured-news","14":"tag-featurednews","15":"tag-headlines","16":"tag-latest-news","17":"tag-latestnews","18":"tag-meninger","19":"tag-news","20":"tag-no","21":"tag-norge","22":"tag-norway","23":"tag-nyheter","24":"tag-opinion","25":"tag-overskrifter","26":"tag-top-stories","27":"tag-topstories","28":"tag-ungdom"},"share_on_mastodon":{"url":"","error":""},"_links":{"self":[{"href":"https:\/\/www.europesays.com\/no\/wp-json\/wp\/v2\/posts\/56627","targetHints":{"allow":["GET"]}}],"collection":[{"href":"https:\/\/www.europesays.com\/no\/wp-json\/wp\/v2\/posts"}],"about":[{"href":"https:\/\/www.europesays.com\/no\/wp-json\/wp\/v2\/types\/post"}],"author":[{"embeddable":true,"href":"https:\/\/www.europesays.com\/no\/wp-json\/wp\/v2\/users\/2"}],"replies":[{"embeddable":true,"href":"https:\/\/www.europesays.com\/no\/wp-json\/wp\/v2\/comments?post=56627"}],"version-history":[{"count":0,"href":"https:\/\/www.europesays.com\/no\/wp-json\/wp\/v2\/posts\/56627\/revisions"}],"wp:featuredmedia":[{"embeddable":true,"href":"https:\/\/www.europesays.com\/no\/wp-json\/wp\/v2\/media\/56628"}],"wp:attachment":[{"href":"https:\/\/www.europesays.com\/no\/wp-json\/wp\/v2\/media?parent=56627"}],"wp:term":[{"taxonomy":"category","embeddable":true,"href":"https:\/\/www.europesays.com\/no\/wp-json\/wp\/v2\/categories?post=56627"},{"taxonomy":"post_tag","embeddable":true,"href":"https:\/\/www.europesays.com\/no\/wp-json\/wp\/v2\/tags?post=56627"}],"curies":[{"name":"wp","href":"https:\/\/api.w.org\/{rel}","templated":true}]}}