{"id":56633,"date":"2025-10-09T16:40:11","date_gmt":"2025-10-09T16:40:11","guid":{"rendered":"https:\/\/www.europesays.com\/no\/56633\/"},"modified":"2025-10-09T16:40:11","modified_gmt":"2025-10-09T16:40:11","slug":"dette-var-hverken-planlagt-eller-onsket","status":"publish","type":"post","link":"https:\/\/www.europesays.com\/no\/56633\/","title":{"rendered":"\u2013 Dette var hverken planlagt eller \u00f8nsket"},"content":{"rendered":"\n<p class=\"_lead_1994c_2 _lead_xtcu6_50 layout-component text-serif-m layout-normal text-serif-l layout-component layout-wide layout-padded _wide_17hqh_1 layout-padded\">Torsdag er kvinnen avh\u00f8rt av politiet og erkjenner ikke straffskyld.<\/p>\n<p><img alt=\"Gjerningspersonen ble p\u00e5grepet av politiet. Foto: VG-tipser\" class=\"_image_qp4xg_65 layout-component layout-wide\" data-fullscreen- data-track-element-type=\"Article image fullscreen\" data-track-name=\"ImageFullscreen\" fetchpriority=\"high\" decoding=\"sync\" loading=\"eager\" height=\"2107\" itemprop=\"image\"  src=\"https:\/\/www.europesays.com\/no\/wp-content\/uploads\/2025\/10\/b14f52ba-9ed9-434f-a925-23848447a30e\"  style=\"object-position:0% 0%\" width=\"2858\"\/>Gjerningspersonen ble p\u00e5grepet av politiet. Foto: VG-tipser<\/p>\n<ul aria-hidden=\"true\" class=\"_images_1y6fe_106\">\n<li><a class=\"_link_1y6fe_111\" href=\"https:\/\/www.vg.no\/forfatter\/ingrid-storeboe\" style=\"z-index:1\" title=\"Ingrid Storeb\u00f8\" rel=\"nofollow noopener\" target=\"_blank\"><img alt=\"Bilde av Ingrid Storeb\u00f8\" class=\"_image_1y6fe_88\" fetchpriority=\"low\" loading=\"lazy\" decoding=\"async\" itemprop=\"image\"  src=\"https:\/\/www.europesays.com\/no\/wp-content\/uploads\/2025\/10\/1760028009_755_b3fc896d-536d-4041-8257-79b6b2cd3323\"  width=\"480\"\/><\/a><\/li>\n<\/ul>\n<p>Enerhaugen Oppdatert torsdag 9. oktober kl. 18:39     <\/p>\n<p class=\"_paragraph_1994c_4 _paragraph_xtcu6_10 layout-component text-serif-m layout-normal text-serif-m layout-padded\">Onsdag 8. oktober melder politiet at to personer er p\u00e5f\u00f8rt skader med en skarp gjenstand p\u00e5 Enerhaugen ved T\u00f8yen i\u00a0<a href=\"https:\/\/www.vg.no\/tag\/oslo?utm_source=vg-article&amp;utm_medium=auto-tagger&amp;utm_campaign=xmGQmB\" class=\"_link_1994c_39\" rel=\"nofollow noopener\" target=\"_blank\">Oslo<\/a>.<\/p>\n<p class=\"_paragraph_1994c_4 _paragraph_xtcu6_10 layout-component text-serif-m layout-normal text-serif-m layout-padded\">De skadede er et barn og en voksen kvinne.<\/p>\n<p class=\"_paragraph_1994c_4 _paragraph_xtcu6_10 layout-component text-serif-m layout-normal text-serif-m layout-padded\">Torsdag blir en kvinne i 50-\u00e5rene er siktet for drapsfors\u00f8k etter \u00e5 ha\u00a0<a href=\"https:\/\/www.vg.no\/nyheter\/i\/xmGQmB\/to-personer-skadet-i-mulig-knivstikking-i-oslo-kontroll-paa-antatt-gjerningsperson\" data-track-element-type=\"Link\" data-track-id=\"link:xmGQmB\" class=\"_link_1994c_39\" rel=\"nofollow noopener\" target=\"_blank\">knivstukket et barn og en voksen kvinne ved T\u00f8yen onsdag ettermiddag<\/a>,<\/p>\n<p class=\"_paragraph_1994c_4 _paragraph_xtcu6_10 layout-component text-serif-m layout-normal text-serif-m layout-padded\">Den siktede kvinnen er ikke kjent for politiet fra tidligere.<\/p>\n<p class=\"_paragraph_1994c_4 _paragraph_xtcu6_10 layout-component text-serif-m layout-normal text-serif-m layout-padded\"><strong class=\"_strong_1994c_25\">\u2013 Hun erkjenner ikke straffskyldikke straffskyld\u00c5 ikke erkjenne straffeskyld betyr at en person nekter for \u00e5 ha gjort noe kriminelt. Dersom noen blir siktet eller anklaget for en straffbar handling, men sier at de ikke har gjort det de beskyldes for, sier man at de ikke erkjenner straffeskyld. Det betyr med andre ord at de mener de er uskyldige, og at de ikke skal straffes for det som har skjedd. Da blir det opp til retten \u00e5 avgj\u00f8re om personen faktisk er skyldig eller ikke., og dette var hverken planlagt eller \u00f8nsket fra hennes side, sier Helene Elness, forsvarer for den 50 \u00e5r gamle siktede kvinnen.<\/strong><\/p>\n<p><img decoding=\"async\" alt=\"Bilde av Helene Elness\" class=\"_image_ygndg_42\" height=\"27\" itemprop=\"image\" loading=\"lazy\"  src=\"https:\/\/www.europesays.com\/no\/wp-content\/uploads\/2025\/10\/eb652fac-c385-431f-ab39-1e1704ba44ba\"  width=\"40\"\/><strong class=\"_name_ygndg_51 title-serif-xs\">Helene Elness<\/strong><\/p>\n<p class=\"_paragraph_1994c_4 _paragraph_xtcu6_10 layout-component text-serif-m layout-normal text-serif-m layout-padded\">Lekeplassen ligger mellom flere boligblokker p\u00e5 Enerhaugen. Den store, gr\u00f8nne plenen der lekeomr\u00e5det befinner seg, er et popul\u00e6rt samlingssted for barnefamilier i nabolaget. Som i g\u00e5r, samles mange familier her for \u00e5 tilbringe tid sammen.<\/p>\n<p class=\"_paragraph_1994c_4 _paragraph_xtcu6_10 layout-component text-serif-m layout-normal text-serif-m layout-padded\">Dagen etter angrepet er lekeplassen helt tom. <\/p>\n<p><img alt=\"Bildet er tatt p\u00e5 lekeplassen 9. oktober, dagen etter angrepet. Lekeplassen er et popul\u00e6rt sted for familier i omr\u00e5det.   Foto: Ingrid Storeb\u00f8\/VG\" class=\"_image_qp4xg_65 layout-component layout-normal\" data-fullscreen- data-track-element-type=\"Article image fullscreen\" data-track-name=\"ImageFullscreen\" decoding=\"async\" loading=\"lazy\" height=\"4284\" itemprop=\"image\"  src=\"https:\/\/www.europesays.com\/no\/wp-content\/uploads\/2025\/10\/45ada30e-6d37-4fa7-9152-7706bb718bcc\"  style=\"object-position:0% 0%\" width=\"5712\"\/>Bildet er tatt p\u00e5 lekeplassen 9. oktober, dagen etter angrepet. Lekeplassen er et popul\u00e6rt sted for familier i omr\u00e5det.   Foto: Ingrid Storeb\u00f8\/VG<\/p>\n<p class=\"_paragraph_1994c_4 _paragraph_xtcu6_10 layout-component text-serif-m layout-normal text-serif-m layout-padded\"><strong class=\"_strong_1994c_25\">Politiet har tidligere opplyst at de ikke var kjent med om siktede har en relasjon til den skadede kvinnen og barnet.<\/strong><\/p>\n<p class=\"_paragraph_1994c_4 _paragraph_xtcu6_10 layout-component text-serif-m layout-normal text-serif-m layout-padded\">Onsdag kveld opplyste politiet at ingen av de skadede fremst\u00e5r som alvorlig skadet, men blir ivaretatt av helsepersonell. Politiet opplyser ogs\u00e5 til VG at barnet er under skolepliktig alder, det vil si at barnet er under seks \u00e5r.<\/p>\n<p class=\"_paragraph_1994c_4 _paragraph_xtcu6_10 layout-component text-serif-m layout-normal text-serif-m layout-padded\">To personer som var vitner til hendelsen holdt den mistenkte gjerningspersonen fast til politiet ankom stedet.<\/p>\n<p class=\"_paragraph_1994c_4 _paragraph_xtcu6_10 layout-component text-serif-m layout-normal text-serif-m layout-padded\"><strong class=\"_strong_1994c_25\">\u2013 Da vi ankom stedet holdt de gjerningspersonen fast. Det s\u00f8rget for at politiet raskt fikk kontroll p\u00e5 vedkommende, sier Pedersen.<\/strong><\/p>\n<p class=\"_paragraph_1994c_4 _paragraph_xtcu6_10 layout-component text-serif-m layout-normal text-serif-m layout-padded\">En av vitnene har f\u00e5tt et risp i tommelen og har f\u00e5tt behandling av ambulansepersonell. <\/p>\n<p>    <img decoding=\"async\" alt=\"Tips oss illustrasjon\" width=\"62px\" height=\"auto\" src=\"https:\/\/www.europesays.com\/no\/wp-content\/uploads\/2025\/08\/1754784428_95_W9avJzE.png\"\/>    <\/p>\n<p class=\"title-serif-s\">Har du tips til oss?<\/p>\n<p class=\"text-sans-m\">Send oss informasjon, bilder eller video<\/p>\n<p>  <a href=\"https:\/\/www.vg.no\/tips-oss\" rel=\"nofollow noopener\" target=\"_blank\"> Tips oss <\/a>      <\/p>\n","protected":false},"excerpt":{"rendered":"Torsdag er kvinnen avh\u00f8rt av politiet og erkjenner ikke straffskyld. Gjerningspersonen ble p\u00e5grepet av politiet. Foto: VG-tipser Enerhaugen&hellip;\n","protected":false},"author":2,"featured_media":56634,"comment_status":"","ping_status":"","sticky":false,"template":"","format":"standard","meta":{"footnotes":""},"categories":[10],"tags":[31,20,21,24,25,15,22,23,13,30,28,29,14,16,26,27],"class_list":{"0":"post-56633","1":"post","2":"type-post","3":"status-publish","4":"format-standard","5":"has-post-thumbnail","7":"category-norge","8":"tag-breaking","9":"tag-breaking-news","10":"tag-breakingnews","11":"tag-featured-news","12":"tag-featurednews","13":"tag-headlines","14":"tag-latest-news","15":"tag-latestnews","16":"tag-news","17":"tag-no","18":"tag-norge","19":"tag-norway","20":"tag-nyheter","21":"tag-overskrifter","22":"tag-top-stories","23":"tag-topstories"},"share_on_mastodon":{"url":"","error":""},"_links":{"self":[{"href":"https:\/\/www.europesays.com\/no\/wp-json\/wp\/v2\/posts\/56633","targetHints":{"allow":["GET"]}}],"collection":[{"href":"https:\/\/www.europesays.com\/no\/wp-json\/wp\/v2\/posts"}],"about":[{"href":"https:\/\/www.europesays.com\/no\/wp-json\/wp\/v2\/types\/post"}],"author":[{"embeddable":true,"href":"https:\/\/www.europesays.com\/no\/wp-json\/wp\/v2\/users\/2"}],"replies":[{"embeddable":true,"href":"https:\/\/www.europesays.com\/no\/wp-json\/wp\/v2\/comments?post=56633"}],"version-history":[{"count":0,"href":"https:\/\/www.europesays.com\/no\/wp-json\/wp\/v2\/posts\/56633\/revisions"}],"wp:featuredmedia":[{"embeddable":true,"href":"https:\/\/www.europesays.com\/no\/wp-json\/wp\/v2\/media\/56634"}],"wp:attachment":[{"href":"https:\/\/www.europesays.com\/no\/wp-json\/wp\/v2\/media?parent=56633"}],"wp:term":[{"taxonomy":"category","embeddable":true,"href":"https:\/\/www.europesays.com\/no\/wp-json\/wp\/v2\/categories?post=56633"},{"taxonomy":"post_tag","embeddable":true,"href":"https:\/\/www.europesays.com\/no\/wp-json\/wp\/v2\/tags?post=56633"}],"curies":[{"name":"wp","href":"https:\/\/api.w.org\/{rel}","templated":true}]}}