{"id":56663,"date":"2025-10-09T17:18:09","date_gmt":"2025-10-09T17:18:09","guid":{"rendered":"https:\/\/www.europesays.com\/no\/56663\/"},"modified":"2025-10-09T17:18:09","modified_gmt":"2025-10-09T17:18:09","slug":"prins-william-deler-innsikt-om-ekteskap-og-barneoppdragelse-2","status":"publish","type":"post","link":"https:\/\/www.europesays.com\/no\/56663\/","title":{"rendered":"Prins William deler innsikt om ekteskap og barneoppdragelse"},"content":{"rendered":"<p class=\"kicker \" style=\"\">Prins William:\u00a0<\/p>\n<p>  Prinsen lover \u00e5 ikke gj\u00f8re de samme ekteskapsfeilene som foreldrene.<\/p>\n<p>\n    P\u00c5 VAKT: Prins William tar familiens privatliv p\u00e5 alvor og har l\u00e6rt av foreldrenes feil. Her med Kate under et skolebes\u00f8k i Southport for noen uker siden. Foto: Chris Jackson \/ NTB\n  <\/p>\n<p>I en ny episode av skuespiller Eugene Levys (78) Apple TV+-serie \u00abThe Reluctant Traveler\u00bb, reflekterer den britiske tronarvingen over ekteskapet mellom Kong Charles (76) og den avd\u00f8de prinsesse Diana.<\/p>\n<p>          <img loading=\"lazy\" decoding=\"async\" src=\"https:\/\/www.europesays.com\/no\/wp-content\/uploads\/2025\/10\/1760030289_457_83690320.webp\" width=\"686\" height=\"392\" title=\"STORSL\u00c5TT: Skuespiller Eugene Levy og prins William foran \u00abWindsor Castle\u00bb i forbindelse med intervjuet fra \u00abThe Reluctant traveler\u00bb. Foto: Ian Gavan \/ AppleTV+\" alt=\"\" class=\"\" style=\"--aspect-ratio-image: 1.75; \"\/><\/p>\n<p>\n          STORSL\u00c5TT: Skuespiller Eugene Levy og prins William foran \u00abWindsor Castle\u00bb i forbindelse med intervjuet fra \u00abThe Reluctant traveler\u00bb. Foto: Ian Gavan \/ AppleTV+\n      <\/p>\n<p class=\"font-weight-bold m-font-weight-bold\" data-lab-font_weight=\"font-weight-bold\">Prinsen forteller at han \u00f8nsker \u00e5 l\u00e6re av foreldrenes feil.\u00a0<\/p>\n<p>Han var bare \u00e5tte \u00e5r da Charles og Diana skilte seg i 1996, etter Charles\u2019 mange\u00e5rige aff\u00e6re med Camilla Parker Bowles, n\u00e5 dronning Camilla (78).<\/p>\n<p>          <img loading=\"lazy\" decoding=\"async\" src=\"https:\/\/www.europesays.com\/no\/wp-content\/uploads\/2025\/10\/1760030289_539_83689918.webp\" width=\"686\" height=\"460\" title=\"FAMILIE: Dav\u00e6rende prins Charles, prinsesse Diana, prins Harry og prins William avbildet i 1995. Foto: Johnny Eggit \/ NTB\" alt=\"\" class=\"\" style=\"--aspect-ratio-image: 1.49; \"\/><\/p>\n<p>\n          FAMILIE: Dav\u00e6rende prins Charles, prinsesse Diana, prins Harry og prins William avbildet i 1995. Foto: Johnny Eggit \/ NTB\n      <\/p>\n<p>William forklarer at han har tatt l\u00e6rdom av erfaringene fra barndommen og pr\u00f8ver \u00e5 unng\u00e5 \u00e5 gjenta foreldrenes feil i sitt eget ekteskap.<\/p>\n<p class=\"font-weight-bold m-font-weight-bold\" data-lab-font_weight=\"font-weight-bold\">Han understreker ogs\u00e5 viktigheten av \u00e5 skape en varm og trygg atmosf\u00e6re hjemme:\u00a0<\/p>\n<p>    <a itemprop=\"url\" href=\"https:\/\/www.seher.no\/kjendis\/selger-leiligheten-vil-nesten-ikke-flytte\/83686186\" rel=\"nofollow noopener\" target=\"_blank\"><\/p>\n<p>      <img loading=\"lazy\" decoding=\"async\" src=\"https:\/\/www.europesays.com\/no\/wp-content\/uploads\/2025\/10\/83453641.webp\" width=\"980\" height=\"441\" title=\"Flytter\" alt=\"\" class=\"lazyload\" style=\"--aspect-ratio-image: 2.22; \"\/><\/p>\n<p>        Flytter<\/p>\n<p>    <\/a><\/p>\n<p>&#8211; Du m\u00e5 ha trygghet, kj\u00e6rlighet og en f\u00f8lelse av sikkerhet, sier han, med tanke p\u00e5 oppdragelsen av parets tre barn: prins George (12), prinsesse Charlotte (10) og prins Louis (7).<\/p>\n<p>          <img loading=\"lazy\" decoding=\"async\" src=\"https:\/\/www.europesays.com\/no\/wp-content\/uploads\/2025\/10\/1760030289_560_83689927.webp\" width=\"686\" height=\"460\" title=\"EGEN FAMILIE: Prins William og prinsesse Kate sammen med barna prins George (t.v), prins Luis (i.m) og prinsesse Charlotte. Foto: SplashNews.com via NTB\" alt=\"\" class=\"\" style=\"--aspect-ratio-image: 1.49; \"\/><\/p>\n<p>\n          EGEN FAMILIE: Prins William og prinsesse Kate sammen med barna prins George (t.v), prins Luis (i.m) og prinsesse Charlotte. Foto: SplashNews.com via NTB\n      <\/p>\n<p>Han forteller ogs\u00e5 at mediedekningen hadde stor innvirkning p\u00e5 foreldrene hans, og at han og Kate derfor har satt strenge grenser for familien:<\/p>\n<p>        \u00abJAGET\u00bb: Nora Svenningsen og Javad El Bakali m\u00f8tte uventet motstand mens de var p\u00e5 r\u00f8mmen. Video: \u00abJaget\u00bb\/TVNorge\/HBO Max, R\u00f8d L\u00f8per\/Thea Hope\/Nora Skavhaug<\/p>\n<p>&#8211; Mediene var helt ustoppelige den gangen. De ville vite alt og var overalt. Det er vanskelig \u00e5 forestille seg n\u00e5, men de fulgte hvert steg, forteller William. <\/p>\n<p>Alle tre barna hans har derfor ikke mobiltelefoner, og paret legger vekt p\u00e5 at barna holder seg aktive med sport og fritidsaktiviteter som ballett,\u00a0 fotball, hockey og trampoline.<\/p>\n<p>          <img loading=\"lazy\" decoding=\"async\" src=\"https:\/\/www.europesays.com\/no\/wp-content\/uploads\/2025\/10\/1760030289_50_83689939.webp\" width=\"686\" height=\"453\" title=\"PAPARAZZI: Prinsesse Diana ble forfulgt av paparazzi hvor enn hun gikk. P\u00e5 tidspunktet hun d\u00f8de var hun verdens mest fotograferte kvinne. Foto: REX via NTB\" alt=\"\" class=\"\" style=\"--aspect-ratio-image: 1.51; \"\/><\/p>\n<p>\n          PAPARAZZI: Prinsesse Diana ble forfulgt av paparazzi hvor enn hun gikk. P\u00e5 tidspunktet hun d\u00f8de var hun verdens mest fotograferte kvinne. Foto: REX via NTB\n      <\/p>\n<p class=\"font-weight-bold m-font-weight-bold\" data-lab-font_weight=\"font-weight-bold\">&#8211; Hvis du lar medietrykket trenge inn, kan det skade familielivet. Det er noe jeg har sverget p\u00e5 aldri skal skje i min familie, sier han.<\/p>\n<p>Prinsen forteller at de legger vekt p\u00e5 kvalitetstid med familien, og paret s\u00f8rger alltid for \u00e5 spise middag sammen hver kveld. Han sier at hans viktigste m\u00e5l er \u00e5 gi barna en trygg og kj\u00e6rlig oppvekst, fri for drama og stress som kan prege dem som voksne.<\/p>\n","protected":false},"excerpt":{"rendered":"Prins William:\u00a0 Prinsen lover \u00e5 ikke gj\u00f8re de samme ekteskapsfeilene som foreldrene. P\u00c5 VAKT: Prins William tar familiens&hellip;\n","protected":false},"author":2,"featured_media":56664,"comment_status":"","ping_status":"","sticky":false,"template":"","format":"standard","meta":{"footnotes":""},"categories":[58],"tags":[3868,71,479,2543,3994,30,28,29,8391,8390,4636,8389,3646,72],"class_list":{"0":"post-56663","1":"post","2":"type-post","3":"status-publish","4":"format-standard","5":"has-post-thumbnail","7":"category-underholdning","8":"tag-dronning-camilla","9":"tag-entertainment","10":"tag-kjendis","11":"tag-kjendisdesken","12":"tag-kong-charles","13":"tag-no","14":"tag-norge","15":"tag-norway","16":"tag-prins-george","17":"tag-prins-luis","18":"tag-prins-william","19":"tag-prinsesse-charlotte","20":"tag-prinsesse-diana","21":"tag-underholdning"},"share_on_mastodon":{"url":"","error":""},"_links":{"self":[{"href":"https:\/\/www.europesays.com\/no\/wp-json\/wp\/v2\/posts\/56663","targetHints":{"allow":["GET"]}}],"collection":[{"href":"https:\/\/www.europesays.com\/no\/wp-json\/wp\/v2\/posts"}],"about":[{"href":"https:\/\/www.europesays.com\/no\/wp-json\/wp\/v2\/types\/post"}],"author":[{"embeddable":true,"href":"https:\/\/www.europesays.com\/no\/wp-json\/wp\/v2\/users\/2"}],"replies":[{"embeddable":true,"href":"https:\/\/www.europesays.com\/no\/wp-json\/wp\/v2\/comments?post=56663"}],"version-history":[{"count":0,"href":"https:\/\/www.europesays.com\/no\/wp-json\/wp\/v2\/posts\/56663\/revisions"}],"wp:featuredmedia":[{"embeddable":true,"href":"https:\/\/www.europesays.com\/no\/wp-json\/wp\/v2\/media\/56664"}],"wp:attachment":[{"href":"https:\/\/www.europesays.com\/no\/wp-json\/wp\/v2\/media?parent=56663"}],"wp:term":[{"taxonomy":"category","embeddable":true,"href":"https:\/\/www.europesays.com\/no\/wp-json\/wp\/v2\/categories?post=56663"},{"taxonomy":"post_tag","embeddable":true,"href":"https:\/\/www.europesays.com\/no\/wp-json\/wp\/v2\/tags?post=56663"}],"curies":[{"name":"wp","href":"https:\/\/api.w.org\/{rel}","templated":true}]}}