{"id":56669,"date":"2025-10-09T17:34:16","date_gmt":"2025-10-09T17:34:16","guid":{"rendered":"https:\/\/www.europesays.com\/no\/56669\/"},"modified":"2025-10-09T17:34:16","modified_gmt":"2025-10-09T17:34:16","slug":"tine-as-naeringsliv-shaher-yar-khan-er-ny-konserndirektor-i-tine","status":"publish","type":"post","link":"https:\/\/www.europesays.com\/no\/56669\/","title":{"rendered":"Tine AS, N\u00e6ringsliv | Shaher Yar Khan er ny Konserndirekt\u00f8r i Tine"},"content":{"rendered":"\n<p>Khan tiltrer i stillingen 1. mars 2026.<\/p>\n<p>\u2013 Det er et \u00e6refullt oppdrag jeg har f\u00e5tt. Jeg gleder meg til \u00e5 f\u00e5 muligheten til \u00e5 jobbe med noen av Norges sterkeste merkevarer. Det er med ydmykhet ser jeg fram til \u00e5 lede Tines kompetente forsyningsenhet, og bidra til \u00e5 forme fremtidens Tine,<\/p>\n<p>Det sier Shaher Yar Khan i en pressemelding selskapet selv har sendt ut.<\/p>\n<p>Khan har nesten 30 \u00e5rs erfaring innen forsyning, kommersielle funksjoner og B2B-salg, mange i ledende posisjoner. Han har siden 1996 hatt ulike roller innenfor Orkla konsernet. Han kommer sist fra rollen som driftsdirekt\u00f8r i Orkla Health Holding og som styreformann i Orkla Health Ocean og Perdient Group.<\/p>\n<p>\u2013 <b>Vi skal fortsette \u00e5 ha et kommersielt fokus og v\u00e6re l\u00f8nnsomhetsdrevet, samtidig som vi ikke skal g\u00e5 p\u00e5 kompromiss med trygg og sikker matvareforsyning, sier Khan.<\/b><\/p>\n<p>Supply Chain er den st\u00f8rste enheten i Tine og har ansvar produksjon, distribusjon av Tines produkter, logistikk, forskning og utvikling. Vi har ambisjoner om \u00e5 hver eneste dag v\u00e6re litt bedre enn i g\u00e5r og \u00e5 skape verdier. Khan vil v\u00e6re med \u00e5 styrke dette arbeidet i Tine.<\/p>\n<p>\u2013 Jeg er veldig forn\u00f8yd med at Shaher Yar Khan blir en del av TINE-laget. Med sin solide bakgrunn innen b\u00e5de forsyning og kommersielle roller er jeg sikker p\u00e5 at han vil v\u00e6re med \u00e5 videreutvikle Supply Chain til en ledende forsyningsenhet med en forenklet struktur, flere standardiserte kjerneprosesser og mer kunderettet vareforsyning, sier Ann-Beth Freuchen, konsernsjef i Tine.<\/p>\n<p>  <a href=\"https:\/\/www.nationen.no\/5-148-797055\" class=\"related-teaser has-image default-story-teaser article--c-eRUmMG article--c-eRUmMG-jKCPdD-design-default\" rel=\"nofollow noopener\" target=\"_blank\"><\/p>\n<p>    <img decoding=\"async\" loading=\"lazy\"  src=\"https:\/\/www.europesays.com\/no\/wp-content\/uploads\/2025\/10\/Investerer+i+ny+ostesatsing+-+norsk+mozzarella.jpg\" alt=\"\" class=\"brick-c-cFOWSL\" style=\"\"\/><\/p>\n<p>\n            Les ogs\u00e5<\/p>\n<p>              Tine svir av 14 millioner: \u2013 Vi m\u00e5 tilpasse oss nye spisevaner\n        <\/p>\n<p>  <\/a><\/p>\n","protected":false},"excerpt":{"rendered":"Khan tiltrer i stillingen 1. mars 2026. \u2013 Det er et \u00e6refullt oppdrag jeg har f\u00e5tt. Jeg gleder&hellip;\n","protected":false},"author":2,"featured_media":56670,"comment_status":"","ping_status":"","sticky":false,"template":"","format":"standard","meta":{"footnotes":""},"categories":[56],"tags":[36,60,61,3790,62,30,28,29,1510,8481],"class_list":{"0":"post-56669","1":"post","2":"type-post","3":"status-publish","4":"format-standard","5":"has-post-thumbnail","7":"category-naeringsliv","8":"tag-art","9":"tag-business","10":"tag-economy","11":"tag-meieri","12":"tag-naeringsliv","13":"tag-no","14":"tag-norge","15":"tag-norway","16":"tag-story","17":"tag-tine-as"},"share_on_mastodon":{"url":"","error":""},"_links":{"self":[{"href":"https:\/\/www.europesays.com\/no\/wp-json\/wp\/v2\/posts\/56669","targetHints":{"allow":["GET"]}}],"collection":[{"href":"https:\/\/www.europesays.com\/no\/wp-json\/wp\/v2\/posts"}],"about":[{"href":"https:\/\/www.europesays.com\/no\/wp-json\/wp\/v2\/types\/post"}],"author":[{"embeddable":true,"href":"https:\/\/www.europesays.com\/no\/wp-json\/wp\/v2\/users\/2"}],"replies":[{"embeddable":true,"href":"https:\/\/www.europesays.com\/no\/wp-json\/wp\/v2\/comments?post=56669"}],"version-history":[{"count":0,"href":"https:\/\/www.europesays.com\/no\/wp-json\/wp\/v2\/posts\/56669\/revisions"}],"wp:featuredmedia":[{"embeddable":true,"href":"https:\/\/www.europesays.com\/no\/wp-json\/wp\/v2\/media\/56670"}],"wp:attachment":[{"href":"https:\/\/www.europesays.com\/no\/wp-json\/wp\/v2\/media?parent=56669"}],"wp:term":[{"taxonomy":"category","embeddable":true,"href":"https:\/\/www.europesays.com\/no\/wp-json\/wp\/v2\/categories?post=56669"},{"taxonomy":"post_tag","embeddable":true,"href":"https:\/\/www.europesays.com\/no\/wp-json\/wp\/v2\/tags?post=56669"}],"curies":[{"name":"wp","href":"https:\/\/api.w.org\/{rel}","templated":true}]}}