{"id":56679,"date":"2025-10-09T17:47:07","date_gmt":"2025-10-09T17:47:07","guid":{"rendered":"https:\/\/www.europesays.com\/no\/56679\/"},"modified":"2025-10-09T17:47:07","modified_gmt":"2025-10-09T17:47:07","slug":"brukere-melder-om-merkelig-skjermfeil-pa-galaxy-z-fold-7","status":"publish","type":"post","link":"https:\/\/www.europesays.com\/no\/56679\/","title":{"rendered":"Brukere melder om merkelig skjermfeil p\u00e5 Galaxy Z Fold 7"},"content":{"rendered":"<p>Feilen, som f\u00f8rst ble omtalt av teknologilekkeren Abhishek Yadav, viser seg som to tydelige linjer p\u00e5 hovedskjermen, men i motsetning til tidligere tilfeller g\u00e5r de horisontalt, ikke loddrett.<\/p>\n<p>If\u00f8lge Yadav er linjene ogs\u00e5 tykkere enn de tynne stripene som tidligere har dukket opp p\u00e5 eldre Fold-modeller som Galaxy Z Fold 3 og Fold 4. Det gj\u00f8r dette til en av de mest spesielle feilene som hittil er dokumentert p\u00e5 Samsungs brettbare telefoner.<\/p>\n<p><strong>Les ogs\u00e5: <\/strong><a href=\"https:\/\/teksiden.no\/teknologi\/fra-rommet-til-ringeklokken-er-dette-fremtidens-lynlevering\/\" data-type=\"link\" data-id=\"https:\/\/teksiden.no\/teknologi\/fra-rommet-til-ringeklokken-er-dette-fremtidens-lynlevering\/\" rel=\"nofollow noopener\" target=\"_blank\">Fra rommet til ringeklokken: Er dette fremtidens lynlevering?<\/a><\/p>\n<p>Innenfor garantitiden<\/p>\n<p>Galaxy Z Fold 7 ble lansert sommeren 2025, og det aktuelle eksemplaret skal fortsatt v\u00e6re dekket av garanti. Dermed kan reparasjonen i dette tilfellet trolig bli kostnadsfri. Likevel reiser hendelsen sp\u00f8rsm\u00e5l om hvordan Samsung vil h\u00e5ndtere lignende feil dersom de oppst\u00e5r etter at garantien er utl\u00f8pt. Det skriver <a href=\"https:\/\/www.chip.de\/news\/handy\/beliebtes-galaxy-modell-betroffen-samsung-nutzer-von-wundersamen-problem-genervt_dbac8830-beb1-4ebd-a558-106a2fe594db.html\" data-type=\"link\" data-id=\"https:\/\/www.chip.de\/news\/handy\/beliebtes-galaxy-modell-betroffen-samsung-nutzer-von-wundersamen-problem-genervt_dbac8830-beb1-4ebd-a558-106a2fe594db.html\" target=\"_blank\" rel=\"noopener nofollow\">chip.<\/a><\/p>\n<p>Samtidig forbereder selskapet lanseringen av et nytt brettbart produkt neste uke, som forel\u00f8pig bare skal selges i ett marked.<\/p>\n<p>Ikke n\u00f8dvendigvis brukerfeil<\/p>\n<p>Tidligere har linjer p\u00e5 OLED-skjermer ofte blitt forklart med fysiske skader eller slitasje, men eksperter mener n\u00e5 at problemet er av mer teknisk karakter. Slike defekter kan oppst\u00e5 uten at brukeren har gjort noe galt, og Samsung anbefales \u00e5 unders\u00f8ke sakene n\u00f8ye for \u00e5 sikre tilliten blant kundene.<\/p>\n<p>Tidligere modeller hadde lignende problemer<\/p>\n<p>De s\u00e5kalte \u00abGreen Line\u00bb-feilene, der gr\u00f8nne eller fargede streker plutselig vises p\u00e5 skjermen, har blitt stadig vanligere. Slike rapporter gjelder ikke bare Fold-serien, men ogs\u00e5 flere andre Samsung-telefoner. P\u00e5 tidligere Fold-modeller har feilene i enkelte tilfeller f\u00f8rt til total svikt i skjermen.<\/p>\n<p>Om problemet p\u00e5 Galaxy Z Fold 7 viser seg \u00e5 v\u00e6re et enkeltst\u00e5ende tilfelle eller del av et tilbakevendende kvalitetsproblem, gjenst\u00e5r \u00e5 se.<\/p>\n<p><strong>Les ogs\u00e5: <\/strong><a href=\"https:\/\/teksiden.no\/mobil\/oppdaterte-iphonen-din-da-har-du-fatt-en-ny-app-uten-a-merke-det\/\" data-type=\"link\" data-id=\"https:\/\/teksiden.no\/mobil\/oppdaterte-iphonen-din-da-har-du-fatt-en-ny-app-uten-a-merke-det\/\" rel=\"nofollow noopener\" target=\"_blank\">Oppdaterte iPhonen din? Da har du f\u00e5tt en ny app uten \u00e5 merke det<\/a><\/p>\n","protected":false},"excerpt":{"rendered":"Feilen, som f\u00f8rst ble omtalt av teknologilekkeren Abhishek Yadav, viser seg som to tydelige linjer p\u00e5 hovedskjermen, men&hellip;\n","protected":false},"author":2,"featured_media":56680,"comment_status":"","ping_status":"","sticky":false,"template":"","format":"standard","meta":{"footnotes":""},"categories":[57],"tags":[30,28,29,65,63,64,66,70,69,67,68],"class_list":{"0":"post-56679","1":"post","2":"type-post","3":"status-publish","4":"format-standard","5":"has-post-thumbnail","7":"category-vitenskap-og-teknologi","8":"tag-no","9":"tag-norge","10":"tag-norway","11":"tag-science","12":"tag-science-and-technology","13":"tag-scienceandtechnology","14":"tag-technology","15":"tag-teknologi","16":"tag-vitenskap","17":"tag-vitenskap-og-teknologi","18":"tag-vitenskapteknologi"},"share_on_mastodon":{"url":"","error":""},"_links":{"self":[{"href":"https:\/\/www.europesays.com\/no\/wp-json\/wp\/v2\/posts\/56679","targetHints":{"allow":["GET"]}}],"collection":[{"href":"https:\/\/www.europesays.com\/no\/wp-json\/wp\/v2\/posts"}],"about":[{"href":"https:\/\/www.europesays.com\/no\/wp-json\/wp\/v2\/types\/post"}],"author":[{"embeddable":true,"href":"https:\/\/www.europesays.com\/no\/wp-json\/wp\/v2\/users\/2"}],"replies":[{"embeddable":true,"href":"https:\/\/www.europesays.com\/no\/wp-json\/wp\/v2\/comments?post=56679"}],"version-history":[{"count":0,"href":"https:\/\/www.europesays.com\/no\/wp-json\/wp\/v2\/posts\/56679\/revisions"}],"wp:featuredmedia":[{"embeddable":true,"href":"https:\/\/www.europesays.com\/no\/wp-json\/wp\/v2\/media\/56680"}],"wp:attachment":[{"href":"https:\/\/www.europesays.com\/no\/wp-json\/wp\/v2\/media?parent=56679"}],"wp:term":[{"taxonomy":"category","embeddable":true,"href":"https:\/\/www.europesays.com\/no\/wp-json\/wp\/v2\/categories?post=56679"},{"taxonomy":"post_tag","embeddable":true,"href":"https:\/\/www.europesays.com\/no\/wp-json\/wp\/v2\/tags?post=56679"}],"curies":[{"name":"wp","href":"https:\/\/api.w.org\/{rel}","templated":true}]}}