{"id":56687,"date":"2025-10-09T17:53:08","date_gmt":"2025-10-09T17:53:08","guid":{"rendered":"https:\/\/www.europesays.com\/no\/56687\/"},"modified":"2025-10-09T17:53:08","modified_gmt":"2025-10-09T17:53:08","slug":"bianca-ingrosso-bekrefter-ny-romanse-og-fremtidsplaner","status":"publish","type":"post","link":"https:\/\/www.europesays.com\/no\/56687\/","title":{"rendered":"Bianca Ingrosso bekrefter ny romanse og fremtidsplaner"},"content":{"rendered":"<p class=\"kicker \" style=\"\">Bianca Ingrosso:\u00a0<\/p>\n<p>  Den svenske influenseren r\u00f8per at det er en helt spesiell person i livet hennes.\u00a0<\/p>\n<p>\n    R\u00d8PER: Bianca Ingrosso har lenge holdt kj\u00e6rlighetslivet skjult. N\u00e5 gir hun et innblikk. Foto: Shutterstock \/NTB\n  <\/p>\n<p>Den svenske influenseren Bianca Ingrosso (30) bekrefter at hun har m\u00f8tt noen. Det gj\u00f8r hun i en ny vlogg p\u00e5 <a href=\"https:\/\/www.youtube.com\/watch?v=DpehOAMG-9g\" rel=\"nofollow noopener\" target=\"_blank\">YouTube<\/a>-kanalen sin.<\/p>\n<p> &#8211; Jeg dater noen n\u00e5. Dere som ser den nye sesongen av \u00abWahlgrens verden\u00bb vet ogs\u00e5 at jeg har truffet noen, gjort det slutt, og n\u00e5 dater jeg noen igjen, sier hun i videoen. <\/p>\n<p>          <img loading=\"lazy\" decoding=\"async\" src=\"https:\/\/www.europesays.com\/no\/wp-content\/uploads\/2025\/10\/79987429.webp\" width=\"686\" height=\"501\" title=\"ST\u00d8TTE: Bianca Ingrosso sammen med moren Pernilla Wahlgren (57). Foto: LINDAHL BJ\u00d6RN\/Aftonbladet\" alt=\"\" class=\"\" style=\"--aspect-ratio-image: 1.37; \"\/><\/p>\n<p>\n          ST\u00d8TTE: Bianca Ingrosso sammen med moren Pernilla Wahlgren (57). Foto: LINDAHL BJ\u00d6RN\/Aftonbladet\n      <\/p>\n<p>Hun fortsetter:<\/p>\n<p>&#8211; Og n\u00e5r vil vi ha barn? Jeg tror aldri jeg kommer til \u00e5 f\u00f8le meg helt klar. Jeg f\u00f8ler at jeg er f\u00f8dt til \u00e5 bli mamma, og hele mitt motto i rundt 28 \u00e5r var at alle avgj\u00f8relser jeg tok i livet handlet om \u00abvil denne situasjonen eller reisen eller opplevelsen vil gj\u00f8re meg til en bedre mamma\u00bb. Da sa jeg ja til alt som f\u00f8ltes riktig.<\/p>\n<p>Ekskj\u00e6resten Philippe Cohen (31) fortalte nylig at han skal bli far. Ingrosso er usikker p\u00e5 n\u00e5r hun vil gj\u00f8re det samme.<\/p>\n<p>    <a itemprop=\"url\" href=\"https:\/\/www.seher.no\/kjendis\/deler-gladnyhet\/83653525\" rel=\"nofollow noopener\" target=\"_blank\"><\/p>\n<p>      <img loading=\"lazy\" decoding=\"async\" src=\"https:\/\/www.europesays.com\/no\/wp-content\/uploads\/2025\/10\/83653586.webp\" width=\"980\" height=\"441\" title=\"Deler gladnyhet\" alt=\"\" class=\"lazyload\" style=\"--aspect-ratio-image: 2.22; \"\/><\/p>\n<p>        Deler gladnyhet<\/p>\n<p>    <\/a><\/p>\n<p>&#8211; S\u00e5 gjorde jeg og eksen slutt, og jeg begynte \u00e5 leve livet p\u00e5 nytt, ble forelsket i hverdagen og begynte \u00e5 reise og ha det g\u00f8y for f\u00f8rste gang. Jeg satt ikke lenger bare hjemme fast i leiligheten og jobbet konstant. Da kjente jeg bare \u00abherregud, jeg vil fortsette \u00e5 leve dette morsomme livet i mange \u00e5r\u00bb. S\u00e5 jeg har ingen plan for n\u00e5r jeg vil bli mamma, bekrefter hun.<\/p>\n<p>Hun opplyser ikke hvem den mystiske mannen er.\u00a0<\/p>\n","protected":false},"excerpt":{"rendered":"Bianca Ingrosso:\u00a0 Den svenske influenseren r\u00f8per at det er en helt spesiell person i livet hennes.\u00a0 R\u00d8PER: Bianca&hellip;\n","protected":false},"author":2,"featured_media":56688,"comment_status":"","ping_status":"","sticky":false,"template":"","format":"standard","meta":{"footnotes":""},"categories":[58],"tags":[1324,71,479,2543,30,28,29,72],"class_list":{"0":"post-56687","1":"post","2":"type-post","3":"status-publish","4":"format-standard","5":"has-post-thumbnail","7":"category-underholdning","8":"tag-bianca-ingrosso","9":"tag-entertainment","10":"tag-kjendis","11":"tag-kjendisdesken","12":"tag-no","13":"tag-norge","14":"tag-norway","15":"tag-underholdning"},"share_on_mastodon":{"url":"","error":""},"_links":{"self":[{"href":"https:\/\/www.europesays.com\/no\/wp-json\/wp\/v2\/posts\/56687","targetHints":{"allow":["GET"]}}],"collection":[{"href":"https:\/\/www.europesays.com\/no\/wp-json\/wp\/v2\/posts"}],"about":[{"href":"https:\/\/www.europesays.com\/no\/wp-json\/wp\/v2\/types\/post"}],"author":[{"embeddable":true,"href":"https:\/\/www.europesays.com\/no\/wp-json\/wp\/v2\/users\/2"}],"replies":[{"embeddable":true,"href":"https:\/\/www.europesays.com\/no\/wp-json\/wp\/v2\/comments?post=56687"}],"version-history":[{"count":0,"href":"https:\/\/www.europesays.com\/no\/wp-json\/wp\/v2\/posts\/56687\/revisions"}],"wp:featuredmedia":[{"embeddable":true,"href":"https:\/\/www.europesays.com\/no\/wp-json\/wp\/v2\/media\/56688"}],"wp:attachment":[{"href":"https:\/\/www.europesays.com\/no\/wp-json\/wp\/v2\/media?parent=56687"}],"wp:term":[{"taxonomy":"category","embeddable":true,"href":"https:\/\/www.europesays.com\/no\/wp-json\/wp\/v2\/categories?post=56687"},{"taxonomy":"post_tag","embeddable":true,"href":"https:\/\/www.europesays.com\/no\/wp-json\/wp\/v2\/tags?post=56687"}],"curies":[{"name":"wp","href":"https:\/\/api.w.org\/{rel}","templated":true}]}}