{"id":56721,"date":"2025-10-09T18:25:12","date_gmt":"2025-10-09T18:25:12","guid":{"rendered":"https:\/\/www.europesays.com\/no\/56721\/"},"modified":"2025-10-09T18:25:12","modified_gmt":"2025-10-09T18:25:12","slug":"bunadsgeriljaen-fodetilbud-fodeundersokelse-kvinner-opplever-best-omsorg-pa-sma-sykehus","status":"publish","type":"post","link":"https:\/\/www.europesays.com\/no\/56721\/","title":{"rendered":"Bunadsgeriljaen, F\u00f8detilbud | F\u00f8deunders\u00f8kelse: Kvinner opplever best omsorg p\u00e5 sm\u00e5 sykehus"},"content":{"rendered":"\n<p>   <img decoding=\"async\" width=\"1095\" height=\"717\" fetchpriority=\"low\"  loading=\"lazy\"  src=\"https:\/\/www.europesays.com\/no\/wp-content\/uploads\/2025\/10\/Ingrid-Uthaug_1.jpg\" alt=\"\" class=\"brick-c-cFOWSL\" style=\"--brick-image-ratio: 1095 \/ 717;\"\/><\/p>\n<p>    Ingrid Uthaug er ikke overrasket over at folk trives best p\u00e5 de sm\u00e5 f\u00f8deavdelingene<\/p>\n<p>13.000 kvinner svarte p\u00e5 bruker og erfarings unders\u00f8kelsen fra <a rel=\"Follow nofollow noopener\" href=\"https:\/\/www.helsedirektoratet.no\/statistikk\/nasjonale-brukererfaringsundersokelser\/erfaringer-med-svangerskaps-fodsels-og-barselomsorgen\/hovedresultater-fra-den-nasjonale-undersokelsen-av-kvinners-erfaringer-med-svangerskaps-fodsels-og-barselomsorgen\" target=\"_blank\">Helsedirektoratet<\/a> for perioden august 2024 til februar 2025. Kvinnene som ble spurt har v\u00e6rt gjennom svangerskap, f\u00f8dsel og barseltid.<\/p>\n<p>Totalt 28 600 kvinner over 18 \u00e5r som f\u00f8dte p\u00e5 offentlige f\u00f8deinstitusjoner mottok unders\u00f8kelsen. 46 prosent, har svart. Sp\u00f8rreskjemaet besto av 143 sp\u00f8rsm\u00e5l og ble sendt ut via Helsenorge. Unders\u00f8kelsen ble gjort p\u00e5 oppdrag for Helse- og omsorgsdepartementet.<\/p>\n<p>\u2013 Dette er en omfattende unders\u00f8kelse, som gir oss sv\u00e6rt viktig kunnskap om hvordan f\u00f8dende selv opplever svangerskaps-, f\u00f8dsels- og barselomsorgen, sier helsedirekt\u00f8r Cathrine M. Lofthus i en pressemelding.<\/p>\n<p>   <img decoding=\"async\" width=\"524\" height=\"434\" fetchpriority=\"low\"  loading=\"lazy\"  src=\"https:\/\/www.europesays.com\/no\/wp-content\/uploads\/2025\/10\/Skjermbilde+2025-05-15+181948.png\" alt=\"\" class=\"brick-c-cFOWSL\" style=\"--brick-image-ratio: 524 \/ 434;\"\/><\/p>\n<p> \u00abForm\u00e5let er \u00e5 f\u00e5 bedre kunnskap om kontinuitet i tjenestetilbudet og kunne f\u00f8lge med om tilbudet blir bedre.\u00bb St\u00e5r det p\u00e5 hjemmesiden til Helsedirektoratet.<\/p>\n<p>  <a href=\"https:\/\/www.nationen.no\/5-148-721091\" class=\"related-teaser has-image default-story-teaser article--c-eRUmMG article--c-eRUmMG-jKCPdD-design-default\" rel=\"nofollow noopener\" target=\"_blank\"><\/p>\n<p>    <img decoding=\"async\" loading=\"lazy\"  src=\"https:\/\/www.europesays.com\/no\/wp-content\/uploads\/2025\/10\/Fanny+gravid.jpg\" alt=\"\" class=\"brick-c-cFOWSL\" style=\"\"\/><\/p>\n<p>\n            Les ogs\u00e5<\/p>\n<p>              Her b\u00f8r du ikke f\u00f8de i sommer: Fanny (36) er blant dem som rammes\n        <\/p>\n<p>  <\/a><\/p>\n<p>Leder i Bunadsgeriljaen, Ingrid Oline Uthaug er ikke imponert.<\/p>\n<p>\u2013 Helsedirektoratet fremst\u00e5r ikke som en n\u00f8ytral part i dette her. Det er positivt at 8 av 10 er forn\u00f8yde. Men 2 av 10 er middels, eller ikke forn\u00f8yde.<\/p>\n<p>Mener grupper er utelatt<\/p>\n<p>Uthaug har regnet p\u00e5 tallene.<\/p>\n<p>\u2013 Generaliserer man tallene betyr det at det at over 10.000 er middels forn\u00f8y eller ikke forn\u00f8yde. Det er faktisk ganske mange.<\/p>\n<p>Hun reagerer ogs\u00e5 p\u00e5 at det er grupper som kan ha hatt andre opplevelser som er utelatt i sp\u00f8rreunders\u00f8kelsen.<\/p>\n<p>\u2013 Det er de som ikke rakk fram til f\u00f8deavdelingen og der hvor barnet d\u00f8de. Derfor blir det et skjevt bilde. Helsedirektoratet sier disse ikke er spurt av hensyn til personvernet. Men jeg er ikke enig. Det ligger \u00e5pen statistikk p\u00e5 hvor mange dette omfatter p\u00e5 <a href=\"https:\/\/helsedata.no\/no\/forvaltere\/folkehelseinstituttet\/medisinsk-fodselsregister\/\" rel=\"nofollow noopener\" target=\"_blank\">Medisinsk f\u00f8dselsregister<\/a> (MFR), sier Uthaug. Deres opplevelser vil i en unders\u00f8kelse med et slikt omfang ikke kunne identifiseres p\u00e5 personniv\u00e5, mener hun.<\/p>\n<p>   <img decoding=\"async\" width=\"2461\" height=\"1731\" fetchpriority=\"low\"  loading=\"lazy\"  src=\"https:\/\/www.europesays.com\/no\/wp-content\/uploads\/2025\/10\/cueres_scp-jcfyugtynuk_JcfyUGtYNuk.jpg\" alt=\"Oslo 20010510 H\u00e5nden til en nyf\u00f8dt baby som holder en voksen finger.&#10;(Barnet heter Mia Junge)&#10;Foto: Heiko Junge \/ NTB\" class=\"brick-c-cFOWSL\" style=\"--brick-image-ratio: 2461 \/ 1731;\"\/><\/p>\n<p>    Oslo 20010510 H\u00e5nden til en nyf\u00f8dt baby som holder en voksen finger.<br \/>\n(Barnet heter Mia Junge)<br \/>\nFoto: Heiko Junge \/ NTB<br \/>\n    Foto: Heiko Junge\n  <\/p>\n<p>Det er variasjoner mellom sykehus og mellom kommuner, viser unders\u00f8kelsen til Helsedirektoratet. Men det er sm\u00e5 geografiske forskjeller. Barsel er det omr\u00e5det hvor variasjonen er st\u00f8rst. Kvinner rapporterer noe d\u00e5rligere erfaringer for store sykehus og store kommuner enn mindre enheter.<\/p>\n<p>  <a href=\"https:\/\/www.nationen.no\/5-148-715270\" class=\"related-teaser has-image default-story-teaser article--c-eRUmMG article--c-eRUmMG-jKCPdD-design-default\" rel=\"nofollow noopener\" target=\"_blank\"><\/p>\n<p>    <img decoding=\"async\" loading=\"lazy\"  src=\"https:\/\/www.europesays.com\/no\/wp-content\/uploads\/2025\/10\/5GUQBSOV7VB4TMBAHXMFS5X27M.jpg\" alt=\"\" class=\"brick-c-cFOWSL\" style=\"\"\/><\/p>\n<p>\n            Les ogs\u00e5<\/p>\n<p>              Melissa (33): \u2013 Jeg er redd for \u00e5 bli gravid igjen\n        <\/p>\n<p>  <\/a><\/p>\n<p>\u2013 Disse tilbakemeldingene m\u00e5 vi ta innover oss. De gode resultatene gir oss verdifull informasjon om hva som fungerer godt og som vi m\u00e5 ta vare p\u00e5. Samtidig m\u00e5 vi ta tak i det som ikke fungerer godt nok, og denne unders\u00f8kelsen gir oss et godt grunnlag for det, sier helsedirekt\u00f8r Lofthus.<\/p>\n<p>Kjentes trygt<\/p>\n<p>Ingrid Uthaug i Bunadsgeriljaen f\u00f8dte selv barn p\u00e5 f\u00f8deavdelingen ved Kristiansund for tolv \u00e5r siden.<\/p>\n<p>\u2013 P\u00e5 f\u00f8deavdelingen i Kristiansund var barsel en integrert del av f\u00f8deavdelingen. Fra jeg kom inn til vi dro hjem var jeg p\u00e5 den samme avdelingen. Konsultasjoner og ultralyd var utf\u00f8rt av personell ansatt p\u00e5 f\u00f8deavdelingen. Man m\u00f8tte da flere kjente ansikter. Det kjentes trygt.<\/p>\n<p>Det er en av grunnene til at hun ikke er overrasket over at folk trives best p\u00e5 de sm\u00e5 f\u00f8deavdelingene.<\/p>\n<p><b>\u2013 Kvinner liker kontinuitet og det er det p\u00e5 de mindre f\u00f8deavdelingene. Der har folk bedre tid. Helsedirektoratet sier kontinuitet gir en bedre opplevelse og at det blir mindre inngrep. <\/b><\/p>\n<p><b>\u2013 Hvordan skal de sikre dette p\u00e5 sm\u00e5 steder der det er store avstander til f\u00f8deavdelingene? Skal kommunejordm\u00f8dre f\u00f8lge den f\u00f8dende til f\u00f8dested vil det kreve flere jordm\u00f8dre. Nordm\u00f8re og Tinn opplever jo n\u00e5 at ogs\u00e5 f\u00f8lgetjenesten er lagt ned. Den beste m\u00e5ten \u00e5 sikre kontinuitet p\u00e5 i distriktene er \u00e5 ta vare p\u00e5 de mindre f\u00f8deavdelingene og f\u00f8destuene. <br \/><\/b><\/p>\n<p>Uthaug reagerer ogs\u00e5 p\u00e5 at det er kvinnene som har svart p\u00e5 vegne av sin partner n\u00e5r det gjelder barselomsorg.<\/p>\n<p>\u2013 Partnere ble ikke spurt. Der er det 81 prosent som svarer at de synes partneren har blitt godt tatt vare p\u00e5. Men for kvinnene i barsel var det 60 prosent som var forn\u00f8yde. De synes med andre ord at partneren ble bedre ivaretatt enn seg selv som f\u00f8dende. Ogs\u00e5 p\u00e5 sp\u00f8rsm\u00e5l om f\u00f8dselsomsorgen var kvinner mest forn\u00f8yd med hvordan partner ble ivaretatt.<\/p>\n<p>Etter press fra brukerorganisasjonene Barseloppr\u00f8ret, Landsforeningen 1001 dager, Birth Right Norge og Bunadsgeriljaen ble kvinner som f\u00f8dte p\u00e5 sommeren i juni og juli 2025 inkludert denne gangen. Det ble varslet at resultatene fra sommerf\u00f8dene f\u00f8rst offentliggj\u00f8res i slutten av \u00e5ret.<\/p>\n<p>\u2013 Jeg venter p\u00e5 sommertallene. Hva har de tenkt \u00e5 gj\u00f8re for de som ikke er forn\u00f8yde og hvordan skal unders\u00f8kelsen blir brukt, sier Uthaug.<\/p>\n<p>Hun trekker frem at Helsedirektoratet s\u00e5 langt kun har publisert samlet score p\u00e5 indikatorene \u2013 ikke underliggende sp\u00f8rsm\u00e5l. Det er heller ikke spurt om kvinnens f\u00f8dselsopplevelse, totalt sett.<\/p>\n<p>Hun trekker frem at indikatoren rammer og organisering ved f\u00f8dested best\u00e5r av f\u00f8lgende sp\u00f8rsm\u00e5l:<\/p>\n<ul>\n<li>Ble du tatt imot p\u00e5 en god m\u00e5te da du ankom f\u00f8deavdelingen?<\/li>\n<li>Hadde helsepersonellet tid til deg n\u00e5r du trengte det?<\/li>\n<li>Hadde du tillit til helsepersonellets faglige dyktighet?<\/li>\n<li>Fikk du tilstrekkelig informasjon under oppholdet p\u00e5 f\u00f8deavdelingen?<\/li>\n<li>Opplevde du at tilbudet du fikk under oppholdet p\u00e5 f\u00f8deavdelingen var godt organisert?<\/li>\n<li>Opplevde du at helsepersonellet samarbeidet godt i forbindelse med f\u00f8dselen din?<\/li>\n<li>Fikk du informasjon om hvem som hadde hovedansvaret for deg?<\/li>\n<\/ul>\n<p>\u2013 Det er stort sett hvordan kvinner opplever personellet ved sykehus rapporten sier noe om. Vi vet at de gj\u00f8r s\u00e5 godt de kan. Det er ikke helsepersonellet som er problemet, men d\u00e5rlig bemanning, avslutter Uthaug.<\/p>\n","protected":false},"excerpt":{"rendered":"Ingrid Uthaug er ikke overrasket over at folk trives best p\u00e5 de sm\u00e5 f\u00f8deavdelingene 13.000 kvinner svarte p\u00e5&hellip;\n","protected":false},"author":2,"featured_media":56722,"comment_status":"","ping_status":"","sticky":false,"template":"","format":"standard","meta":{"footnotes":""},"categories":[10],"tags":[36,20,21,8490,8492,24,25,8491,3066,15,736,2887,22,23,13,30,28,29,14,16,1510,948,26,27],"class_list":{"0":"post-56721","1":"post","2":"type-post","3":"status-publish","4":"format-standard","5":"has-post-thumbnail","7":"category-norge","8":"tag-art","9":"tag-breaking-news","10":"tag-breakingnews","11":"tag-bunadsgeriljaen","12":"tag-distriktsloftene","13":"tag-featured-news","14":"tag-featurednews","15":"tag-fodetilbud","16":"tag-fodsel","17":"tag-headlines","18":"tag-helse","19":"tag-kvinner","20":"tag-latest-news","21":"tag-latestnews","22":"tag-news","23":"tag-no","24":"tag-norge","25":"tag-norway","26":"tag-nyheter","27":"tag-overskrifter","28":"tag-story","29":"tag-sykehus","30":"tag-top-stories","31":"tag-topstories"},"share_on_mastodon":{"url":"","error":""},"_links":{"self":[{"href":"https:\/\/www.europesays.com\/no\/wp-json\/wp\/v2\/posts\/56721","targetHints":{"allow":["GET"]}}],"collection":[{"href":"https:\/\/www.europesays.com\/no\/wp-json\/wp\/v2\/posts"}],"about":[{"href":"https:\/\/www.europesays.com\/no\/wp-json\/wp\/v2\/types\/post"}],"author":[{"embeddable":true,"href":"https:\/\/www.europesays.com\/no\/wp-json\/wp\/v2\/users\/2"}],"replies":[{"embeddable":true,"href":"https:\/\/www.europesays.com\/no\/wp-json\/wp\/v2\/comments?post=56721"}],"version-history":[{"count":0,"href":"https:\/\/www.europesays.com\/no\/wp-json\/wp\/v2\/posts\/56721\/revisions"}],"wp:featuredmedia":[{"embeddable":true,"href":"https:\/\/www.europesays.com\/no\/wp-json\/wp\/v2\/media\/56722"}],"wp:attachment":[{"href":"https:\/\/www.europesays.com\/no\/wp-json\/wp\/v2\/media?parent=56721"}],"wp:term":[{"taxonomy":"category","embeddable":true,"href":"https:\/\/www.europesays.com\/no\/wp-json\/wp\/v2\/categories?post=56721"},{"taxonomy":"post_tag","embeddable":true,"href":"https:\/\/www.europesays.com\/no\/wp-json\/wp\/v2\/tags?post=56721"}],"curies":[{"name":"wp","href":"https:\/\/api.w.org\/{rel}","templated":true}]}}