{"id":56760,"date":"2025-10-09T19:14:16","date_gmt":"2025-10-09T19:14:16","guid":{"rendered":"https:\/\/www.europesays.com\/no\/56760\/"},"modified":"2025-10-09T19:14:16","modified_gmt":"2025-10-09T19:14:16","slug":"hele-opplevelsen-var-surrealistisk","status":"publish","type":"post","link":"https:\/\/www.europesays.com\/no\/56760\/","title":{"rendered":"\u2013 Hele opplevelsen var surrealistisk"},"content":{"rendered":"\n<ul class=\"_list_1994c_3 _list_64s2r_85 _unordered_1994c_105 text-sans-m\">\n<li class=\"_item_1994c_30\">P\u00e5 Quality Hotel Edvard Grieg i Bergen hjalp avdelingslederne Nathalie D\u00f8mbe og Maren Bjelland til da et turistpar plutselig fikk baby p\u00e5 hotellrommet.<\/li>\n<li class=\"_item_1994c_30\">Babyen ble bl\u00e5 og stille, men med veiledning fra helsepersonell fikk de livstegn f\u00f8r ambulanse ankom.<\/li>\n<li class=\"_item_1994c_30\">De to hotellansatte fikk m\u00f8te den lille jenta senere, da familien kom p\u00e5 bes\u00f8k. <\/li>\n<\/ul>\n<p>Vis mer <\/p>\n<p class=\"_paragraph_1994c_4 _paragraph_xtcu6_10 layout-component text-serif-m layout-normal text-serif-m layout-padded\">\u2013 For halvannen uke siden skjedde det noe helt ellevilt p\u00e5 hotellet v\u00e5rt, som vi aldri kommer til \u00e5 glemme!<\/p>\n<p class=\"_paragraph_1994c_4 _paragraph_xtcu6_10 layout-component text-serif-m layout-normal text-serif-m layout-padded\">Slik begynner innlegget Quality Hotel Edvard Grieg i <a href=\"https:\/\/www.vg.no\/tag\/bergen?utm_source=vg-article&amp;utm_medium=auto-tagger&amp;utm_campaign=vg4x8l\" class=\"_link_1994c_39\" rel=\"nofollow noopener\" target=\"_blank\">Bergen<\/a> har lagt ut p\u00e5 Facebook. <\/p>\n<p class=\"_paragraph_1994c_4 _paragraph_xtcu6_10 layout-component text-serif-m layout-normal text-serif-m layout-padded\">Det var nemlig en helt spesiell hendelse som fant sted da Nathalie D\u00f8mbe (33) og Maren Bjelland (28) var p\u00e5 jobb forrige fredag. <\/p>\n<p class=\"_paragraph_1994c_4 _paragraph_xtcu6_10 layout-component text-serif-m layout-normal text-serif-m layout-padded\">For i morgentimene ble det plutselig f\u00f8dt en baby p\u00e5 et av hotellrommene. <\/p>\n<p class=\"_paragraph_1994c_4 _paragraph_xtcu6_10 layout-component text-serif-m layout-normal text-serif-m layout-padded\">Midt i kaoset var de to avdelingslederne med p\u00e5 \u00e5 ta imot barnet og st\u00f8tte de nybakte foreldrene. <\/p>\n<p><img alt=\"Kollegene fikk m\u00f8te babyen noen dager etter den dramatiske f\u00f8dselen. Her Maren med den lille jenta.   Foto: Quality Hotell Edvard Grieg\" class=\"_image_qp4xg_65 layout-component layout-normal\" data-fullscreen- data-track-element-type=\"Article image fullscreen\" data-track-name=\"ImageFullscreen\" decoding=\"async\" loading=\"lazy\" height=\"1938\" itemprop=\"image\"  src=\"https:\/\/www.europesays.com\/no\/wp-content\/uploads\/2025\/10\/ff09a071-2c68-4fcc-8fa0-470b8dfc2104\"  style=\"object-position:0% 0%\" width=\"1453\"\/>Kollegene fikk m\u00f8te babyen noen dager etter den dramatiske f\u00f8dselen. Her Maren med den lille jenta.   Foto: Quality Hotell Edvard Grieg<\/p>\n<p class=\"_paragraph_1994c_4 _paragraph_xtcu6_10 layout-component text-serif-m layout-normal text-serif-m layout-padded\">Vakten startet som normalt. <\/p>\n<p class=\"_paragraph_1994c_4 _paragraph_xtcu6_10 layout-component text-serif-m layout-normal text-serif-m layout-padded\">Det var en rolig fredag og ingen ekstraordin\u00e6re beskjeder fra nattevakten, utenom at en gjest hadde blitt hentet med ambulanse noen timer tidligere.<\/p>\n<p class=\"_paragraph_1994c_4 _paragraph_xtcu6_10 layout-component text-serif-m layout-normal text-serif-m layout-padded\">\u2013 Men gjesten kom tilbake og det sto greit til. Vi ble bare oppfordret til \u00e5 holde et \u00f8ye med rommet og \u00f8nske dem god bedring, forteller Nathalie til VG.<\/p>\n<p class=\"_paragraph_1994c_4 _paragraph_xtcu6_10 layout-component text-serif-m layout-normal text-serif-m layout-padded\">Kvinnen og mannen som hadde leid rom p\u00e5 hotellet, var turister p\u00e5 bilferie i Norge.<\/p>\n<p> Nynnet p\u00e5 \u00abStayin\u2019 Alive\u00bb<\/p>\n<p class=\"_paragraph_1994c_4 _paragraph_xtcu6_10 layout-component text-serif-m layout-normal text-serif-m layout-padded\">Klokken 08.30 ringer imidlertid mannen til gjesten til resepsjonen, og sier de m\u00e5 f\u00e5 hjelp med en gang. P\u00e5 grunn av spr\u00e5ket var det vanskelig \u00e5 forst\u00e5 akkurat hva som skjedde, men Nathalie fikk inntrykk av at det var noe alvorlig. <\/p>\n<p class=\"_paragraph_1994c_4 _paragraph_xtcu6_10 layout-component text-serif-m layout-normal text-serif-m layout-padded\">\u2013 Jeg ringte ambulanse, og l\u00f8p opp p\u00e5 kontoret for \u00e5 hente Maren. P\u00e5 hotellet er det rutine at man alltid er to n\u00e5r det skjer slike hendelser.<\/p>\n<p class=\"_paragraph_1994c_4 _paragraph_xtcu6_10 layout-component text-serif-m layout-normal text-serif-m layout-padded\">\u2013 Hva kjente du p\u00e5, der og da?<\/p>\n<p class=\"_paragraph_1994c_4 _paragraph_xtcu6_10 layout-component text-serif-m layout-normal text-serif-m layout-padded\">\u2013 Jeg var stresset og kjente p\u00e5 adrenalinet, men tenkte vi bare m\u00e5tte gj\u00f8re det vi er l\u00e6rt opp til \u00e5 gj\u00f8re. V\u00e6re klare til handling.<\/p>\n<p class=\"_paragraph_1994c_4 _paragraph_xtcu6_10 layout-component text-serif-m layout-normal text-serif-m layout-padded\">Kollegene l\u00f8p raskt opp trappen til hotellrommet, imens de nynnet p\u00e5 l\u00e5ten \u00abStayin\u2019 AliveStayin\u2019 AliveL\u00e5ten &laquo;Stayin\u2019 Alive&raquo; av Bee Gees brukes som et minne-triks i hjerte- og lungeredning (HLR), fordi sangen har riktig takt for brystkompresjoner.\u00bb.<\/p>\n<p class=\"_paragraph_1994c_4 _paragraph_xtcu6_10 layout-component text-serif-m layout-normal text-serif-m layout-padded\">\u2013 Vi s\u00e5 for oss at noen l\u00e5 bevisstl\u00f8s. Og vi st\u00e5lsatte oss for \u00e5 utf\u00f8re akutt f\u00f8rstehjelp, sier Nathalie. <\/p>\n<p><img alt=\"Resepsjonssjef Nathalie og restaurantsjef Maren med babypakke p\u00e5 hotellet.   Foto: Quality Hotell Edvard Grieg\" class=\"_image_qp4xg_65 layout-component layout-normal\" data-fullscreen- data-track-element-type=\"Article image fullscreen\" data-track-name=\"ImageFullscreen\" decoding=\"async\" loading=\"lazy\" height=\"2048\" itemprop=\"image\"  src=\"https:\/\/www.europesays.com\/no\/wp-content\/uploads\/2025\/10\/895e4cf0-f7ea-493f-90ea-6bf665353bc6\"  style=\"object-position:0% 0%\" width=\"1533\"\/>Resepsjonssjef Nathalie og restaurantsjef Maren med babypakke p\u00e5 hotellet.   Foto: Quality Hotell Edvard Grieg \u2013 Det var kaotisk<\/p>\n<p class=\"_paragraph_1994c_4 _paragraph_xtcu6_10 layout-component text-serif-m layout-normal text-serif-m layout-padded\">I korridoren m\u00f8ter de p\u00e5 mannen som nettopp har ringt resepsjonen.<\/p>\n<p class=\"_paragraph_1994c_4 _paragraph_xtcu6_10 layout-component text-serif-m layout-normal text-serif-m layout-padded\">\u2013 Det g\u00e5r fort tanker i hodet. \u00abHva kommer til \u00e5 m\u00f8te oss?\u00bb, sier Maren, og fortsetter:<\/p>\n<p class=\"_paragraph_1994c_4 _paragraph_xtcu6_10 layout-component text-serif-m layout-normal text-serif-m layout-padded\">\u2013 S\u00e5 f\u00e5r vi et lite sjokk n\u00e5r vi h\u00f8rer et svakt babyskrik. <\/p>\n<p class=\"_paragraph_1994c_4 _paragraph_xtcu6_10 layout-component text-serif-m layout-normal text-serif-m layout-padded\">For p\u00e5 badet inne p\u00e5 hotellrommet er det en kvinne som nettopp har f\u00f8dt. <\/p>\n<p class=\"_paragraph_1994c_4 _paragraph_xtcu6_10 layout-component text-serif-m layout-normal text-serif-m layout-padded\">\u2013 Da var det bare \u00e5 ta av seg dressjakken og reagere p\u00e5 instinkt, sier Maren, som l\u00f8ftet opp barnet og pakket henne inn i h\u00e5ndkl\u00e6r. <\/p>\n<p class=\"_paragraph_1994c_4 _paragraph_xtcu6_10 layout-component text-serif-m layout-normal text-serif-m layout-padded\">P\u00e5 telefon hadde de ambulansen, samt jordmor p\u00e5 video. <\/p>\n<p class=\"_paragraph_1994c_4 _paragraph_xtcu6_10 layout-component text-serif-m layout-normal text-serif-m layout-padded\">\u2013 S\u00e5 ble babyen stille, og huden skiftet farge. Hun ble bl\u00e5. <\/p>\n<p class=\"_paragraph_1994c_4 _paragraph_xtcu6_10 layout-component text-serif-m layout-normal text-serif-m layout-padded\">Maren og Nathalie forteller at de i situasjonen hadde fullt fokus p\u00e5 barnet og p\u00e5 \u00e5 f\u00e5 et livstegn. <\/p>\n<p class=\"_paragraph_1994c_4 _paragraph_xtcu6_10 layout-component text-serif-m layout-normal text-serif-m layout-padded\">\u2013 Det var kaotisk, men heldigvis forklarte helse godt p\u00e5 telefonen hva vi skulle gj\u00f8re. Fra punkt til prikke ble vi fortalt hvordan vi skulle sikre at luftveiene var frie for blod og slim, og \u00e5 dunke og stryke barnet, sier de.<\/p>\n<p class=\"_paragraph_1994c_4 _paragraph_xtcu6_10 layout-component text-serif-m layout-normal text-serif-m layout-padded\">\u2013 Da det s\u00e5 kom et lite skrik, ble vi glade. Like etter at paret fikk vite at de hadde f\u00e5tt en jente, fikk moren barnet p\u00e5 brystet. Og s\u00e5 kom helse inn d\u00f8ren, utdyper Maren. <\/p>\n<p><img alt=\"Resepsjonssjef Nathalie D\u00f8mbe og restaurantsjef Maren Bjelland.  Foto: Quality Hotell Edvard Grieg\" class=\"_image_qp4xg_65 layout-component layout-normal\" data-fullscreen- data-track-element-type=\"Article image fullscreen\" data-track-name=\"ImageFullscreen\" decoding=\"async\" loading=\"lazy\" height=\"3213\" itemprop=\"image\"  src=\"https:\/\/www.europesays.com\/no\/wp-content\/uploads\/2025\/10\/b3cc3fc9-82d9-485f-b74f-a42488aad207\"  style=\"object-position:0% 0%\" width=\"5712\"\/>Resepsjonssjef Nathalie D\u00f8mbe og restaurantsjef Maren Bjelland.  Foto: Quality Hotell Edvard Grieg \u2013 \u00abHva s\u00f8ren har vi v\u00e6rt med p\u00e5?\u00bb<\/p>\n<p class=\"_paragraph_1994c_4 _paragraph_xtcu6_10 layout-component text-serif-m layout-normal text-serif-m layout-padded\">Etter at foreldre og barn ble tatt h\u00e5nd om av helsepersonell p\u00e5 hotellet, ble de fraktet i ambulanse til Haukeland sykehus. <\/p>\n<p class=\"_paragraph_1994c_4 _paragraph_xtcu6_10 layout-component text-serif-m layout-normal text-serif-m layout-padded\">\u2013 Da fikk vi en debrif debrif En debrief betyr \u00e5 g\u00e5 gjennom det som skjedde, og hva man kan l\u00e6re av det.av lege. Vi fikk h\u00f8re at vi hadde gjort alt riktig, og det var betryggende. For vi har jo aldri v\u00e6rt med p\u00e5 noe lignende, sier Maren. <\/p>\n<p class=\"_paragraph_1994c_4 _paragraph_xtcu6_10 layout-component text-serif-m layout-normal text-serif-m layout-padded\">Hun har jobbet p\u00e5 hotellet som restaurantsjef i seks \u00e5r, mens Nathalie har v\u00e6rt resepsjonssjef i tre \u00e5r.<\/p>\n<p class=\"_paragraph_1994c_4 _paragraph_xtcu6_10 layout-component text-serif-m layout-normal text-serif-m layout-padded\">\u2013 Hvilke f\u00f8lelser satt dere med i etterkant?<\/p>\n<p class=\"_paragraph_1994c_4 _paragraph_xtcu6_10 layout-component text-serif-m layout-normal text-serif-m layout-padded\">\u2013 Det var et sjokk for oss, herlighet. Det gikk mange tanker oppi hodet. \u00abHva s\u00f8ren har vi v\u00e6rt med p\u00e5?\u00bb sier avdelingslederne, som begge har barn selv. <\/p>\n<p class=\"_paragraph_1994c_4 _paragraph_xtcu6_10 layout-component text-serif-m layout-normal text-serif-m layout-padded\">\u2013 Heldigvis har vi v\u00e6rt gjennom f\u00f8dsel selv og vet hvordan et spedbarn ser ut. Og jeg tror at n\u00e5r du er mor selv, s\u00e5 kommer det automatisk et lite morsinstinkt. Du ser det er kommet et liv til verden, og det vil du redde, sier Maren. <\/p>\n<p> Fikk m\u00f8te babyen i ettertid<\/p>\n<p class=\"_paragraph_1994c_4 _paragraph_xtcu6_10 layout-component text-serif-m layout-normal text-serif-m layout-padded\">Dagene gikk, og imens mor og baby var p\u00e5 sykehuset, fikk barnefaren bo gratis p\u00e5 hotellet. <\/p>\n<p class=\"_paragraph_1994c_4 _paragraph_xtcu6_10 layout-component text-serif-m layout-normal text-serif-m layout-padded\">Resepsjonen fikk jevnlige oppdateringer fra far om hvordan det gikk med dem.<\/p>\n<p class=\"_paragraph_1994c_4 _paragraph_xtcu6_10 layout-component text-serif-m layout-normal text-serif-m layout-padded\">Men Nathalie og Maren slappet ikke helt av f\u00f8r babyen var frisk nok til \u00e5 bli skrevet ut. <\/p>\n<p class=\"_paragraph_1994c_4 _paragraph_xtcu6_10 layout-component text-serif-m layout-normal text-serif-m layout-padded\">For noen dager siden fikk de m\u00f8te igjen den lille jenta og foreldrene f\u00f8r de skulle kj\u00f8re tilbake til hjemlandet sitt.<\/p>\n<p><img alt=\"TILBAKE P\u00c5 \u00abF\u00d8DESTUEN\u00bb: Den lille, nyf\u00f8dte babyen og foreldrene kom tilbake til hotellet for \u00e5 takke for hjelpen, f\u00f8r de reiste hjem.  Foto: Quality Hotell Edvard Grieg\" class=\"_image_qp4xg_65 layout-component layout-normal\" data-fullscreen- data-track-element-type=\"Article image fullscreen\" data-track-name=\"ImageFullscreen\" decoding=\"async\" loading=\"lazy\" height=\"2048\" itemprop=\"image\"  src=\"https:\/\/www.europesays.com\/no\/wp-content\/uploads\/2025\/10\/d8ddb804-7db8-4fa4-89bf-98279ee9f3c5\"  style=\"object-position:0% 0%\" width=\"1536\"\/>TILBAKE P\u00c5 \u00abF\u00d8DESTUEN\u00bb: Den lille, nyf\u00f8dte babyen og foreldrene kom tilbake til hotellet for \u00e5 takke for hjelpen, f\u00f8r de reiste hjem.  Foto: Quality Hotell Edvard Grieg<\/p>\n<p class=\"_paragraph_1994c_4 _paragraph_xtcu6_10 layout-component text-serif-m layout-normal text-serif-m layout-padded\">\u2013 Vi fant ikke helt roen nei, s\u00e5 det var veldig godt \u00e5 treffe barnet i ettertid, sier Nathalie. <\/p>\n<p class=\"_paragraph_1994c_4 _paragraph_xtcu6_10 layout-component text-serif-m layout-normal text-serif-m layout-padded\">\u2013 Vi trengte \u00e5 se barnet, med ullkl\u00e6r og med normal farge. Og se at hun levde godt og satt i en trygg bilstol, sier Maren. <\/p>\n<p> \u2013 Deler f\u00f8lelser og t\u00e5rer<\/p>\n<p class=\"_paragraph_1994c_4 _paragraph_xtcu6_10 layout-component text-serif-m layout-normal text-serif-m layout-padded\">De to kollegene sier de har skrevet ned datoen babyen ble f\u00f8dt, og at de fremover vil feire bursdagen til den lille jenta p\u00e5 hotellet og holde kontakten med foreldrene. <\/p>\n<p class=\"_paragraph_1994c_4 _paragraph_xtcu6_10 layout-component text-serif-m layout-normal text-serif-m layout-padded\">\u2013 Hvordan g\u00e5r det med dere n\u00e5, en liten stund etter denne opplevelsen?<\/p>\n<p class=\"_paragraph_1994c_4 _paragraph_xtcu6_10 layout-component text-serif-m layout-normal text-serif-m layout-padded\">\u2013 Vi har snakket masse om det p\u00e5 jobb, og vi deler f\u00f8lelser og t\u00e5rer. Det er viktig med st\u00f8tte fra leder og kolleger, og vi er glade for at vi har rutiner og et helsevesen som fungerer s\u00e5 godt. Vi er absolutt en erfaring rikere og har opplevd noe man ikke trodde man skulle v\u00e6re med p\u00e5, sier de, og sl\u00e5r fast:<\/p>\n<p class=\"_paragraph_1994c_4 _paragraph_xtcu6_10 layout-component text-serif-m layout-normal text-serif-m layout-padded\">\u2013 Man sitter igjen med f\u00f8lelsen av \u00e5 ha v\u00e6rt med p\u00e5 noe helt sinnssykt, men ogs\u00e5 veldig fint. <\/p>\n<p class=\"_paragraph_1994c_4 _paragraph_xtcu6_10 layout-component text-serif-m layout-normal text-serif-m layout-padded\">Foreldrene til barnet \u00f8nsker ikke \u00e5 st\u00e5 frem med navn eller bilde, men har samtykket til at hotellet deler historien deres p\u00e5 Facebook og med pressen, samt bilde av barnet i bilstolen. <\/p>\n","protected":false},"excerpt":{"rendered":"P\u00e5 Quality Hotel Edvard Grieg i Bergen hjalp avdelingslederne Nathalie D\u00f8mbe og Maren Bjelland til da et turistpar&hellip;\n","protected":false},"author":2,"featured_media":56761,"comment_status":"","ping_status":"","sticky":false,"template":"","format":"standard","meta":{"footnotes":""},"categories":[10],"tags":[444,20,21,24,25,3066,2596,15,1097,22,23,13,30,28,29,14,16,26,27,1995],"class_list":{"0":"post-56760","1":"post","2":"type-post","3":"status-publish","4":"format-standard","5":"has-post-thumbnail","7":"category-norge","8":"tag-bergen","9":"tag-breaking-news","10":"tag-breakingnews","11":"tag-featured-news","12":"tag-featurednews","13":"tag-fodsel","14":"tag-gjester","15":"tag-headlines","16":"tag-hotell","17":"tag-latest-news","18":"tag-latestnews","19":"tag-news","20":"tag-no","21":"tag-norge","22":"tag-norway","23":"tag-nyheter","24":"tag-overskrifter","25":"tag-top-stories","26":"tag-topstories","27":"tag-vghelseoglivet"},"share_on_mastodon":{"url":"","error":""},"_links":{"self":[{"href":"https:\/\/www.europesays.com\/no\/wp-json\/wp\/v2\/posts\/56760","targetHints":{"allow":["GET"]}}],"collection":[{"href":"https:\/\/www.europesays.com\/no\/wp-json\/wp\/v2\/posts"}],"about":[{"href":"https:\/\/www.europesays.com\/no\/wp-json\/wp\/v2\/types\/post"}],"author":[{"embeddable":true,"href":"https:\/\/www.europesays.com\/no\/wp-json\/wp\/v2\/users\/2"}],"replies":[{"embeddable":true,"href":"https:\/\/www.europesays.com\/no\/wp-json\/wp\/v2\/comments?post=56760"}],"version-history":[{"count":0,"href":"https:\/\/www.europesays.com\/no\/wp-json\/wp\/v2\/posts\/56760\/revisions"}],"wp:featuredmedia":[{"embeddable":true,"href":"https:\/\/www.europesays.com\/no\/wp-json\/wp\/v2\/media\/56761"}],"wp:attachment":[{"href":"https:\/\/www.europesays.com\/no\/wp-json\/wp\/v2\/media?parent=56760"}],"wp:term":[{"taxonomy":"category","embeddable":true,"href":"https:\/\/www.europesays.com\/no\/wp-json\/wp\/v2\/categories?post=56760"},{"taxonomy":"post_tag","embeddable":true,"href":"https:\/\/www.europesays.com\/no\/wp-json\/wp\/v2\/tags?post=56760"}],"curies":[{"name":"wp","href":"https:\/\/api.w.org\/{rel}","templated":true}]}}