{"id":56770,"date":"2025-10-09T19:29:10","date_gmt":"2025-10-09T19:29:10","guid":{"rendered":"https:\/\/www.europesays.com\/no\/56770\/"},"modified":"2025-10-09T19:29:10","modified_gmt":"2025-10-09T19:29:10","slug":"hendelser-bamble-lastebil-har-krasjet-i-en-bru-trafikken-er-sperret-pa-stedet","status":"publish","type":"post","link":"https:\/\/www.europesays.com\/no\/56770\/","title":{"rendered":"Hendelser, Bamble | Lastebil har krasjet i en bru \u2013 trafikken er sperret p\u00e5 stedet"},"content":{"rendered":"\n<p>Klokken 20.22, torsdag kveld, fikk n\u00f8detatene melding om en lastebil med henger som hadde kj\u00f8rt i en bru p\u00e5 Rafnesveien i Bamble. Det er gangbrua over fylkesveien p\u00e5 stedet som er truffet.<\/p>\n<p>   <img decoding=\"async\" width=\"1080\" height=\"2400\" fetchpriority=\"low\"  loading=\"lazy\"  src=\"https:\/\/www.europesays.com\/no\/wp-content\/uploads\/2025\/10\/1000006443+%281%29.jpg\" alt=\"\" class=\"brick-c-cFOWSL\" style=\"--brick-image-ratio: 1080 \/ 2400;\"\/><\/p>\n<p>    Foto: Lea Toft\n  <\/p>\n<p>Operasjonsleder Kamilla Einarsdatter Aardal hos S\u00f8r-\u00d8st politidistrikt opplyser at hengeren fortsatt st\u00e5r fast under brua, og at trafikken er sperret p\u00e5 stedet.<\/p>\n<p>&#8211; Har begynt \u00e5 gi etter<\/p>\n<p><b>I en oppdatert melding opplyser politiet at brukonstruksjonen har begynt \u00e5 gi etter, og politiet er p\u00e5 plass og sikrer stedet.<\/b><\/p>\n<p>Bilder som TA har mottatt viser at hengeren st\u00e5r kilt p\u00e5 h\u00f8ykant under brua.<\/p>\n<p>Det er ikke opplysninger om at personer har kommet til skade.<\/p>\n<p><b>Vegtrafikksentralen melder at Fv353 Herre, p\u00e5 strekningen Voll-Rugtvedt, er stengt ved Herre bru grunnet hendelsen. Omkj\u00f8ring er via Porsgrunn og E18.<\/b><\/p>\n<p>&#8211; F\u00e5tt seg en skikkelig tr\u00f8kk<\/p>\n<p>Stian Wiik kj\u00f8rte den f\u00f8rste bilen som passerte under brua klokka 20.09. Det var f\u00f8r politiet hadde ankommet.<\/p>\n<p>&#8211; Det l\u00e5 betongbiter i veibanen, og det var helt tydelig at brua hadde f\u00e5tt seg en skikkelig tr\u00f8kk, sier Wiik til TA.<\/p>\n<p>Dette er ei gangbru som skoleelevene bruker til vanlig, og alternativet er en omvei p\u00e5 5-6 minutter.<\/p>\n<p>&#8211; Jeg h\u00f8rte sj\u00e5f\u00f8ren fortalte at han akkurat hadde hatt lasteplanet p\u00e5 reparasjon, og at han mente forklaringen m\u00e5tte ligge der. Han sa han skvatt noe voldsomt av smellet, noe som er lett \u00e5 forst\u00e5, sier Wiik.<\/p>\n<p>Artikkelen oppdateres. <\/p>\n<p>   <img decoding=\"async\" width=\"3808\" height=\"2246\" fetchpriority=\"low\"  loading=\"lazy\"  src=\"https:\/\/www.europesays.com\/no\/wp-content\/uploads\/2025\/10\/BRUA.jpg\" alt=\"\" class=\"brick-c-cFOWSL\" style=\"--brick-image-ratio: 3808 \/ 2246;\"\/><\/p>\n<p>    Foto: Stian Wiik\n  <\/p>\n","protected":false},"excerpt":{"rendered":"Klokken 20.22, torsdag kveld, fikk n\u00f8detatene melding om en lastebil med henger som hadde kj\u00f8rt i en bru&hellip;\n","protected":false},"author":2,"featured_media":56771,"comment_status":"","ping_status":"","sticky":false,"template":"","format":"standard","meta":{"footnotes":""},"categories":[10],"tags":[36,1696,20,21,24,25,15,168,22,23,13,30,28,29,14,16,1510,26,27,1100],"class_list":{"0":"post-56770","1":"post","2":"type-post","3":"status-publish","4":"format-standard","5":"has-post-thumbnail","7":"category-norge","8":"tag-art","9":"tag-bamble","10":"tag-breaking-news","11":"tag-breakingnews","12":"tag-featured-news","13":"tag-featurednews","14":"tag-headlines","15":"tag-hendelser","16":"tag-latest-news","17":"tag-latestnews","18":"tag-news","19":"tag-no","20":"tag-norge","21":"tag-norway","22":"tag-nyheter","23":"tag-overskrifter","24":"tag-story","25":"tag-top-stories","26":"tag-topstories","27":"tag-trafikkulykker"},"share_on_mastodon":{"url":"","error":""},"_links":{"self":[{"href":"https:\/\/www.europesays.com\/no\/wp-json\/wp\/v2\/posts\/56770","targetHints":{"allow":["GET"]}}],"collection":[{"href":"https:\/\/www.europesays.com\/no\/wp-json\/wp\/v2\/posts"}],"about":[{"href":"https:\/\/www.europesays.com\/no\/wp-json\/wp\/v2\/types\/post"}],"author":[{"embeddable":true,"href":"https:\/\/www.europesays.com\/no\/wp-json\/wp\/v2\/users\/2"}],"replies":[{"embeddable":true,"href":"https:\/\/www.europesays.com\/no\/wp-json\/wp\/v2\/comments?post=56770"}],"version-history":[{"count":0,"href":"https:\/\/www.europesays.com\/no\/wp-json\/wp\/v2\/posts\/56770\/revisions"}],"wp:featuredmedia":[{"embeddable":true,"href":"https:\/\/www.europesays.com\/no\/wp-json\/wp\/v2\/media\/56771"}],"wp:attachment":[{"href":"https:\/\/www.europesays.com\/no\/wp-json\/wp\/v2\/media?parent=56770"}],"wp:term":[{"taxonomy":"category","embeddable":true,"href":"https:\/\/www.europesays.com\/no\/wp-json\/wp\/v2\/categories?post=56770"},{"taxonomy":"post_tag","embeddable":true,"href":"https:\/\/www.europesays.com\/no\/wp-json\/wp\/v2\/tags?post=56770"}],"curies":[{"name":"wp","href":"https:\/\/api.w.org\/{rel}","templated":true}]}}