{"id":56811,"date":"2025-10-09T20:47:09","date_gmt":"2025-10-09T20:47:09","guid":{"rendered":"https:\/\/www.europesays.com\/no\/56811\/"},"modified":"2025-10-09T20:47:09","modified_gmt":"2025-10-09T20:47:09","slug":"ferdig-som-toppsjef","status":"publish","type":"post","link":"https:\/\/www.europesays.com\/no\/56811\/","title":{"rendered":"Ferdig som toppsjef"},"content":{"rendered":"<p class=\"kicker \" style=\"\">Norli:<\/p>\n<p>  Johan Baklund g\u00e5r av som toppsjef i Norli. Sier han \u00abaksepterer styrets beslutning\u00bb.<\/p>\n<p>\n    M\u00c5 G\u00c5: Johan Baklund er ferdig som administrerende direkt\u00f8r i Norli. Foto: Norli\n  <\/p>\n<p>    Kort fortalt<\/p>\n<p lang=\"nb-NO\">* Johan Baklund g\u00e5r av som administrerende direkt\u00f8r i Norli etter \u00e5 ha hatt stillingen siden august 2022.<\/p>\n<p lang=\"nb-NO\">* Baklund aksepterer styrets beslutning og vil fortsatt v\u00e6re en ambassad\u00f8r for Norli.<\/p>\n<p lang=\"nb-NO\">* Norli har styrket sin posisjon som markedsleder under Baklunds ledelse, if\u00f8lge styreleder Jaan Ivar Semlitsch.<\/p>\n<p class=\"italic ai-disclaimer\" data-lab-italic=\"italic\">Sammendraget er laget av ChatGPT og godkjent av B\u00f8rsen.<\/p>\n<p>      Vis mer<br \/>\n      Vis mindre<\/p>\n<p>Johan Baklund g\u00e5r av som administrerende direkt\u00f8r i bokhandelkjeden Norli.\u00a0Baklund har hatt stillingen siden august 2022.<\/p>\n<p>&#8211; Jeg aksepterer styrets beslutning, og kommer alltid til \u00e5 v\u00e6re en ambassad\u00f8r for Norli fremover, sier Baklund i en intern melding til de ansatte, if\u00f8lge\u00a0<a href=\"https:\/\/bok365.no\/artikkel\/johan-baklund-gar-av-som-toppsjef-i-norli\/\" rel=\"nofollow noopener\" target=\"_blank\">Bok365<\/a>.<\/p>\n<p>Inn som erstatter kommer Harald Borgen, skriver\u00a0<a href=\"https:\/\/bok365.no\/artikkel\/johan-baklund-gar-av-som-toppsjef-i-norli\/\" rel=\"nofollow noopener\" target=\"_blank\">Bok365<\/a>.<\/p>\n<p>Endringen skjer i forbindelse med en endret strategi, g\u00e5r det fram av en intern epost til de ansatte, som nettstedet har f\u00e5tt tilgang til.<\/p>\n<p>&#8211; P\u00e5 disse tre \u00e5rene har Norli levert sterke resultater med god vekst og med \u00f8kte markedsandeler. Norli har i denne perioden styrket sin posisjon som markedsleder, og Norlis fotavtrykk som \u00aben ordentlig bokhandel\u00bb er forsterket. Jeg vil takke Johan for denne jobben, skriver styreleder Jaan Ivar Semlitsch i eposten.<\/p>\n<p>Selskapet g\u00e5r n\u00e5 inn i en operativ driftsfase ledet av Borgen og den \u00f8vrige ledergruppa, skriver Semlitsch videre.<\/p>\n<p>51 prosent av Norli eies av Aschehoug, og 49 prosent av Norgesgruppen.<\/p>\n","protected":false},"excerpt":{"rendered":"Norli: Johan Baklund g\u00e5r av som toppsjef i Norli. Sier han \u00abaksepterer styrets beslutning\u00bb. M\u00c5 G\u00c5: Johan Baklund&hellip;\n","protected":false},"author":2,"featured_media":56812,"comment_status":"","ping_status":"","sticky":false,"template":"","format":"standard","meta":{"footnotes":""},"categories":[10],"tags":[150,4426,20,21,24,25,15,22,23,13,30,28,8499,29,14,16,26,27],"class_list":{"0":"post-56811","1":"post","2":"type-post","3":"status-publish","4":"format-standard","5":"has-post-thumbnail","7":"category-norge","8":"tag-bok","9":"tag-bokmerker","10":"tag-breaking-news","11":"tag-breakingnews","12":"tag-featured-news","13":"tag-featurednews","14":"tag-headlines","15":"tag-latest-news","16":"tag-latestnews","17":"tag-news","18":"tag-no","19":"tag-norge","20":"tag-norli","21":"tag-norway","22":"tag-nyheter","23":"tag-overskrifter","24":"tag-top-stories","25":"tag-topstories"},"share_on_mastodon":{"url":"","error":""},"_links":{"self":[{"href":"https:\/\/www.europesays.com\/no\/wp-json\/wp\/v2\/posts\/56811","targetHints":{"allow":["GET"]}}],"collection":[{"href":"https:\/\/www.europesays.com\/no\/wp-json\/wp\/v2\/posts"}],"about":[{"href":"https:\/\/www.europesays.com\/no\/wp-json\/wp\/v2\/types\/post"}],"author":[{"embeddable":true,"href":"https:\/\/www.europesays.com\/no\/wp-json\/wp\/v2\/users\/2"}],"replies":[{"embeddable":true,"href":"https:\/\/www.europesays.com\/no\/wp-json\/wp\/v2\/comments?post=56811"}],"version-history":[{"count":0,"href":"https:\/\/www.europesays.com\/no\/wp-json\/wp\/v2\/posts\/56811\/revisions"}],"wp:featuredmedia":[{"embeddable":true,"href":"https:\/\/www.europesays.com\/no\/wp-json\/wp\/v2\/media\/56812"}],"wp:attachment":[{"href":"https:\/\/www.europesays.com\/no\/wp-json\/wp\/v2\/media?parent=56811"}],"wp:term":[{"taxonomy":"category","embeddable":true,"href":"https:\/\/www.europesays.com\/no\/wp-json\/wp\/v2\/categories?post=56811"},{"taxonomy":"post_tag","embeddable":true,"href":"https:\/\/www.europesays.com\/no\/wp-json\/wp\/v2\/tags?post=56811"}],"curies":[{"name":"wp","href":"https:\/\/api.w.org\/{rel}","templated":true}]}}