{"id":56817,"date":"2025-10-09T20:54:17","date_gmt":"2025-10-09T20:54:17","guid":{"rendered":"https:\/\/www.europesays.com\/no\/56817\/"},"modified":"2025-10-09T20:54:17","modified_gmt":"2025-10-09T20:54:17","slug":"en-aere-a-sta-her","status":"publish","type":"post","link":"https:\/\/www.europesays.com\/no\/56817\/","title":{"rendered":"\u2013 En \u00e6re \u00e5 st\u00e5 her"},"content":{"rendered":"<p class=\"kicker text-red color_mobile_text-red\" style=\"\">Kronprinsen i New York:<\/p>\n<p>  Kronprins Haakon tok torsdag imot skuta Restauration i New York City. Skuta har seilt fra Norge for \u00e5 gjenskape den f\u00f8rste utvandringsseilasen fra Norge.<\/p>\n<p>\n    Kronprins Haakon talte til forsamlingen ved havnen. Foto: Lise \u00c5serud \/ NTB\n  <\/p>\n<p>I str\u00e5lende solskinn seilte replikaskuta Restauration inn havnen til New York City, noe som markerte slutten p\u00e5 en mange m\u00e5neder lang seilas over Atlanterhavet.<\/p>\n<p>Da skuta forlot Stavanger 4. juli, var kronprinsen og den \u00f8vrige kongefamilien til stede. Torsdag var kronprinsen p\u00e5 plass p\u00e5 pir 16 i New York for \u00e5 \u00f8nske skuta velkommen fram.<\/p>\n<p>\u2013 Det er en \u00e6re \u00e5 st\u00e5 her sammen med dere i dag i denne utrolige byen, for \u00e5 markere en reise som startet for 200 \u00e5r siden, sa kronprinsen.<\/p>\n<p>          <img loading=\"lazy\" decoding=\"async\" src=\"https:\/\/www.europesays.com\/no\/wp-content\/uploads\/2025\/10\/83703030.webp\" width=\"686\" height=\"440\" title=\"Replikaen Restauration ankom torsdag New York City. Foto: Lise \u00c5serud \/ NTB\" alt=\"\" class=\"\" style=\"--aspect-ratio-image: 1.56; \"\/><\/p>\n<p>\n          Replikaen Restauration ankom torsdag New York City. Foto: Lise \u00c5serud \/ NTB\n      <\/p>\n<p>\u2013 \u00c5 f\u00f8lge Restaurations seilas de siste tre m\u00e5nedene \u2013 fra Norge til England, Madeira, Jomfru\u00f8yene, og til slutt oppover \u00f8stkysten til Manhattan \u2013 har v\u00e6rt en r\u00f8rende og meningsfull m\u00e5te \u00e5 knytte b\u00e5nd til fortiden.<\/p>\n<p>200 \u00e5r siden\t<\/p>\n<p>Med en replika av originalskuta har skippet Kjell Morten Ron\u00e6s og hans mannskap krysset det store havet p\u00e5 samme vis som de f\u00f8rste norske utvandrerne.<\/p>\n<p>          <img loading=\"lazy\" decoding=\"async\" src=\"https:\/\/www.europesays.com\/no\/wp-content\/uploads\/2025\/10\/83703034.webp\" width=\"686\" height=\"433\" title=\"Kronprinsen vinker til mannskapet om bord i skuta. Foto: Lise \u00c5serud \/ NTB\" alt=\"\" class=\"\" style=\"--aspect-ratio-image: 1.58; \"\/><\/p>\n<p>\n          Kronprinsen vinker til mannskapet om bord i skuta. Foto: Lise \u00c5serud \/ NTB\n      <\/p>\n<p>4. juli 1825 seilte den relativt lille skuta Restauration fra Stavanger med 52 nordmenn om bord. Det regnes som starten p\u00e5 masseutvandringen fra Norge til USA.<\/p>\n<p>Den gang fikk skuta bot for \u00e5 ha hatt flere passasjerer om bord enn det som var lov. Skuta skal for \u00f8vrig visstnok ha endt sine dager p\u00e5 den dansk-norske koloni\u00f8ya St. Croix i Karibia.<\/p>\n<p>          <img loading=\"lazy\" decoding=\"async\" src=\"https:\/\/www.europesays.com\/no\/wp-content\/uploads\/2025\/10\/83703038.webp\" width=\"980\" height=\"559\" title=\"Skuta har gjenskapt originalruta for 200 \u00e5r siden. Fra Stavanger til New York. Foto: Lise \u00c5serud \/ NTB\" alt=\"\" class=\"\" style=\"--aspect-ratio-image: 1.75; \"\/><\/p>\n<p>\n          Skuta har gjenskapt originalruta for 200 \u00e5r siden. Fra Stavanger til New York. Foto: Lise \u00c5serud \/ NTB\n      <\/p>\n<p>\u2013 Spesiell plass i hjertene v\u00e5re\t<\/p>\n<p>Kronprinsen, som hadde selskap av n\u00e6ringsminister Cecilie Myrseth \u2013 for anledningen if\u00f8rt bunad, viste til at hans familie ikke er ukjent med seilas.<\/p>\n<p>\u2013 USA har spilt en viktig rolle i min egen families historie og har en spesiell plass i hjertene v\u00e5re. Landet deres ga min bestemor, min far og hans s\u00f8stre tilflukt under andre verdenskrig.<\/p>\n<p>\u2013 P\u00e5 vegne av det norske folk \u00f8nsker jeg \u00e5 si takk \u2013 til byen New York og dens ledere, og innbyggerne \u2013 for \u00e5 ha tatt imot flere generasjoner av norske migranter med \u00e5pne armer. Dere ga dem et hjem, og ved \u00e5 gj\u00f8re det bidro dere til \u00e5 forme b\u00e5de amerikansk og norsk historie.<\/p>\n","protected":false},"excerpt":{"rendered":"Kronprinsen i New York: Kronprins Haakon tok torsdag imot skuta Restauration i New York City. Skuta har seilt&hellip;\n","protected":false},"author":2,"featured_media":56818,"comment_status":"","ping_status":"","sticky":false,"template":"","format":"standard","meta":{"footnotes":""},"categories":[10],"tags":[20,21,24,25,15,1764,22,23,97,13,30,28,29,14,16,1992,26,27],"class_list":{"0":"post-56817","1":"post","2":"type-post","3":"status-publish","4":"format-standard","5":"has-post-thumbnail","7":"category-norge","8":"tag-breaking-news","9":"tag-breakingnews","10":"tag-featured-news","11":"tag-featurednews","12":"tag-headlines","13":"tag-kronprins-haakon","14":"tag-latest-news","15":"tag-latestnews","16":"tag-new-york","17":"tag-news","18":"tag-no","19":"tag-norge","20":"tag-norway","21":"tag-nyheter","22":"tag-overskrifter","23":"tag-reise","24":"tag-top-stories","25":"tag-topstories"},"share_on_mastodon":{"url":"","error":""},"_links":{"self":[{"href":"https:\/\/www.europesays.com\/no\/wp-json\/wp\/v2\/posts\/56817","targetHints":{"allow":["GET"]}}],"collection":[{"href":"https:\/\/www.europesays.com\/no\/wp-json\/wp\/v2\/posts"}],"about":[{"href":"https:\/\/www.europesays.com\/no\/wp-json\/wp\/v2\/types\/post"}],"author":[{"embeddable":true,"href":"https:\/\/www.europesays.com\/no\/wp-json\/wp\/v2\/users\/2"}],"replies":[{"embeddable":true,"href":"https:\/\/www.europesays.com\/no\/wp-json\/wp\/v2\/comments?post=56817"}],"version-history":[{"count":0,"href":"https:\/\/www.europesays.com\/no\/wp-json\/wp\/v2\/posts\/56817\/revisions"}],"wp:featuredmedia":[{"embeddable":true,"href":"https:\/\/www.europesays.com\/no\/wp-json\/wp\/v2\/media\/56818"}],"wp:attachment":[{"href":"https:\/\/www.europesays.com\/no\/wp-json\/wp\/v2\/media?parent=56817"}],"wp:term":[{"taxonomy":"category","embeddable":true,"href":"https:\/\/www.europesays.com\/no\/wp-json\/wp\/v2\/categories?post=56817"},{"taxonomy":"post_tag","embeddable":true,"href":"https:\/\/www.europesays.com\/no\/wp-json\/wp\/v2\/tags?post=56817"}],"curies":[{"name":"wp","href":"https:\/\/api.w.org\/{rel}","templated":true}]}}