{"id":56828,"date":"2025-10-09T21:22:11","date_gmt":"2025-10-09T21:22:11","guid":{"rendered":"https:\/\/www.europesays.com\/no\/56828\/"},"modified":"2025-10-09T21:22:11","modified_gmt":"2025-10-09T21:22:11","slug":"new-yorks-statsadvokat-tiltalt-for-svindel","status":"publish","type":"post","link":"https:\/\/www.europesays.com\/no\/56828\/","title":{"rendered":"New Yorks statsadvokat tiltalt for svindel"},"content":{"rendered":"\n<p class=\"_lead_1994c_2 _lead_xtcu6_50 layout-component text-serif-m layout-normal text-serif-l layout-component layout-wide layout-padded _wide_17hqh_1 layout-padded\">Statsadvokat Letitia James skal v\u00e6re tiltalt for minst ett tilfelle av p\u00e5st\u00e5tt svindel.<\/p>\n<p><img alt=\" Foto: Bebeto Matthews \/ AP \/ NTB\" class=\"_image_qp4xg_65 layout-component layout-wide\" data-fullscreen- data-track-element-type=\"Article image fullscreen\" data-track-name=\"ImageFullscreen\" fetchpriority=\"high\" decoding=\"sync\" loading=\"eager\" height=\"3567\" itemprop=\"image\"  src=\"https:\/\/www.europesays.com\/no\/wp-content\/uploads\/2025\/10\/a844373d-4935-4824-9d3c-230af0a73d7f\"  style=\"object-position:0% 0%\" width=\"5350\"\/> Foto: Bebeto Matthews \/ AP \/ NTB<\/p>\n<ul aria-hidden=\"true\" class=\"_images_1y6fe_106\">\n<li><a class=\"_link_1y6fe_111\" href=\"https:\/\/www.vg.no\/forfatter\/marie-dreyer-bakken\" style=\"z-index:1\" title=\"Marie Dreyer Bakken\" rel=\"nofollow noopener\" target=\"_blank\"><img alt=\"Bilde av Marie Dreyer Bakken\" class=\"_image_1y6fe_88\" fetchpriority=\"low\" loading=\"lazy\" decoding=\"async\" itemprop=\"image\"  src=\"https:\/\/www.europesays.com\/no\/wp-content\/uploads\/2025\/10\/1760044929_397_a58fd05d-9a13-4704-bd0c-ffb8040bb859\"  width=\"480\"\/><\/a><\/li>\n<\/ul>\n<p> Oppdatert torsdag 9. oktober kl. 23:21     <\/p>\n<p class=\"_paragraph_1994c_4 _paragraph_xtcu6_10 layout-component text-serif-m layout-normal text-serif-m layout-padded\">Det opplyser Eastern District of Virginia i en pressemelding. <\/p>\n<p class=\"_paragraph_1994c_4 _paragraph_xtcu6_10 layout-component text-serif-m layout-normal text-serif-m layout-padded\">\u2013 Ingen st\u00e5r over loven. Anklagene i denne saken gjelder bevisste, kriminelle handlinger og et alvorlig tillitsbrudd overfor offentligheten, sier statsadvokat Lindsey Halligan.<\/p>\n<p class=\"_paragraph_1994c_4 _paragraph_xtcu6_10 layout-component text-serif-m layout-normal text-serif-m layout-padded\">James anklages for \u00e5 ha beg\u00e5tt boligl\u00e5nsbedrageri i forbindelse med kj\u00f8p av en eiendom i Virginia i 2023, if\u00f8lge Washington Post.<\/p>\n<p class=\"_paragraph_1994c_4 _paragraph_xtcu6_10 layout-component text-serif-m layout-normal text-serif-m layout-padded\">Hun er if\u00f8lge avisen den andre av Donald Trumps politiske motstandere som blir siktet i Eastern District of Virginia etter at Trump fjernet den tidligere toppanklageren og innsatte sin n\u00e6re allierte Lindsey Halligan i stillingen \u2013 som ikke har erfaring som aktor.<\/p>\n<p><img alt=\"Lindsey Halligan, midlertidig statsadvokat i Virginia.  Foto: Jacquelyn Martin \/ AP \/ NTB\" class=\"_image_qp4xg_65 layout-component layout-normal\" data-fullscreen- data-track-element-type=\"Article image fullscreen\" data-track-name=\"ImageFullscreen\" decoding=\"async\" loading=\"lazy\" height=\"3744\" itemprop=\"image\"  src=\"https:\/\/www.europesays.com\/no\/wp-content\/uploads\/2025\/10\/391228a2-b128-432a-90a1-7a845ca17c1c\"  style=\"object-position:0% 0%\" width=\"5616\"\/>Lindsey Halligan, midlertidig statsadvokat i Virginia.  Foto: Jacquelyn Martin \/ AP \/ NTB<\/p>\n<p class=\"_paragraph_1994c_4 _paragraph_xtcu6_10 layout-component text-serif-m layout-normal text-serif-m layout-padded\"><strong class=\"_strong_1994c_25\">If\u00f8lge pressemeldingen risikerer James opptil 30 \u00e5rs fengsel om hun blir d\u00f8mt. <\/strong><\/p>\n<p class=\"_paragraph_1994c_4 _paragraph_xtcu6_10 layout-component text-serif-m layout-normal text-serif-m layout-padded\">Hun risikerer ogs\u00e5 b\u00f8ter p\u00e5 opptil \u00e9n million dollar per tiltalepunkt og inndragning av eventuelle utbytter. <\/p>\n<p class=\"_paragraph_1994c_4 _paragraph_xtcu6_10 layout-component text-serif-m layout-normal text-serif-m layout-padded\">For kun fem dager siden publiserte Trump et rasende innlegg mot James p\u00e5 sitt egen plattform Truth Social: <\/p>\n<p class=\"_paragraph_1994c_4 _paragraph_xtcu6_10 layout-component text-serif-m layout-normal text-serif-m layout-padded\">\u2013 Korrupte Letitia James koster delstaten New York hundrevis av milliarder dollar i tapte forretninger. Ingen selskaper eller enkeltpersoner \u00f8nsker \u00e5 v\u00e6re der, s\u00e5 lenge hun er statsadvokat. <\/p>\n<p class=\"_paragraph_1994c_4 _paragraph_xtcu6_10 layout-component text-serif-m layout-normal text-serif-m layout-padded\">Han kaller henne videre for \u00abfullstendig katastrofe\u00bb og viser til en \u00abheksejakt\u00bb han mener hun tidligere har drevet. <\/p>\n<p><img alt=\"Posten ble delt 4. oktober.   Foto: Skjermdump \/ Truth Social\" class=\"_image_qp4xg_65 layout-component layout-normal\" data-fullscreen- data-track-element-type=\"Article image fullscreen\" data-track-name=\"ImageFullscreen\" decoding=\"async\" loading=\"lazy\" height=\"938\" itemprop=\"image\"  src=\"https:\/\/www.europesays.com\/no\/wp-content\/uploads\/2025\/10\/5c3f517c-6ef2-4e2a-8cda-999a5186b982\"  style=\"object-position:0% 0%\" width=\"1498\"\/>Posten ble delt 4. oktober.   Foto: Skjermdump \/ Truth Social<\/p>\n<p class=\"_paragraph_1994c_4 _paragraph_xtcu6_10 layout-component text-serif-m layout-normal text-serif-m layout-padded\">Statsadvokat James og Trump har nemlig tidligere historie. <\/p>\n<p class=\"_paragraph_1994c_4 _paragraph_xtcu6_10 layout-component text-serif-m layout-normal text-serif-m layout-padded\">I 2023, <a href=\"https:\/\/www.vg.no\/nyheter\/i\/EQML5K\/bedragerianklagene-mot-trump-forandrer-ingenting\" data-track-element-type=\"Link\" data-track-id=\"link:EQML5K\" class=\"_link_1994c_39\" rel=\"nofollow noopener\" target=\"_blank\">i forbindelse med en rettssak mot Trump<\/a>, mente James at Trump overdrev verdien av sin eiendom i New York for \u00e5 oppn\u00e5 gunstige l\u00e5n.<\/p>\n<p class=\"_paragraph_1994c_4 _paragraph_xtcu6_10 layout-component text-serif-m layout-normal text-serif-m layout-padded\">\u2013 Dette er en fortsettelse av tidenes st\u00f8rste heksejakt. Det er svindel, det er humbug, sa Trump da han ankom rettslokalet den gang.<\/p>\n<p>    <img decoding=\"async\" alt=\"Tips oss illustrasjon\" width=\"62px\" height=\"auto\" src=\"https:\/\/www.europesays.com\/no\/wp-content\/uploads\/2025\/08\/1754784428_95_W9avJzE.png\"\/>    <\/p>\n<p class=\"title-serif-s\">Har du tips til oss?<\/p>\n<p class=\"text-sans-m\">Send oss informasjon, bilder eller video<\/p>\n<p>  <a href=\"https:\/\/www.vg.no\/tips-oss\" rel=\"nofollow noopener\" target=\"_blank\"> Tips oss <\/a>      <\/p>\n","protected":false},"excerpt":{"rendered":"Statsadvokat Letitia James skal v\u00e6re tiltalt for minst ett tilfelle av p\u00e5st\u00e5tt svindel. Foto: Bebeto Matthews \/ AP&hellip;\n","protected":false},"author":2,"featured_media":56829,"comment_status":"","ping_status":"","sticky":false,"template":"","format":"standard","meta":{"footnotes":""},"categories":[12],"tags":[31,20,21,24,25,15,22,23,13,30,28,29,14,16,26,27,42,43,44,45],"class_list":{"0":"post-56828","1":"post","2":"type-post","3":"status-publish","4":"format-standard","5":"has-post-thumbnail","7":"category-verden","8":"tag-breaking","9":"tag-breaking-news","10":"tag-breakingnews","11":"tag-featured-news","12":"tag-featurednews","13":"tag-headlines","14":"tag-latest-news","15":"tag-latestnews","16":"tag-news","17":"tag-no","18":"tag-norge","19":"tag-norway","20":"tag-nyheter","21":"tag-overskrifter","22":"tag-top-stories","23":"tag-topstories","24":"tag-verden","25":"tag-world","26":"tag-world-news","27":"tag-worldnews"},"share_on_mastodon":{"url":"","error":""},"_links":{"self":[{"href":"https:\/\/www.europesays.com\/no\/wp-json\/wp\/v2\/posts\/56828","targetHints":{"allow":["GET"]}}],"collection":[{"href":"https:\/\/www.europesays.com\/no\/wp-json\/wp\/v2\/posts"}],"about":[{"href":"https:\/\/www.europesays.com\/no\/wp-json\/wp\/v2\/types\/post"}],"author":[{"embeddable":true,"href":"https:\/\/www.europesays.com\/no\/wp-json\/wp\/v2\/users\/2"}],"replies":[{"embeddable":true,"href":"https:\/\/www.europesays.com\/no\/wp-json\/wp\/v2\/comments?post=56828"}],"version-history":[{"count":0,"href":"https:\/\/www.europesays.com\/no\/wp-json\/wp\/v2\/posts\/56828\/revisions"}],"wp:featuredmedia":[{"embeddable":true,"href":"https:\/\/www.europesays.com\/no\/wp-json\/wp\/v2\/media\/56829"}],"wp:attachment":[{"href":"https:\/\/www.europesays.com\/no\/wp-json\/wp\/v2\/media?parent=56828"}],"wp:term":[{"taxonomy":"category","embeddable":true,"href":"https:\/\/www.europesays.com\/no\/wp-json\/wp\/v2\/categories?post=56828"},{"taxonomy":"post_tag","embeddable":true,"href":"https:\/\/www.europesays.com\/no\/wp-json\/wp\/v2\/tags?post=56828"}],"curies":[{"name":"wp","href":"https:\/\/api.w.org\/{rel}","templated":true}]}}