{"id":56832,"date":"2025-10-09T21:24:15","date_gmt":"2025-10-09T21:24:15","guid":{"rendered":"https:\/\/www.europesays.com\/no\/56832\/"},"modified":"2025-10-09T21:24:15","modified_gmt":"2025-10-09T21:24:15","slug":"hamas-topp-erklaerer-slutt-pa-krigen","status":"publish","type":"post","link":"https:\/\/www.europesays.com\/no\/56832\/","title":{"rendered":"Hamas-topp erkl\u00e6rer slutt p\u00e5 krigen"},"content":{"rendered":"\n<p class=\"_lead_1994c_2 _lead_xtcu6_50 layout-component text-serif-m layout-normal text-serif-l layout-component layout-wide layout-padded _wide_17hqh_1 layout-padded\">Hamas-leder Khalil al-Hayya sier at en permanent v\u00e5penhvile er p\u00e5 plass. Israelsk minister truer samtidig med \u00e5 felle regjeringen.<\/p>\n<p><img alt=\"Khalil al-Hayya er en av de mest sentrale meglerene i Hamas.  Foto: Khalil Hamra \/ AP \/ NTB\" class=\"_image_qp4xg_65 layout-component layout-wide\" data-fullscreen- data-track-element-type=\"Article image fullscreen\" data-track-name=\"ImageFullscreen\" fetchpriority=\"high\" decoding=\"sync\" loading=\"eager\" height=\"5712\" itemprop=\"image\"  src=\"https:\/\/www.europesays.com\/no\/wp-content\/uploads\/2025\/10\/47c0ae9c-5e4c-451f-a5e3-e32c341082b7\"  style=\"object-position:0% 0%\" width=\"8568\"\/>Khalil al-Hayya er en av de mest sentrale meglerene i Hamas.  Foto: Khalil Hamra \/ AP \/ NTB<\/p>\n<ul aria-hidden=\"true\" class=\"_images_1y6fe_106\">\n<li><a class=\"_link_1y6fe_111\" href=\"https:\/\/www.vg.no\/forfatter\/hedda-kurseth\" style=\"z-index:2\" title=\"Hedda Kurseth\" rel=\"nofollow noopener\" target=\"_blank\"><img alt=\"Bilde av Hedda Kurseth\" class=\"_image_1y6fe_88\" fetchpriority=\"low\" loading=\"lazy\" decoding=\"async\" itemprop=\"image\"  src=\"https:\/\/www.europesays.com\/no\/wp-content\/uploads\/2025\/10\/1760045050_759_b6ad06ce-2f4e-4492-9dd9-7cfbdae81f6d\"  width=\"480\"\/><\/a><\/li>\n<li><a class=\"_link_1y6fe_111\" href=\"https:\/\/www.vg.no\/forfatter\/isak-loeve-pilskog-loe\" style=\"z-index:1\" title=\"Isak L\u00f8ve Pilskog Loe\" rel=\"nofollow noopener\" target=\"_blank\"><img alt=\"Bilde av Isak L\u00f8ve Pilskog Loe\" class=\"_image_1y6fe_88\" fetchpriority=\"low\" loading=\"lazy\" decoding=\"async\" itemprop=\"image\"  src=\"https:\/\/www.europesays.com\/no\/wp-content\/uploads\/2025\/10\/1760045051_30_8b0354e3-bf53-460c-9c1c-790321a0c923\"  width=\"480\"\/><\/a><\/li>\n<\/ul>\n<p> Oppdatert torsdag 9. oktober kl. 22:35     <\/p>\n<p class=\"_paragraph_1994c_4 _paragraph_xtcu6_10 layout-component text-serif-m layout-normal text-serif-m layout-padded\">En av Hamas\u2019 mest sentrale personer i forhandlingene, Khalil al-Hayya, erkl\u00e6rer at krigen p\u00e5 Gazastripen er offisielt slutt. Han sier at dette er starten p\u00e5 v\u00e5penhvilen. <\/p>\n<p class=\"_paragraph_1994c_4 _paragraph_xtcu6_10 layout-component text-serif-m layout-normal text-serif-m layout-padded\">\u2013 Vi kunngj\u00f8r i dag at vi har kommet til enighet om \u00e5 avslutte krigen og angrepet p\u00e5 v\u00e5rt folk og iverksette en permanent v\u00e5penhvile, sier han i en tale. <\/p>\n<p class=\"_paragraph_1994c_4 _paragraph_xtcu6_10 layout-component text-serif-m layout-normal text-serif-m layout-padded\">Selv om en avtale ligger p\u00e5 bordet, har det v\u00e6rt milit\u00e6re operasjoner i <a href=\"https:\/\/www.vg.no\/tag\/gaza?utm_source=vg-article&amp;utm_medium=auto-tagger&amp;utm_campaign=yEk90K\" class=\"_link_1994c_39\" rel=\"nofollow noopener\" target=\"_blank\">Gaza<\/a> torsdag, bekrefter det israelske milit\u00e6ret.<\/p>\n<p><img alt=\"Her fra Gaza by torsdag kveld.   Foto: MOHAMMED SABER \/ EPA \/ NTB\" class=\"_image_qp4xg_65 layout-component layout-normal\" data-fullscreen- data-track-element-type=\"Article image fullscreen\" data-track-name=\"ImageFullscreen\" decoding=\"async\" loading=\"lazy\" height=\"4480\" itemprop=\"image\"  src=\"https:\/\/www.europesays.com\/no\/wp-content\/uploads\/2025\/10\/b64fa3cc-cb9d-466a-b55b-2f577dc9367e\"  style=\"object-position:0% 0%\" width=\"6720\"\/>Her fra Gaza by torsdag kveld.   Foto: MOHAMMED SABER \/ EPA \/ NTB<\/p>\n<p class=\"_paragraph_1994c_4 _paragraph_xtcu6_10 layout-component text-serif-m layout-normal text-serif-m layout-padded\">Hamas skal ha f\u00e5tt garantier fra internasjonale meglere og fra Trump-administrasjonen, sier al-Hayya og legger til:<\/p>\n<p class=\"_paragraph_1994c_4 _paragraph_xtcu6_10 layout-component text-serif-m layout-normal text-serif-m layout-padded\"><strong class=\"_strong_1994c_25\">\u2013 Alle bekrefter at krigen er fullstendig over.<\/strong><\/p>\n<p class=\"_paragraph_1994c_4 _paragraph_xtcu6_10 layout-component text-serif-m layout-normal text-serif-m layout-padded\">If\u00f8lge al-Hayya inneb\u00e6rer avtalen at:<\/p>\n<ul class=\"_list_1994c_3 _list_xtcu6_9 _unordered_1994c_105 layout-component text-serif-m layout-normal text-serif-m layout-padded\">\n<li class=\"_item_1994c_30\">alle fengslede palestinske kvinner og barn vil bli sluppet fri av Israelske fengsler.<\/li>\n<li class=\"_item_1994c_30\">250 palestinere som sitter fengslet p\u00e5 livstid, blir sluppet fri. <\/li>\n<li class=\"_item_1994c_30\">1700 palestinere som har blitt arrestert i l\u00f8pet av krigen, vil bli sluppet fri.<\/li>\n<\/ul>\n<p><img alt=\"Under en pressekonferanse natt til torsdag fikk Donald Trump beskjed fra utenriksminister Rubio om at partene n\u00e6rmer seg en enighet.   Foto: JIM WATSON \/ AFP \/ NTB\" class=\"_image_qp4xg_65 layout-component layout-normal\" data-fullscreen- data-track-element-type=\"Article image fullscreen\" data-track-name=\"ImageFullscreen\" decoding=\"async\" loading=\"lazy\" height=\"3592\" itemprop=\"image\"  src=\"https:\/\/www.europesays.com\/no\/wp-content\/uploads\/2025\/10\/84c1f1cc-4197-4a01-817b-c39851f66aa5\"  style=\"object-position:0% 0%\" width=\"5392\"\/>Under en pressekonferanse natt til torsdag fikk Donald Trump beskjed fra utenriksminister Rubio om at partene n\u00e6rmer seg en enighet.   Foto: JIM WATSON \/ AFP \/ NTB<\/p>\n<p class=\"_paragraph_1994c_4 _paragraph_xtcu6_10 layout-component text-serif-m layout-normal text-serif-m layout-padded\">Natt til torsdag annonserte Donald Trump at Hamas og Israel har blitt enige om f\u00f8rste del av en avtale om \u00e5 f\u00e5 en slutt p\u00e5 den to \u00e5r lange krigen p\u00e5 Gazastripen.<\/p>\n<p>Minister truer med \u00e5 felle Netanyahu-regjeringen<\/p>\n<p class=\"_paragraph_1994c_4 _paragraph_xtcu6_10 layout-component text-serif-m layout-normal text-serif-m layout-padded\">Samtidig som Hamas uttaler seg, sitter Israels statsminister Benjamin Netanyahu i m\u00f8te med den israelske regjeringen. <\/p>\n<p class=\"_paragraph_1994c_4 _paragraph_xtcu6_10 layout-component text-serif-m layout-normal text-serif-m layout-padded\">Der skal de signere f\u00f8rste delen av v\u00e5penhvileavtalen. <\/p>\n<p><img alt=\"Israels sikkerhetsminister Ben-Gvir er kjent for sine kontroversielle uttalelser.   Foto: Ronen Zvulun \/ Reuters \/ NTB\" class=\"_image_qp4xg_65 layout-component layout-normal\" data-fullscreen- data-track-element-type=\"Article image fullscreen\" data-track-name=\"ImageFullscreen\" decoding=\"async\" loading=\"lazy\" height=\"3776\" itemprop=\"image\"  src=\"https:\/\/www.europesays.com\/no\/wp-content\/uploads\/2025\/10\/b1b2bf79-1ae8-459d-91c4-a91df0ef786a\"  style=\"object-position:0% 0%\" width=\"5500\"\/>Israels sikkerhetsminister Ben-Gvir er kjent for sine kontroversielle uttalelser.   Foto: Ronen Zvulun \/ Reuters \/ NTB<\/p>\n<p class=\"_paragraph_1994c_4 _paragraph_xtcu6_10 layout-component text-serif-m layout-normal text-serif-m layout-padded\"> En av ministerne i Netanyahus regjering, Itamar Ben-Gvir, sier imidlertid at han vil felle hele regjeringen dersom Hamas ikke avvikles. <\/p>\n<p class=\"_paragraph_1994c_4 _paragraph_xtcu6_10 layout-component text-serif-m layout-normal text-serif-m layout-padded\">I januar i fjor gikk Ben-Gvir ut av regjeringen i protest mot v\u00e5penhvileavtalen som ble inng\u00e5tt da. <\/p>\n<p><img alt=\"Foto: GPO\/REUTERS\" class=\"_image_qp4xg_65 layout-component layout-normal\" data-fullscreen- data-track-element-type=\"Article image fullscreen\" data-track-name=\"ImageFullscreen\" decoding=\"async\" loading=\"lazy\" height=\"935\" itemprop=\"image\"  src=\"https:\/\/www.europesays.com\/no\/wp-content\/uploads\/2025\/10\/fe31521f-9ec6-412a-8df8-0e467d1a93c0\"  style=\"object-position:0% 0%\" width=\"1616\"\/>Foto: GPO\/REUTERS<\/p>\n<p class=\"_paragraph_1994c_4 _paragraph_xtcu6_10 layout-component text-serif-m layout-normal text-serif-m layout-padded\">Han er ogs\u00e5 i m\u00f8te med USAs spesialutsending for Midt\u00f8sten Steve Witkoff og Trumps svigers\u00f8nn Jared Kushner. <\/p>\n<p>Skj\u00f8r fredsprosess<\/p>\n<p class=\"_paragraph_1994c_4 _paragraph_xtcu6_10 layout-component text-serif-m layout-normal text-serif-m layout-padded\">Mye tyder p\u00e5 at en v\u00e5penhvile i Gaza kan v\u00e6re innen rekkevidde de neste dagene. B\u00e5de Hamas og statsminister Benjamin Netanyahu har sluttet seg til det grunnleggende rammeverket i Trumps fredsinitiativ.<\/p>\n<p class=\"_paragraph_1994c_4 _paragraph_xtcu6_10 layout-component text-serif-m layout-normal text-serif-m layout-padded\">Men <a href=\"https:\/\/www.vg.no\/nyheter\/i\/25Lojx\/espen-barth-eide-om-gaza-avtalen-det-er-mange-skjaer-i-sjoeen\" data-track-element-type=\"Link\" data-track-id=\"link:25Lojx\" class=\"_link_1994c_39\" rel=\"nofollow noopener\" target=\"_blank\">forhandlingen er skj\u00f8r<\/a>.<\/p>\n<p class=\"_paragraph_1994c_4 _paragraph_xtcu6_10 layout-component text-serif-m layout-normal text-serif-m layout-padded\">Netanyahu-regjeringen presses internt av Ben-Gvir og hans parti, mens Hamas anklager Israel for \u00e5 ha endret deler av avtaleteksten \u2013 blant annet tidsplanen og listen over hvilke palestinske fanger som skal l\u00f8slates.<\/p>\n<p class=\"_paragraph_1994c_4 _paragraph_xtcu6_10 layout-component text-serif-m layout-normal text-serif-m layout-padded\">Samtidig advarte Hamas-toppen Osama Hamdan torsdag om at \u00abingen palestiner vil akseptere \u00e5 bli avv\u00e6pnet\u00bb, og understreket at palestinerne fortsatt \u00abtrenger v\u00e5pen og motstand\u00bb.<\/p>\n<p class=\"_paragraph_1994c_4 _paragraph_xtcu6_10 layout-component text-serif-m layout-normal text-serif-m layout-padded\">Hamdan, som i likhet med Khalil al-Hayya befinner seg utenfor Gazastripen, er en av bevegelsens sentrale utenrikspolitiske stemmer.<\/p>\n<p>Trump: Israelske gisler frigitt innen mandag eller tirsdag<\/p>\n<p class=\"_paragraph_1994c_4 _paragraph_xtcu6_10 layout-component text-serif-m layout-normal text-serif-m layout-padded\">67.000 palestinere er drept i israelske angrep de siste to \u00e5rene. Enda flere har blitt hardt s\u00e5ret og mistet hjemmene sine. <\/p>\n<p class=\"_paragraph_1994c_4 _paragraph_xtcu6_10 layout-component text-serif-m layout-normal text-serif-m layout-padded\">FNs uavhengige internasjonale gransknings\u00adkommisjon og verdens ledende menneskerettighets\u00adorganisasjoner har <a href=\"https:\/\/www.ohchr.org\/sites\/default\/files\/documents\/hrbodies\/hrcouncil\/sessions-regular\/session60\/advance-version\/a-hrc-60-crp-3.pdf\" class=\"_link_1994c_39\" rel=\"nofollow noopener\" target=\"_blank\">konkludert<\/a> med at Israel beg\u00e5r folkemord.<\/p>\n<p class=\"_paragraph_1994c_4 _paragraph_xtcu6_10 layout-component text-serif-m layout-normal text-serif-m layout-padded\">Nyheten som kom natt til torsdag ble m\u00f8tt med b\u00e5de <a href=\"https:\/\/www.vg.no\/nyheter\/i\/GyoORm\/glede-og-frykt-i-gazas-gater-vi-vil-leke\" data-track-element-type=\"Link\" data-track-id=\"link:GyoORm\" class=\"_link_1994c_39\" rel=\"nofollow noopener\" target=\"_blank\">glede og frykt av palestinerne p\u00e5 Gazastripen.<\/a><\/p>\n<p class=\"_paragraph_1994c_4 _paragraph_xtcu6_10 layout-component text-serif-m layout-normal text-serif-m layout-padded\"><strong class=\"_strong_1994c_25\">Alle detaljene om avtalen er ikke klare, men det Hamas og Israel skal v\u00e6re enige om er: <\/strong><\/p>\n<ul class=\"_list_1994c_3 _list_xtcu6_9 _unordered_1994c_105 layout-component text-serif-m layout-normal text-serif-m layout-padded\">\n<li class=\"_item_1994c_30\">Israelske gisler skal frigj\u00f8res. <\/li>\n<li class=\"_item_1994c_30\">Palestinere i israelske fengsler blir sluppet fri. <\/li>\n<li class=\"_item_1994c_30\">Israel styrker trekker seg tilbake til en avtalt linje p\u00e5 Gazastripen. <\/li>\n<li class=\"_item_1994c_30\">N\u00f8dhjelp skal bli sluppet inn p\u00e5 Gazastripen.<\/li>\n<\/ul>\n<p class=\"_paragraph_1994c_4 _paragraph_xtcu6_10 layout-component text-serif-m layout-normal text-serif-m layout-padded\">Dette er en del av Donald Trump plan p\u00e5 20 punkter. <\/p>\n<p>Dette er den opprinnelige planen:<\/p>\n<p class=\"_paragraph_1994c_4 _paragraph_xtcu6_10 _paragraph_16v91_10 layout-component text-serif-m layout-normal text-sans-m layout-padded\">If\u00f8lge Det hvite hus, er dette Trumps 20-punktsplan:<\/p>\n<ol class=\"_list_1994c_3 _list_xtcu6_9 _list_16v91_9 _ordered_1994c_79 layout-component text-serif-m layout-normal text-sans-m layout-padded\">\n<li class=\"_item_1994c_30\">Gaza blir en avradikalisert, terrorfri sone uten trussel mot naboer.<\/li>\n<li class=\"_item_1994c_30\">Gaza gjenoppbygges til fordel for egen befolkning, som har lidd mer enn nok.<\/li>\n<li class=\"_item_1994c_30\">Ved aksept fra begge parter,\u00a0<strong class=\"_strong_1994c_25\">stanser krigen umiddelbart<\/strong>, IDF trekker seg ut til det som er avtalt, avbryter milit\u00e6r aktivitet, fryser frontlinjer og forbereder gisselutveksling.<\/li>\n<li class=\"_item_1994c_30\">Alle gisler (levende og d\u00f8de) returneres innen 72 timer.<\/li>\n<li class=\"_item_1994c_30\">Israel l\u00f8slater 250 livstidsfanger + 1700 arrestert etter 7. oktober.<\/li>\n<li class=\"_item_1994c_30\">Hamas-medlemmer som avv\u00e6pner seg f\u00e5r amnesti eller trygg passasje.<\/li>\n<li class=\"_item_1994c_30\">Ved godkjennelse av avtalen, starter full n\u00f8dhjelp til Gazastripen straks, inkludert gjenoppbygging av infrastruktur og sykehus.<\/li>\n<li class=\"_item_1994c_30\">Hjelpen skal distribueres gjennom FN, R\u00f8de Halvm\u00e5ne mfl.; Rafah-grensen \u00e5pnes etter 19. jan-avtalen.<\/li>\n<li class=\"_item_1994c_30\">Gaza vil styres midlertidig av en\u00a0teknokratisk, upolitisk, komit\u00e9 med internasjonalt tilsyn \u2013 \u00abBoard of Peace\u00bb ledet av Donald Trump og tidligere britisk statsminister Tony Blair. Komiteen vil best\u00e5 av \u00abkvalifiserte palestinere\u00bb og internasjonale eksperter.<\/li>\n<li class=\"_item_1994c_30\">En Trump-ledet utviklingsplan lanseres for investeringer og arbeidsplasser.<\/li>\n<li class=\"_item_1994c_30\">Det vil bli opprettet en egen, \u00f8konomisk sone.<\/li>\n<li class=\"_item_1994c_30\">Ingen tvinges til \u00e5 forlate Gaza; folk kan bli, reise og returnere fritt. Vi oppfordrer folk til \u00e5 bli og vil gi dem muligheten til \u00e5 bygge et bedre Gaza.<\/li>\n<li class=\"_item_1994c_30\">Hamas og andre fraksjoner f\u00e5r ingen styringsrolle, hverken direkte eller indirekte. Milit\u00e6r infrastruktur og v\u00e5penproduksjon skal \u00f8delegges og ikke gjenoppbygges.<\/li>\n<li class=\"_item_1994c_30\">Regionale partnere garanterer at Hamas og andre fraksjoner holder seg til avtalen og at nye Gaza ikke utgj\u00f8r en trussel for sine naboer eller egen befolkning.<\/li>\n<li class=\"_item_1994c_30\">USA vil jobbe med arabiske og internasjonale partnere for \u00e5 etablere en midlertidig, internasjonal stabiliseringsstyrke (ISF). Stabiliseringsstyrken vil trene og st\u00f8tte palestinske politistyrker i Gaza. Stabiliseringsstyrken vil fungere som en langsiktig, intern sikkerhetsl\u00f8sning, og den vil jobbe med Israel og Egypt for \u00e5 sikre grenseomr\u00e5der. Det blir kritisk \u00e5 hindre at ammunisjon kommer inn i Gaza, og sikre trygg flyt av varer for \u00e5 bygge opp Gaza.<\/li>\n<li class=\"_item_1994c_30\">Israel skal ikke okkupere eller annektere Gaza. Idet ISF oppn\u00e5r kontroll og stabilitet, vil IDF trekke seg gradvis ut etter m\u00e5lbare milep\u00e6ler bestemt i enighet mellom IDF, ISF, garantister og USA. Samtidig vil midlertidige sikkerhetsperimetre beholdes.<\/li>\n<li class=\"_item_1994c_30\">Dersom Hamas utsetter eller avviser avtalen, iverksettes punktene over, samt n\u00f8dhjelpen, i \u00abterror-frie omr\u00e5der\u00bb overlevert fra IDF til ISF (den midlertidige stabiliseringsstyrken).<\/li>\n<li class=\"_item_1994c_30\">En interreligi\u00f8s dialogprosess vil fremme toleranse og sameksistens, og vil s\u00f8ke \u00e5 endre holdninger blant palestinere og israelere ved \u00e5 vektlegge fordelene som kan komme fra fred.<\/li>\n<li class=\"_item_1994c_30\">N\u00e5r reformer er gjennomf\u00f8rt og gjenoppbygging p\u00e5g\u00e5r, \u00e5pnes vei mot palestinsk selvstyre og statsdannelse, som anerkjennes som et legitimt \u00f8nske for det palestinske folket.<\/li>\n<li class=\"_item_1994c_30\">USA vil etablere politisk dialog mellom Israel og palestinerne for fredelig og velfungerende sameksistens.<\/li>\n<\/ol>\n<p>Vis mer<\/p>\n<p class=\"_paragraph_1994c_4 _paragraph_xtcu6_10 layout-component text-serif-m layout-normal text-serif-m layout-padded\">Torsdag kveld m\u00f8tte Donald Trump pressen. Han sa da at de gjenv\u00e6rende israelske gislene skulle bli frigitt innen mandag eller tirsdag og at han hadde tro p\u00e5 at avtalen kunne f\u00f8re til varig fred. <\/p>\n<p class=\"_paragraph_1994c_4 _paragraph_xtcu6_10 layout-component text-serif-m layout-normal text-serif-m layout-padded\">Han sa ogs\u00e5 at han selv vil reise til Midt\u00f8sten i s\u00f8ndag. <\/p>\n<p>    <img decoding=\"async\" alt=\"Tips oss illustrasjon\" width=\"62px\" height=\"auto\" src=\"https:\/\/www.europesays.com\/no\/wp-content\/uploads\/2025\/08\/1754784428_95_W9avJzE.png\"\/>    <\/p>\n<p class=\"title-serif-s\">Har du tips til oss?<\/p>\n<p class=\"text-sans-m\">Send oss informasjon, bilder eller video<\/p>\n<p>  <a href=\"https:\/\/www.vg.no\/tips-oss\" rel=\"nofollow noopener\" target=\"_blank\"> Tips oss <\/a>      <\/p>\n","protected":false},"excerpt":{"rendered":"Hamas-leder Khalil al-Hayya sier at en permanent v\u00e5penhvile er p\u00e5 plass. Israelsk minister truer samtidig med \u00e5 felle&hellip;\n","protected":false},"author":2,"featured_media":56833,"comment_status":"","ping_status":"","sticky":false,"template":"","format":"standard","meta":{"footnotes":""},"categories":[5],"tags":[54,31,20,21,24,25,53,15,19,52,22,23,17,18,13,30,28,29,14,16,26,27],"class_list":{"0":"post-56832","1":"post","2":"type-post","3":"status-publish","4":"format-standard","5":"has-post-thumbnail","7":"category-overskrifter","8":"tag-benjamin-netanyahu","9":"tag-breaking","10":"tag-breaking-news","11":"tag-breakingnews","12":"tag-featured-news","13":"tag-featurednews","14":"tag-gaza","15":"tag-headlines","16":"tag-hovedoppslag","17":"tag-israel","18":"tag-latest-news","19":"tag-latestnews","20":"tag-main-news","21":"tag-mainnews","22":"tag-news","23":"tag-no","24":"tag-norge","25":"tag-norway","26":"tag-nyheter","27":"tag-overskrifter","28":"tag-top-stories","29":"tag-topstories"},"share_on_mastodon":{"url":"","error":""},"_links":{"self":[{"href":"https:\/\/www.europesays.com\/no\/wp-json\/wp\/v2\/posts\/56832","targetHints":{"allow":["GET"]}}],"collection":[{"href":"https:\/\/www.europesays.com\/no\/wp-json\/wp\/v2\/posts"}],"about":[{"href":"https:\/\/www.europesays.com\/no\/wp-json\/wp\/v2\/types\/post"}],"author":[{"embeddable":true,"href":"https:\/\/www.europesays.com\/no\/wp-json\/wp\/v2\/users\/2"}],"replies":[{"embeddable":true,"href":"https:\/\/www.europesays.com\/no\/wp-json\/wp\/v2\/comments?post=56832"}],"version-history":[{"count":0,"href":"https:\/\/www.europesays.com\/no\/wp-json\/wp\/v2\/posts\/56832\/revisions"}],"wp:featuredmedia":[{"embeddable":true,"href":"https:\/\/www.europesays.com\/no\/wp-json\/wp\/v2\/media\/56833"}],"wp:attachment":[{"href":"https:\/\/www.europesays.com\/no\/wp-json\/wp\/v2\/media?parent=56832"}],"wp:term":[{"taxonomy":"category","embeddable":true,"href":"https:\/\/www.europesays.com\/no\/wp-json\/wp\/v2\/categories?post=56832"},{"taxonomy":"post_tag","embeddable":true,"href":"https:\/\/www.europesays.com\/no\/wp-json\/wp\/v2\/tags?post=56832"}],"curies":[{"name":"wp","href":"https:\/\/api.w.org\/{rel}","templated":true}]}}