{"id":56881,"date":"2025-10-09T23:19:16","date_gmt":"2025-10-09T23:19:16","guid":{"rendered":"https:\/\/www.europesays.com\/no\/56881\/"},"modified":"2025-10-09T23:19:16","modified_gmt":"2025-10-09T23:19:16","slug":"sarpsborg-08-ffk-derbyfeberen-stiger-na-starter-kampen-om-billettene","status":"publish","type":"post","link":"https:\/\/www.europesays.com\/no\/56881\/","title":{"rendered":"Sarpsborg 08, FFK | Derbyfeberen stiger \u2013 n\u00e5 starter kampen om billettene"},"content":{"rendered":"\n<p>L\u00f8rdag 8. november braker det l\u00f8s n\u00e5r Sarpsborg 08 tar imot Fredrikstad FK til et nytt \u00d8stfold-derby. Kampen ventes \u00e5 trekke et fullsatt stadion.<\/p>\n<p>\u2013 Vi forventer stor p\u00e5gang til billettsalget. Det er derfor etablert k\u00f8system hos TicketCo fra klokka 12.00, sier Alexander Klaussen i Sarpsborg 08, til Sarpsborg Arbeiderblad torsdag kveld.<\/p>\n<p>Lenken til billettsalget legges ut samtidig p\u00e5 sarpsborg08.no og sendes ut i klubbens nyhetsbrev mandag formiddag.<\/p>\n<p>Eget felt for bortesupportere<\/p>\n<p>Kortsiden mot nord \u2013 felt C \u2013 er reservert bortesupporterne fra Fredrikstad.<\/p>\n<p>Klaussen minner om at det ikke er tillatt med borteeffekter p\u00e5 andre deler av stadion. Bortesupportere m\u00e5 kj\u00f8pe billetter gjennom lenken FFK sender ut.<\/p>\n<p>Ulike felt for ulike typer supportere<\/p>\n<p>Sarpsborg 08 legger opp til et bredt tilbud for b\u00e5de familier og supportere som \u00f8nsker \u00e5 bidra til stemningen.<\/p>\n<p>\u2013 Familier f\u00e5r ekstra gode priser p\u00e5 felt F, mens de som liker seg best p\u00e5 langsidene kan velge mellom Borregaard-tribunen (A1, A2, B1, B2, A3, B3) og jernbanetribunen (D, E, F), sier Klaussen.<\/p>\n<p>For de som vil bidra til trykket og den kjente Sarpsborg-stemningen, anbefales Prozo-tribunen i s\u00f8r, spesielt feltene G1, G2 og H.<\/p>\n<p>\u2013 Den beste stemningen oppleves fra felt H. Landets beste fans st\u00e5r der, sier Klaussen med et smil.<\/p>\n<p>Det er duket for et intenst oppgj\u00f8r \u2013 b\u00e5de p\u00e5 banen og p\u00e5 tribunen \u2013 n\u00e5r lokalrivalene m\u00f8tes l\u00f8rdag 8. november.<\/p>\n<p>  <a href=\"https:\/\/www.sa.no\/5-46-1894480\" class=\"related-teaser has-image default-story-teaser article--c-eRUmMG article--c-eRUmMG-jKCPdD-design-default\" rel=\"nofollow noopener\" target=\"_blank\"><\/p>\n<p>    <img decoding=\"async\" loading=\"lazy\"  src=\"https:\/\/www.europesays.com\/no\/wp-content\/uploads\/2025\/10\/TAN+Publikum_Sarpsborg+08_Viking_00015.JPG\" alt=\"\" class=\"brick-c-cFOWSL\" style=\"\"\/><\/p>\n<p>\n            Les ogs\u00e5<\/p>\n<p>              Cupfinalen: \u2013 Ville v\u00e6rt r\u00e5tt med 100 busser p\u00e5 stripe til hovedstaden\n        <\/p>\n<p>  <\/a><\/p>\n","protected":false},"excerpt":{"rendered":"L\u00f8rdag 8. november braker det l\u00f8s n\u00e5r Sarpsborg 08 tar imot Fredrikstad FK til et nytt \u00d8stfold-derby. Kampen&hellip;\n","protected":false},"author":2,"featured_media":56882,"comment_status":"","ping_status":"","sticky":false,"template":"","format":"standard","meta":{"footnotes":""},"categories":[59],"tags":[36,513,30,28,29,133,83,82,1510],"class_list":{"0":"post-56881","1":"post","2":"type-post","3":"status-publish","4":"format-standard","5":"has-post-thumbnail","7":"category-sport","8":"tag-art","9":"tag-ffk","10":"tag-no","11":"tag-norge","12":"tag-norway","13":"tag-sarpsborg-08","14":"tag-sport","15":"tag-sports","16":"tag-story"},"share_on_mastodon":{"url":"","error":""},"_links":{"self":[{"href":"https:\/\/www.europesays.com\/no\/wp-json\/wp\/v2\/posts\/56881","targetHints":{"allow":["GET"]}}],"collection":[{"href":"https:\/\/www.europesays.com\/no\/wp-json\/wp\/v2\/posts"}],"about":[{"href":"https:\/\/www.europesays.com\/no\/wp-json\/wp\/v2\/types\/post"}],"author":[{"embeddable":true,"href":"https:\/\/www.europesays.com\/no\/wp-json\/wp\/v2\/users\/2"}],"replies":[{"embeddable":true,"href":"https:\/\/www.europesays.com\/no\/wp-json\/wp\/v2\/comments?post=56881"}],"version-history":[{"count":0,"href":"https:\/\/www.europesays.com\/no\/wp-json\/wp\/v2\/posts\/56881\/revisions"}],"wp:featuredmedia":[{"embeddable":true,"href":"https:\/\/www.europesays.com\/no\/wp-json\/wp\/v2\/media\/56882"}],"wp:attachment":[{"href":"https:\/\/www.europesays.com\/no\/wp-json\/wp\/v2\/media?parent=56881"}],"wp:term":[{"taxonomy":"category","embeddable":true,"href":"https:\/\/www.europesays.com\/no\/wp-json\/wp\/v2\/categories?post=56881"},{"taxonomy":"post_tag","embeddable":true,"href":"https:\/\/www.europesays.com\/no\/wp-json\/wp\/v2\/tags?post=56881"}],"curies":[{"name":"wp","href":"https:\/\/api.w.org\/{rel}","templated":true}]}}