{"id":56910,"date":"2025-10-10T00:23:19","date_gmt":"2025-10-10T00:23:19","guid":{"rendered":"https:\/\/www.europesays.com\/no\/56910\/"},"modified":"2025-10-10T00:23:19","modified_gmt":"2025-10-10T00:23:19","slug":"mandy-moore-sjokkerer-med-nytt-utseende","status":"publish","type":"post","link":"https:\/\/www.europesays.com\/no\/56910\/","title":{"rendered":"Mandy Moore sjokkerer med nytt utseende"},"content":{"rendered":"<p>Skuespiller Mandy Moore (41) skaper overskrifter etter at hun nylig dukket opp p\u00e5 Step Up&#8217;s Inspiration Awards i Los Angeles.\u00a0<\/p>\n<p>    <a itemprop=\"url\" href=\"https:\/\/www.seher.no\/kjendis\/familien-satt-i-trappa-og-grat\/83694700\" rel=\"nofollow noopener\" target=\"_blank\"><\/p>\n<p>      <img loading=\"lazy\" decoding=\"async\" src=\"https:\/\/www.europesays.com\/no\/wp-content\/uploads\/2025\/10\/1760055795_340_83695067.webp\" width=\"147\" height=\"98\" title=\"- Familien satt i trappa og gr\u00e5t\" alt=\"\" class=\"lazyload\" style=\"--aspect-ratio-image: 1.50; \"\/><\/p>\n<p>        &#8211; Familien satt i trappa og gr\u00e5t<\/p>\n<p>    <\/a><\/p>\n<p>41-\u00e5ringen, kjent fra suksessserien \u00abThis Is Us\u00bb, poserte p\u00e5 den r\u00f8de l\u00f8peren i en hvit silkebluse, et gr\u00e5brunt skinnskj\u00f8rt og h\u00f8ye h\u00e6ler.\u00a0<\/p>\n<p class=\"font-weight-bold m-font-weight-bold\" data-lab-font_weight=\"font-weight-bold\">Det var derimot ikke antrekket som fikk mest oppmerksomhet. Skuespillerens utseende har f\u00e5tt fansen til \u00e5 reagere p\u00e5 sosiale medier.<\/p>\n<p>          <img loading=\"lazy\" decoding=\"async\" src=\"https:\/\/www.europesays.com\/no\/wp-content\/uploads\/2025\/10\/83699640.webp\" width=\"686\" height=\"1009\" title=\"SKAPER FORVIRRING: Fansen mener at Mandy har forandret p\u00e5 utseendet sitt. Foto: Splash News \/ NTB\" alt=\"\" class=\"\" style=\"--aspect-ratio-image: 0.68; \"\/><\/p>\n<p>\n          SKAPER FORVIRRING: Fansen mener at Mandy har forandret p\u00e5 utseendet sitt. Foto: Splash News \/ NTB\n      <\/p>\n<p data-lab-font_weight=\"font-weight-bold\" class=\"font-weight-bold m-font-weight-bold\">\u00a0\u00abJeg er helt forvirret. Jeg skj\u00f8nner ikke hvordan dette kan v\u00e6re den samme personen. Mandy Moore var s\u00e5 naturlig vakker, hvorfor gj\u00f8re inngrep til det punktet at man ikke kjenner henne igjen\u00bb, skriver en person p\u00e5 X, if\u00f8lge <a href=\"https:\/\/pagesix.com\/2025\/10\/08\/celebrity-news\/mandy-moore-baffles-fans-with-bold-new-look\/\" rel=\"nofollow noopener\" target=\"_blank\">Page Six.<\/a><\/p>\n<p>En annen legger til:<\/p>\n<p>\u00abBeklager, men har noen andre sett Mandy Moore i det siste?! Dette er s\u00e5 langt unna ansiktet hun ble f\u00f8dt med\u00bb.<\/p>\n<p>        NY SERIE: Gunilla Persson har f\u00e5tt sitt eget datingprogram, hvor vi ogs\u00e5 f\u00e5r f\u00f8lge livet hennes, men noen av kravene hun har til mennene kan nok oppfattes som litt store. Video: Viaplay \/ \u00abDen rette for Gunilla\u00bb \/\/ Reporter: H\u00e5vard Bj\u00f8rnerem<\/p>\n<p>Kraftige reaksjoner\t<\/p>\n<p>Reaksjonene har haglet inn i sosiale medier, der fansen ikke legger skjul p\u00e5 at de er sjokkerte over skuespillerens utseende.<\/p>\n<p>\u00abHva i all verden har skjedd med Mandy Moore? Er det i det hele tatt den samme personen?\u00bb, mener en tredje.<\/p>\n<p>          <img loading=\"lazy\" decoding=\"async\" src=\"https:\/\/www.europesays.com\/no\/wp-content\/uploads\/2025\/10\/83699644.webp\" width=\"686\" height=\"776\" title=\"I SJOKK: Flere av fansen tror ikke p\u00e5 at dette er Mandy Moore. Foto: Fati Sadou \/ ABACAPRESS.COM \/ Shutterstock \/ NTB\" alt=\"\" class=\"\" style=\"--aspect-ratio-image: 0.88; \"\/><\/p>\n<p>\n          I SJOKK: Flere av fansen tror ikke p\u00e5 at dette er Mandy Moore. Foto: Fati Sadou \/ ABACAPRESS.COM \/ Shutterstock \/ NTB\n      <\/p>\n<p>\u00a0\u00abJeg er fortsatt i sjokk over at denne personen er Mandy Moore\u00bb, skriver en annen.<\/p>\n<p>    <a itemprop=\"url\" href=\"https:\/\/www.seher.no\/kjendis\/holdt-det-hemmelig-i-mange-uker\/83699160\" rel=\"nofollow noopener\" target=\"_blank\"><\/p>\n<p>      <img loading=\"lazy\" decoding=\"async\" src=\"https:\/\/www.europesays.com\/no\/wp-content\/uploads\/2025\/10\/83699204.webp\" width=\"147\" height=\"98\" title=\"- Holdt det hemmelig i mange uker\" alt=\"\" class=\"lazyload\" style=\"--aspect-ratio-image: 1.50; \"\/><\/p>\n<p>        &#8211; Holdt det hemmelig i mange uker<\/p>\n<p>    <\/a><\/p>\n<p>En femte person er enda mer bastant:<\/p>\n<p>\u00a0\u00abDet er ikke mulig at det der er Mandy Moore\u00bb.<\/p>\n<p>Mandy Moores representant har hittil ikke besvart Page Six&#8217; henvendelse.\u00a0<\/p>\n<p>        NY SERIE: Gunilla Persson har f\u00e5tt sitt eget datingprogram, hvor vi ogs\u00e5 f\u00e5r f\u00f8lge livet hennes, men noen av kravene hun har til mennene kan nok oppfattes som litt store. Video: Viaplay \/ \u00abDen rette for Gunilla\u00bb \/\/ Reporter: H\u00e5vard Bj\u00f8rnerem<\/p>\n<p>Hollywood-stjernen har tidligere v\u00e6rt kjent for sitt naturlige utseende og har opp gjennom \u00e5rene v\u00e6rt \u00e5pen om sin tiln\u00e6rming til skj\u00f8nnhet og helse.\u00a0<\/p>\n<p>Den plutselige forandringen har derfor overrasket mange av hennes mange\u00e5rige fans.<\/p>\n<p>          <img loading=\"lazy\" decoding=\"async\" src=\"https:\/\/www.europesays.com\/no\/wp-content\/uploads\/2025\/10\/83699686.webp\" width=\"686\" height=\"981\" title=\"I APRIL: Mandy Moore under Fashion Trust U.S Awards i Los Angeles i april. Foto: Faye Sadou \/ Broadimage \/ Shutterstock \/ NTB\" alt=\"\" class=\"\" style=\"--aspect-ratio-image: 0.70; \"\/><\/p>\n<p>\n          I APRIL: Mandy Moore under Fashion Trust U.S Awards i Los Angeles i april. Foto: Faye Sadou \/ Broadimage \/ Shutterstock \/ NTB\n      <\/p>\n<p>Et t\u00f8ft \u00e5r\t<\/p>\n<p>Det har v\u00e6rt et krevende \u00e5r for skuespilleren.\u00a0<\/p>\n<p>I januar ble hun rammet av de \u00f8deleggende skogbrannene i California, som herjet i Altadena-omr\u00e5det der hun bodde med ektemannen Taylor Goldsmith (40) og deres tre barn Gus (4), Ozzie (3) og Louise (1).<\/p>\n<p>If\u00f8lge <a href=\"https:\/\/www.dailymail.co.uk\/femail\/article-15171577\/mandy-moore-shocks-fans-unrecognizable-inspiration-awards.html\" rel=\"nofollow noopener\" target=\"_blank\">Daily Mail <\/a>hadde Mandy nesten fullf\u00f8rt oppussingen av huset sitt da de d\u00f8delige brannene br\u00f8t ut 7. januar.\u00a0<\/p>\n<p>Selv om selve hovedbygningen fortsatt sto, forklarte skuespilleren i et innlegg p\u00e5 sosiale medier at eiendelene inne i huset var \u00abtotalt \u00f8delagt\u00bb p\u00e5 grunn av brannene.<\/p>\n<p>        PROVOSERER: Traileren til M\u00e4rtha Louise og Durek Verretts bryllupsdokumentar har satt sinnene i kok. Video: Netflix \/ Trailer: \u00abRebel Royals: An Unlikely Love Story\u00bb \/\/ Reporter: H\u00e5vard Bj\u00f8rnerem<\/p>\n<p>I etterkant <a href=\"https:\/\/www.seher.no\/kjendis\/fansen-raser-etter-innsamling\/82501803\" rel=\"nofollow noopener\" target=\"_blank\">m\u00f8tte Mandy kraftig kritikk<\/a> da hun la ut en GoFundMe-innsamling for \u00e5 hjelpe familiemedlemmer som fikk hjemmene sine i Altadena \u00f8delagt av brannene. Kritikerne anklaget henne for \u00e5 be fansen om penger, noe Mandy slo hardt tilbake mot.<\/p>\n<p class=\"font-weight-bold m-font-weight-bold\" data-lab-font_weight=\"font-weight-bold\">\u00abMillion\u00e6rer som ber om donasjoner til SIN familie? Vi har ikke r\u00e5d til v\u00e5re egne utgifter fordi vi IKKE er million\u00e6rer som deg. Vi kan knapt betale husleie\u00bb, l\u00f8d en av kommentarene.\u00a0<\/p>\n<p>          <img loading=\"lazy\" decoding=\"async\" src=\"https:\/\/www.europesays.com\/no\/wp-content\/uploads\/2025\/10\/83699866.webp\" width=\"686\" height=\"851\" title=\"RUINER: Mandy delte dette bildet av deler av huset sitt i februar. Brannen slukte skuespillerens garasje og tilbygg. Foto: Skjermbilde: @mandymooremm \/ Instagram\" alt=\"\" class=\"\" style=\"--aspect-ratio-image: 0.81; \"\/><\/p>\n<p>\n          RUINER: Mandy delte dette bildet av deler av huset sitt i februar. Brannen slukte skuespillerens garasje og tilbygg. Foto: Skjermbilde: @mandymooremm \/ Instagram\n      <\/p>\n<p>          <img loading=\"lazy\" decoding=\"async\" src=\"https:\/\/www.europesays.com\/no\/wp-content\/uploads\/2025\/10\/83699892.webp\" width=\"686\" height=\"789\" title=\"TRAGEDIE: \u00abHvert eneste hus i gaten v\u00e5r er borte\u00bb, skrev Mandy til dette bildet av ektemannen som rydder opp i ruinene etter skogbrannen. Foto: Skjermbilde: @mandymooremm \/ Instagram\" alt=\"\" class=\"\" style=\"--aspect-ratio-image: 0.87; \"\/><\/p>\n<p>\n          TRAGEDIE: \u00abHvert eneste hus i gaten v\u00e5r er borte\u00bb, skrev Mandy til dette bildet av ektemannen som rydder opp i ruinene etter skogbrannen. Foto: Skjermbilde: @mandymooremm \/ Instagram\n      <\/p>\n<p>\u00abFolk som lurer p\u00e5 om vi faktisk stiller opp for familien v\u00e5r, eller som tror de vet hvor mye penger vi har fordi de har googlet det, viser NULL forst\u00e5else og empati. Selvf\u00f8lgelig hjelper vi dem\u00bb, raste hun p\u00e5 Instagram, if\u00f8lge <a href=\"https:\/\/pagesix.com\/2025\/01\/10\/celebrity-news\/mandy-moore-claps-back-after-facing-backlash-for-sharing-in-laws-gofundme-for-la-fire-relief-kindly-f-off\/\" rel=\"nofollow noopener\" target=\"_blank\">Page Six.\u00a0<\/a><\/p>\n<p>    <a itemprop=\"url\" href=\"https:\/\/www.seher.no\/kongelig\/svarer-pa-ryktene\/83693484\" rel=\"nofollow noopener\" target=\"_blank\"><\/p>\n<p>      <img loading=\"lazy\" decoding=\"async\" src=\"https:\/\/www.europesays.com\/no\/wp-content\/uploads\/2025\/10\/83694235.webp\" width=\"147\" height=\"98\" title=\"Svarer p\u00e5 ryktene\" alt=\"\" class=\"lazyload\" style=\"--aspect-ratio-image: 1.50; \"\/><\/p>\n<p>        Svarer p\u00e5 ryktene<\/p>\n<p>    <\/a><\/p>\n<p>Hun la til:<\/p>\n<p class=\"font-weight-bold m-font-weight-bold\" data-lab-font_weight=\"font-weight-bold\">\u00abVi mistet nettopp hele livet v\u00e5rt i en brann vi ogs\u00e5. S\u00e5 v\u00e6r s\u00e5 snill, dra til helvete. Ingen tvinger deg til \u00e5 gj\u00f8re noe som helst\u00bb.\u00a0<\/p>\n<p>Situasjonen var ekstra vanskelig for Mandy og familien, som hadde brukt lang tid p\u00e5 \u00e5 pusse opp hjemmet sitt. Etter brannene sto de plutselig uten de fleste av sine personlige eiendeler og minner.<\/p>\n<p>        R\u00d8PER: Gjengen i \u00abA-laget\u00bb settes ut av hva Sophie Elise har i nattbordskuffen. Video: NRK TV\/ R\u00f8d L\u00f8per<\/p>\n<p>Frustrert over byr\u00e5krati\t<\/p>\n<p>I mai uttrykte Mandy frustrasjon over gjenoppbyggingen etter brannene.<\/p>\n<p>\u00abTakk til LA County for \u00e5 gj\u00f8re det s\u00e5 frustrerende og umulig som mulig \u00e5 bygge opp igjen etter brannene. Jeg burde kanskje ikke v\u00e6re overasket, men det er helt utrolig hvor mye byr\u00e5krati og hvor mange hindringer de legger i veien\u00bb, skrev hun p\u00e5 Instagram, if\u00f8lge <a href=\"https:\/\/www.dailymail.co.uk\/tvshowbiz\/article-14689697\/Mandy-Moore-slams-LA-County-impossible-rebuild-home-fires.html\" rel=\"nofollow noopener\" target=\"_blank\">Daily Mail.<\/a><\/p>\n<p>    <a itemprop=\"url\" href=\"https:\/\/www.seher.no\/kjendis\/sett-uten-giftering\/83689262\" rel=\"nofollow noopener\" target=\"_blank\"><\/p>\n<p>      <img loading=\"lazy\" decoding=\"async\" src=\"https:\/\/www.europesays.com\/no\/wp-content\/uploads\/2025\/10\/1760055798_380_83690555.webp\" width=\"147\" height=\"98\" title=\"Sett uten giftering\" alt=\"\" class=\"lazyload\" style=\"--aspect-ratio-image: 1.50; \"\/><\/p>\n<p>        Sett uten giftering<\/p>\n<p>    <\/a><\/p>\n<p>I et annet innlegg p\u00e5 Instagram Story innr\u00f8mmet hun at frustrasjonen i det forrige innlegget ble litt rotete.\u00a0<\/p>\n<p>\u00abDet er vanvittig og hjertel\u00f8st&#8230; alle de endel\u00f8se hindrene og meningsl\u00f8se reglene LA County krever at brannofre skal f\u00f8lge for \u00e5 bygge opp igjen og f\u00e5 livene sine tilbake. Skulle ikke California gj\u00f8re dette s\u00e5 enkelt som mulig? Vi ble akkurat ferdige med byggearbeidet i november, og det at vi n\u00e5 er tilbake til start igjen, er hjerteskj\u00e6rende nok i seg selv\u00bb.\u00a0<\/p>\n<p>          <img loading=\"lazy\" decoding=\"async\" src=\"https:\/\/www.europesays.com\/no\/wp-content\/uploads\/2025\/10\/83699695.webp\" width=\"686\" height=\"735\" title=\"HARDT RAMMET: Det var ikke bare Mandy og ektemannen Taylor som ble hardt rammet av Los Angeles-brannen - ogs\u00e5 svoger Griffin og kona Kit mistet hjemmet sitt. Foto: Richard Shotwell \/ AP \/ NTB\" alt=\"\" class=\"\" style=\"--aspect-ratio-image: 0.93; \"\/><\/p>\n<p>\n          HARDT RAMMET: Det var ikke bare Mandy og ektemannen Taylor som ble hardt rammet av Los Angeles-brannen &#8211; ogs\u00e5 svoger Griffin og kona Kit mistet hjemmet sitt. Foto: Richard Shotwell \/ AP \/ NTB\n      <\/p>\n<p>Mandy avsl\u00f8rte ogs\u00e5 at svogeren Griffin Goldsmith (34) og hans gravide kone Kit hadde mistet huset sitt bare uker f\u00f8r de skulle bli foreldre.\u00a0<\/p>\n<p>Uten et hjem \u00e5 bo i, flyttet Mandy, Taylor og deres tre barn midlertidig inn hos skuespillerkollega Hilary Duff (38) og ektemannen Matthew Koma (38).\u00a0<\/p>\n<p>          <img loading=\"lazy\" decoding=\"async\" src=\"https:\/\/www.europesays.com\/no\/wp-content\/uploads\/2025\/10\/83700684.webp\" width=\"686\" height=\"728\" title=\"DER DET ER HUSROM ER DET HJERTEROM: Hillary Duff og ektemannen Matthew Koma lot Mandy Moore og familien flytte inn hos dem etter skogbrannen. Foto: Christine Chew \/ UPI \/ Shutterstock \/ NTB\" alt=\"\" class=\"\" style=\"--aspect-ratio-image: 0.94; \"\/><\/p>\n<p>\n          DER DET ER HUSROM ER DET HJERTEROM: Hillary Duff og ektemannen Matthew Koma lot Mandy Moore og familien flytte inn hos dem etter skogbrannen. Foto: Christine Chew \/ UPI \/ Shutterstock \/ NTB\n      <\/p>\n<p>Ny tragedie i august\t<\/p>\n<p>Som om ikke det var nok, ble Mandy og familien utsatt for en p\u00e5kj\u00f8rsel i august. Den ansvarlige sj\u00e5f\u00f8ren <a href=\"https:\/\/www.google.com\/url?client=internal-element-cse&amp;cx=016584459734247446129:ildnlrbz3ue&amp;q=https:\/\/www.seher.no\/kjendis\/slar-tilbake-haper-karma-finner-deg\/83412755&amp;sa=U&amp;ved=2ahUKEwi21bz99JaQAxVFQvEDHfdMD0gQFnoECAEQAg&amp;usg=AOvVaw2ZHmNeciP4YH1e6V4OxPaG\" rel=\"nofollow noopener\" target=\"_blank\">stakk av fra stedet.<\/a><\/p>\n<p>    <a itemprop=\"url\" href=\"https:\/\/www.seher.no\/kjendis\/han-er-62-hun-er-29\/83695973\" rel=\"nofollow noopener\" target=\"_blank\"><\/p>\n<p>      <img loading=\"lazy\" decoding=\"async\" src=\"https:\/\/www.europesays.com\/no\/wp-content\/uploads\/2025\/10\/83697244.webp\" width=\"147\" height=\"98\" title=\"Han er 62 - hun er 29\" alt=\"\" class=\"lazyload\" style=\"--aspect-ratio-image: 1.50; \"\/><\/p>\n<p>        Han er 62 &#8211; hun er 29<\/p>\n<p>    <\/a><\/p>\n<p class=\"font-weight-bold m-font-weight-bold\" data-lab-font_weight=\"font-weight-bold\">\u00abTil kvinnen som kj\u00f8rte inn i bilen der familien min satt, og deretter stakk av &#8211; h\u00e5per karmaen tar deg\u00bb, skrev hun p\u00e5 Instagram, if\u00f8lge Daily Mail.<\/p>\n<p>Hun forsikret deretter bekymrede fans om at alle hadde det bra:<\/p>\n<p>\u00abHeldigvis gikk det bra med alle, men hva slags menneske gj\u00f8r noe s\u00e5nt?\u00a0\u00bb<\/p>\n<p>        MATCHENDE: Influenserparet valgte et noe spesielt klesplagg da de ga hverandre sitt ja. Video: Viaplay \/ Thea Hope \/ Kine Falch<\/p>\n<p>Hendelsen var en p\u00e5minnelse om det utfordrende \u00e5ret Mandy og familien har hatt. 2025 er nok et \u00e5r familien neppe vil glemme.\u00a0<\/p>\n<p>Mandy Moore ble f\u00f8rst kjent som ten\u00e5ringspopstjerne med hits som \u00abCandy\u00bb, \u00abSo Real\u00bb og \u00abIn My Pocket\u00bb.\u00a0<\/p>\n<p>          <img loading=\"lazy\" decoding=\"async\" src=\"https:\/\/www.europesays.com\/no\/wp-content\/uploads\/2025\/10\/83700702.webp\" width=\"686\" height=\"940\" title=\"2002: Mandy Moore spilte rollen som Jamie Sullivan i den romantiske filmen A Walk To Remenber. Her med skuespillerkollega Shane West i 2002, som spilte rollen som Landon Carter. Foto: Pete Tangen \/ Warner\" alt=\"\" class=\"\" style=\"--aspect-ratio-image: 0.73; \"\/><\/p>\n<p>\n          2002: Mandy Moore spilte rollen som Jamie Sullivan i den romantiske filmen A Walk To Remenber. Her med skuespillerkollega Shane West i 2002, som spilte rollen som Landon Carter. Foto: Pete Tangen \/ Warner\n      <\/p>\n<p>Hun gikk senere over til skuespill med roller i \u00abA Walk to Remember\u00bb, \u00abSouthland Tales\u00bb, \u00abLicense to Wed\u00bb og den kritikerroste TV-serien \u00abThis Is Us\u00bb, der hun spilte hovedrollen som Rebecca Pearson gjennom seks sesonger.<\/p>\n","protected":false},"excerpt":{"rendered":"Skuespiller Mandy Moore (41) skaper overskrifter etter at hun nylig dukket opp p\u00e5 Step Up&#8217;s Inspiration Awards i&hellip;\n","protected":false},"author":2,"featured_media":56911,"comment_status":"","ping_status":"","sticky":false,"template":"","format":"standard","meta":{"footnotes":""},"categories":[58],"tags":[4104,71,8507,479,8508,30,28,29,8506,72],"class_list":{"0":"post-56910","1":"post","2":"type-post","3":"status-publish","4":"format-standard","5":"has-post-thumbnail","7":"category-underholdning","8":"tag-eksklusivt","9":"tag-entertainment","10":"tag-hillary-duff","11":"tag-kjendis","12":"tag-mandy-moore","13":"tag-no","14":"tag-norge","15":"tag-norway","16":"tag-taylor-goldsmith","17":"tag-underholdning"},"share_on_mastodon":{"url":"","error":""},"_links":{"self":[{"href":"https:\/\/www.europesays.com\/no\/wp-json\/wp\/v2\/posts\/56910","targetHints":{"allow":["GET"]}}],"collection":[{"href":"https:\/\/www.europesays.com\/no\/wp-json\/wp\/v2\/posts"}],"about":[{"href":"https:\/\/www.europesays.com\/no\/wp-json\/wp\/v2\/types\/post"}],"author":[{"embeddable":true,"href":"https:\/\/www.europesays.com\/no\/wp-json\/wp\/v2\/users\/2"}],"replies":[{"embeddable":true,"href":"https:\/\/www.europesays.com\/no\/wp-json\/wp\/v2\/comments?post=56910"}],"version-history":[{"count":0,"href":"https:\/\/www.europesays.com\/no\/wp-json\/wp\/v2\/posts\/56910\/revisions"}],"wp:featuredmedia":[{"embeddable":true,"href":"https:\/\/www.europesays.com\/no\/wp-json\/wp\/v2\/media\/56911"}],"wp:attachment":[{"href":"https:\/\/www.europesays.com\/no\/wp-json\/wp\/v2\/media?parent=56910"}],"wp:term":[{"taxonomy":"category","embeddable":true,"href":"https:\/\/www.europesays.com\/no\/wp-json\/wp\/v2\/categories?post=56910"},{"taxonomy":"post_tag","embeddable":true,"href":"https:\/\/www.europesays.com\/no\/wp-json\/wp\/v2\/tags?post=56910"}],"curies":[{"name":"wp","href":"https:\/\/api.w.org\/{rel}","templated":true}]}}