{"id":56921,"date":"2025-10-10T01:05:12","date_gmt":"2025-10-10T01:05:12","guid":{"rendered":"https:\/\/www.europesays.com\/no\/56921\/"},"modified":"2025-10-10T01:05:12","modified_gmt":"2025-10-10T01:05:12","slug":"angelina-jolie-har-ikke-vaert-pa-vingarden-siden-skilsmissen","status":"publish","type":"post","link":"https:\/\/www.europesays.com\/no\/56921\/","title":{"rendered":"Angelina Jolie har ikke v\u00e6rt p\u00e5 ving\u00e5rden siden skilsmissen"},"content":{"rendered":"\n<p class=\"_lead_1994c_2 _lead_xtcu6_50 layout-component text-serif-m layout-normal text-serif-l layout-component layout-wide layout-padded _wide_17hqh_1 layout-padded\">Hverken hun eller barna har satt foten p\u00e5 eiendommen etter det sv\u00e6rt turbulente bruddet med Brad Pitt.<\/p>\n<p><img alt=\" Foto: VALERY HACHE \/ AFP \/ NTB\" class=\"_image_qp4xg_65 layout-component layout-wide\" data-fullscreen- data-track-element-type=\"Article image fullscreen\" data-track-name=\"ImageFullscreen\" fetchpriority=\"high\" decoding=\"sync\" loading=\"eager\" height=\"3115\" itemprop=\"image\"  src=\"https:\/\/www.europesays.com\/no\/wp-content\/uploads\/2025\/10\/edab2ed9-1cfe-46bf-9f88-a6991173aee8\"  style=\"object-position:0% 0%\" width=\"4672\"\/> Foto: VALERY HACHE \/ AFP \/ NTB<\/p>\n<ul aria-hidden=\"true\" class=\"_images_1y6fe_106\">\n<li><a class=\"_link_1y6fe_111\" href=\"https:\/\/www.vg.no\/forfatter\/hege-varsi\" style=\"z-index:1\" title=\"Hege Varsi\" rel=\"nofollow noopener\" target=\"_blank\"><img alt=\"Bilde av Hege Varsi\" class=\"_image_1y6fe_88\" fetchpriority=\"low\" loading=\"lazy\" decoding=\"async\" itemprop=\"image\"  src=\"https:\/\/www.europesays.com\/no\/wp-content\/uploads\/2025\/10\/1760058310_402_d48c09ee-ae08-4a71-8e5b-8db7c6b4f37d\"  width=\"480\"\/><\/a><\/li>\n<\/ul>\n<p> Oppdatert fredag 10. oktober kl. 02:30     <\/p>\n<p class=\"_paragraph_1994c_4 _paragraph_xtcu6_10 layout-component text-serif-m layout-normal text-serif-m layout-padded\"><a href=\"https:\/\/www.vg.no\/tag\/angelina-jolie?utm_source=vg-article&amp;utm_medium=auto-tagger&amp;utm_campaign=0VMg3B\" class=\"_link_1994c_39\" rel=\"nofollow noopener\" target=\"_blank\">Angelina Jolie<\/a> avsl\u00f8rer i nye rettsdokumenter at hun og barna aldri har returnert til den franske ving\u00e5rden Ch\u00e2teau Miraval siden bruddet med Brad Pitt i 2016.<\/p>\n<p class=\"_paragraph_1994c_4 _paragraph_xtcu6_10 layout-component text-serif-m layout-normal text-serif-m layout-padded\">\u2013 Til den dag i dag har barna og jeg aldri satt foten p\u00e5 eiendommen igjen, gitt dens tilknytning til de smertefulle hendelsene som ledet fram til skilsmissen, sier Jolie i sin uttalelse. <\/p>\n<p class=\"_paragraph_1994c_4 _paragraph_xtcu6_10 layout-component text-serif-m layout-normal text-serif-m layout-padded\">\u2013 Etter bruddet begynte jeg umiddelbart \u00e5 lete etter et nytt hjem for meg og barna v\u00e5re. I starten leide vi et hus mens jeg lette etter en mer stabil l\u00f8sning. Fordi jeg \u00f8nsket \u00e5 sikre at Brad fortsatt skulle v\u00e6re en viktig del av barnas liv, pr\u00f8vde jeg \u00e5 kj\u00f8pe en bolig n\u00e6r hans hjem. P\u00e5 det tidspunktet var sparepengene mine bundet opp i Miraval, og jeg hadde ikke bedt Brad om bidrag eller \u00f8konomisk st\u00f8tte, skriver Jolie i dokumentene, if\u00f8lge <a href=\"https:\/\/people.com\/angelina-jolie-hasnt-returned-winery-painful-events-brad-pitt-divorce-11827586\" class=\"_link_1994c_39\" rel=\"nofollow noopener\" target=\"_blank\">People<\/a>.<\/p>\n<p><img alt=\"Ving\u00e5rden Ch\u00e2teau Miraval har v\u00e6rt stridens kjerne i den store krangelen mellom Angelina Jolie og den tidligere ektemannen Brad Pitt.   Foto: MICHEL GANGNE \/ AFP \/ NTB\" class=\"_image_qp4xg_65 layout-component layout-normal\" data-fullscreen- data-track-element-type=\"Article image fullscreen\" data-track-name=\"ImageFullscreen\" decoding=\"async\" loading=\"lazy\" height=\"2832\" itemprop=\"image\"  src=\"https:\/\/www.europesays.com\/no\/wp-content\/uploads\/2025\/10\/11388a7d-7129-4950-9b2c-176b6476d33e\"  style=\"object-position:0% 0%\" width=\"4256\"\/>Ving\u00e5rden Ch\u00e2teau Miraval har v\u00e6rt stridens kjerne i den store krangelen mellom Angelina Jolie og den tidligere ektemannen Brad Pitt.   Foto: MICHEL GANGNE \/ AFP \/ NTB<\/p>\n<p class=\"_paragraph_1994c_4 _paragraph_xtcu6_10 layout-component text-serif-m layout-normal text-serif-m layout-padded\">Jolie (50) og Pitt (61), som har seks barn sammen \u2014 Maddox (24), Pax (21), Zahara (20), Shiloh (19) og tvillingene Vivienne og Knox (17), kj\u00f8pte ving\u00e5rden sammen og giftet seg der i 2014. <\/p>\n<p class=\"_paragraph_1994c_4 _paragraph_xtcu6_10 layout-component text-serif-m layout-normal text-serif-m layout-padded\">Etter separasjonen i 2016 overlot Jolie kontrollen over familiens hjem til Pitt uten kompensasjon, if\u00f8lge rettsdokumentene.<\/p>\n<p class=\"_paragraph_1994c_4 _paragraph_xtcu6_10 layout-component text-serif-m layout-normal text-serif-m layout-padded\">\u2013 Jeg hadde h\u00e5pet at dette ville gj\u00f8re ham roligere i sin omgang med meg etter en vanskelig og traumatisk periode, sier hun. <\/p>\n<p><img alt=\"Angelina Jolie og Brad Pitt i lykkeligere dager tilbake i 2015.  Foto: MARK RALSTON \/ AFP \/ NTB\" class=\"_image_qp4xg_65 layout-component layout-normal\" data-fullscreen- data-track-element-type=\"Article image fullscreen\" data-track-name=\"ImageFullscreen\" decoding=\"async\" loading=\"lazy\" height=\"2640\" itemprop=\"image\"  src=\"https:\/\/www.europesays.com\/no\/wp-content\/uploads\/2025\/10\/957feaef-f605-42bf-9842-3f4c5df886a5\"  style=\"object-position:0% 0%\" width=\"3273\"\/>Angelina Jolie og Brad Pitt i lykkeligere dager tilbake i 2015.  Foto: MARK RALSTON \/ AFP \/ NTB<\/p>\n<p class=\"_paragraph_1994c_4 _paragraph_xtcu6_10 layout-component text-serif-m layout-normal text-serif-m layout-padded\">Jolie solgte sin andel av ving\u00e5rden i 2021, noe som utl\u00f8ste en rettssak fra Pitt. Han hevder hun solgte uten hans godkjenning, mens Jolie p\u00e5 sin side anklager ham for \u00e5 f\u00f8re en \u00abhevngjerrig krig\u00bb mot henne.<\/p>\n<p class=\"_paragraph_1994c_4 _paragraph_xtcu6_10 layout-component text-serif-m layout-normal text-serif-m layout-padded\">Skuespilleren beskriver eiendommen som \u00abet fokuspunkt i familielivet\u00bb deres.<\/p>\n<p class=\"_paragraph_1994c_4 _paragraph_xtcu6_10 layout-component text-serif-m layout-normal text-serif-m layout-padded\">\u2013 Det var et samlingspunkt i familielivet v\u00e5rt. Vi giftet oss der, jeg tilbrakte en del av svangerskapet mitt der, og jeg tok med tvillingene dit fra sykehuset. <\/p>\n<p><img alt=\"Angelina Jolie sier at det har v\u00e6rt vanskelig for henne og de seks barna hun har sammen med Pitt \u00e5 bli revet bort fra hjemmet sitt s\u00e5 br\u00e5tt.   Foto: Monica Schipper \/ AFP \/ NTB\" class=\"_image_qp4xg_65 layout-component layout-normal\" data-fullscreen- data-track-element-type=\"Article image fullscreen\" data-track-name=\"ImageFullscreen\" decoding=\"async\" loading=\"lazy\" height=\"3420\" itemprop=\"image\"  src=\"https:\/\/www.europesays.com\/no\/wp-content\/uploads\/2025\/10\/7c1079f7-ce00-4732-a39f-3690f5ecd766\"  style=\"object-position:0% 0%\" width=\"4812\"\/>Angelina Jolie sier at det har v\u00e6rt vanskelig for henne og de seks barna hun har sammen med Pitt \u00e5 bli revet bort fra hjemmet sitt s\u00e5 br\u00e5tt.   Foto: Monica Schipper \/ AFP \/ NTB<\/p>\n<p class=\"_paragraph_1994c_4 _paragraph_xtcu6_10 layout-component text-serif-m layout-normal text-serif-m layout-padded\">\u2013 \u00c5 f\u00e5 en s\u00e5 br\u00e5 avskjed med hjemmet mitt og minnene har v\u00e6rt vanskelig, og det har spesielt v\u00e6rt t\u00f8ft for barna \u00e5 oppleve at livene deres ble brutt opp p\u00e5 denne m\u00e5ten. <\/p>\n<p class=\"_paragraph_1994c_4 _paragraph_xtcu6_10 layout-component text-serif-m layout-normal text-serif-m layout-padded\">Skilsmissen til det tidligere s\u00e5 mektige Hollywood-paret ble rettskraftig i desember 2024, men ving\u00e5rd-striden fortsetter.<\/p>\n","protected":false},"excerpt":{"rendered":"Hverken hun eller barna har satt foten p\u00e5 eiendommen etter det sv\u00e6rt turbulente bruddet med Brad Pitt. Foto:&hellip;\n","protected":false},"author":2,"featured_media":56922,"comment_status":"","ping_status":"","sticky":false,"template":"","format":"standard","meta":{"footnotes":""},"categories":[58],"tags":[4435,646,71,80,30,28,29,72,46,8509],"class_list":{"0":"post-56921","1":"post","2":"type-post","3":"status-publish","4":"format-standard","5":"has-post-thumbnail","7":"category-underholdning","8":"tag-angelina-jolie","9":"tag-brad-pitt","10":"tag-entertainment","11":"tag-hollywood","12":"tag-no","13":"tag-norge","14":"tag-norway","15":"tag-underholdning","16":"tag-vgai","17":"tag-vingard"},"share_on_mastodon":{"url":"","error":""},"_links":{"self":[{"href":"https:\/\/www.europesays.com\/no\/wp-json\/wp\/v2\/posts\/56921","targetHints":{"allow":["GET"]}}],"collection":[{"href":"https:\/\/www.europesays.com\/no\/wp-json\/wp\/v2\/posts"}],"about":[{"href":"https:\/\/www.europesays.com\/no\/wp-json\/wp\/v2\/types\/post"}],"author":[{"embeddable":true,"href":"https:\/\/www.europesays.com\/no\/wp-json\/wp\/v2\/users\/2"}],"replies":[{"embeddable":true,"href":"https:\/\/www.europesays.com\/no\/wp-json\/wp\/v2\/comments?post=56921"}],"version-history":[{"count":0,"href":"https:\/\/www.europesays.com\/no\/wp-json\/wp\/v2\/posts\/56921\/revisions"}],"wp:featuredmedia":[{"embeddable":true,"href":"https:\/\/www.europesays.com\/no\/wp-json\/wp\/v2\/media\/56922"}],"wp:attachment":[{"href":"https:\/\/www.europesays.com\/no\/wp-json\/wp\/v2\/media?parent=56921"}],"wp:term":[{"taxonomy":"category","embeddable":true,"href":"https:\/\/www.europesays.com\/no\/wp-json\/wp\/v2\/categories?post=56921"},{"taxonomy":"post_tag","embeddable":true,"href":"https:\/\/www.europesays.com\/no\/wp-json\/wp\/v2\/tags?post=56921"}],"curies":[{"name":"wp","href":"https:\/\/api.w.org\/{rel}","templated":true}]}}