{"id":56926,"date":"2025-10-10T02:27:10","date_gmt":"2025-10-10T02:27:10","guid":{"rendered":"https:\/\/www.europesays.com\/no\/56926\/"},"modified":"2025-10-10T02:27:10","modified_gmt":"2025-10-10T02:27:10","slug":"tsunamivarsel-etter-jordskjelv-pa-76-utenfor-filippinene","status":"publish","type":"post","link":"https:\/\/www.europesays.com\/no\/56926\/","title":{"rendered":"Tsunamivarsel etter jordskjelv p\u00e5 7,6 utenfor Filippinene"},"content":{"rendered":"\n<p class=\"_lead_1994c_2 _lead_xtcu6_50 layout-component text-serif-m layout-normal text-serif-l layout-component layout-wide layout-padded _wide_17hqh_1 layout-padded\">Et kraftig jordskjelv utenfor Filippinenes nest st\u00f8rste \u00f8y Mindanao er m\u00e5lt til styrke 7,6 av det amerikanske jordskjelvsenteret.<\/p>\n<p><img alt=\"\" class=\"_image_qp4xg_65 layout-component layout-wide\" data-fullscreen- data-track-element-type=\"Article image fullscreen\" data-track-name=\"ImageFullscreen\" fetchpriority=\"high\" decoding=\"sync\" loading=\"eager\" height=\"554\" itemprop=\"image\"  src=\"https:\/\/www.europesays.com\/no\/wp-content\/uploads\/2025\/10\/50c642b4-4ad2-4ba0-95f3-ce7f810b3a51\"  style=\"object-position:0% 0%\" width=\"769\"\/><\/p>\n<ul aria-hidden=\"true\" class=\"_images_1y6fe_106\">\n<li><a class=\"_link_1y6fe_111\" href=\"https:\/\/www.vg.no\/forfatter\/hege-varsi\" style=\"z-index:2\" title=\"Hege Varsi\" rel=\"nofollow noopener\" target=\"_blank\"><img alt=\"Bilde av Hege Varsi\" class=\"_image_1y6fe_88\" fetchpriority=\"low\" loading=\"lazy\" decoding=\"async\" itemprop=\"image\"  src=\"https:\/\/www.europesays.com\/no\/wp-content\/uploads\/2025\/10\/1760063227_581_d48c09ee-ae08-4a71-8e5b-8db7c6b4f37d\"  width=\"480\"\/><\/a><\/li>\n<li><a class=\"_link_1y6fe_111\" href=\"https:\/\/www.vg.no\/forfatter\/ntb\" style=\"z-index:1\" title=\"NTB\" rel=\"nofollow noopener\" target=\"_blank\"><img alt=\"Bilde av NTB\" class=\"_image_1y6fe_88\" fetchpriority=\"low\" loading=\"lazy\" decoding=\"async\" itemprop=\"image\"  src=\"https:\/\/www.europesays.com\/no\/wp-content\/uploads\/2025\/10\/1760063229_357_c33980b0-5d07-4027-84a1-813f90a7c8d6\"  width=\"480\"\/><\/a><\/li>\n<\/ul>\n<p> Oppdatert fredag 10. oktober kl. 04:15     <\/p>\n<p class=\"_paragraph_1994c_4 _paragraph_xtcu6_10 layout-component text-serif-m layout-normal text-serif-m layout-padded\">Et kraftig jordskjelv med styrke 7,6 har rammet <a href=\"https:\/\/www.vg.no\/tag\/filippinene?utm_source=vg-article&amp;utm_medium=auto-tagger&amp;utm_campaign=eMb6Xy\" class=\"_link_1994c_39\" rel=\"nofollow noopener\" target=\"_blank\">Filippinene<\/a>, melder\u00a0<a href=\"https:\/\/www.reuters.com\/\" class=\"_link_1994c_39\" rel=\"nofollow noopener\" target=\"_blank\">Reuters<\/a>.<\/p>\n<p class=\"_paragraph_1994c_4 _paragraph_xtcu6_10 layout-component text-serif-m layout-normal text-serif-m layout-padded\">Pacific Tsunami Warning Center (PTWC) advarer n\u00e5 om at farlige tsunamib\u00f8lger kan treffe kystomr\u00e5der som ligger innenfor 300 kilometer fra jordskjelvets episenter.<\/p>\n<p class=\"_paragraph_1994c_4 _paragraph_xtcu6_10 layout-component text-serif-m layout-normal text-serif-m layout-padded\">Varselet kommer etter at det kraftige skjelvet traff \u00f8ygruppen.<\/p>\n<p class=\"_paragraph_1994c_4 _paragraph_xtcu6_10 layout-component text-serif-m layout-normal text-serif-m layout-padded\">Tsunamifaren gjelder alle kystomr\u00e5der som befinner seg innenfor en radius p\u00e5 300 kilometer fra der jordskjelvet hadde sitt utspring.<\/p>\n<p class=\"_paragraph_1994c_4 _paragraph_xtcu6_10 layout-component text-serif-m layout-normal text-serif-m layout-padded\">\u2013 Vi anbefaler sterkt at personer i kystbyer i sentrale og s\u00f8rlige Filippinene umiddelbart evakuerer til h\u00f8yere liggende omr\u00e5der, skriver <a href=\"https:\/\/tsunami.phivolcs.dost.gov.ph\/Tsunami_Information\/2025_Tsunami_Information\/Oct\/10\/20251010_0143z_Advisory3_1.html\" class=\"_link_1994c_39\" rel=\"nofollow noopener\" target=\"_blank\">Filippinenes seismologiske byr\u00e5<\/a> i en uttalelse if\u00f8lge Reuters.<\/p>\n<p class=\"_paragraph_1994c_4 _paragraph_xtcu6_10 layout-component text-serif-m layout-normal text-serif-m layout-padded\">Skjelvet inntraff klokken 3.43 norsk tid natt til fredag, 9.43 lokal tid, utenfor \u00f8ya Mindanao. Episenteret var 58,1 kilometer dypt, if\u00f8lge det amerikanske jordskjelvsenteret\u00a0<a href=\"https:\/\/earthquake.usgs.gov\/earthquakes\/eventpage\/us6000rfwz\/executive\" class=\"_link_1994c_39\" rel=\"nofollow noopener\" target=\"_blank\">USGS<\/a>.<\/p>\n<p>       <img decoding=\"async\" alt=\"Tips oss illustrasjon\" width=\"62px\" height=\"auto\" src=\"https:\/\/www.europesays.com\/no\/wp-content\/uploads\/2025\/08\/1754784428_95_W9avJzE.png\"\/>    <\/p>\n<p class=\"title-serif-s\">Har du tips til oss?<\/p>\n<p class=\"text-sans-m\">Send oss informasjon, bilder eller video<\/p>\n<p>  <a href=\"https:\/\/www.vg.no\/tips-oss\" rel=\"nofollow noopener\" target=\"_blank\"> Tips oss <\/a>      <\/p>\n","protected":false},"excerpt":{"rendered":"Et kraftig jordskjelv utenfor Filippinenes nest st\u00f8rste \u00f8y Mindanao er m\u00e5lt til styrke 7,6 av det amerikanske jordskjelvsenteret.&hellip;\n","protected":false},"author":2,"featured_media":56927,"comment_status":"","ping_status":"","sticky":false,"template":"","format":"standard","meta":{"footnotes":""},"categories":[5],"tags":[20,21,24,25,6678,15,19,1133,22,23,17,18,13,30,28,29,14,16,26,27,8510],"class_list":{"0":"post-56926","1":"post","2":"type-post","3":"status-publish","4":"format-standard","5":"has-post-thumbnail","7":"category-overskrifter","8":"tag-breaking-news","9":"tag-breakingnews","10":"tag-featured-news","11":"tag-featurednews","12":"tag-filippinene","13":"tag-headlines","14":"tag-hovedoppslag","15":"tag-jordskjelv","16":"tag-latest-news","17":"tag-latestnews","18":"tag-main-news","19":"tag-mainnews","20":"tag-news","21":"tag-no","22":"tag-norge","23":"tag-norway","24":"tag-nyheter","25":"tag-overskrifter","26":"tag-top-stories","27":"tag-topstories","28":"tag-tsunami"},"share_on_mastodon":{"url":"","error":""},"_links":{"self":[{"href":"https:\/\/www.europesays.com\/no\/wp-json\/wp\/v2\/posts\/56926","targetHints":{"allow":["GET"]}}],"collection":[{"href":"https:\/\/www.europesays.com\/no\/wp-json\/wp\/v2\/posts"}],"about":[{"href":"https:\/\/www.europesays.com\/no\/wp-json\/wp\/v2\/types\/post"}],"author":[{"embeddable":true,"href":"https:\/\/www.europesays.com\/no\/wp-json\/wp\/v2\/users\/2"}],"replies":[{"embeddable":true,"href":"https:\/\/www.europesays.com\/no\/wp-json\/wp\/v2\/comments?post=56926"}],"version-history":[{"count":0,"href":"https:\/\/www.europesays.com\/no\/wp-json\/wp\/v2\/posts\/56926\/revisions"}],"wp:featuredmedia":[{"embeddable":true,"href":"https:\/\/www.europesays.com\/no\/wp-json\/wp\/v2\/media\/56927"}],"wp:attachment":[{"href":"https:\/\/www.europesays.com\/no\/wp-json\/wp\/v2\/media?parent=56926"}],"wp:term":[{"taxonomy":"category","embeddable":true,"href":"https:\/\/www.europesays.com\/no\/wp-json\/wp\/v2\/categories?post=56926"},{"taxonomy":"post_tag","embeddable":true,"href":"https:\/\/www.europesays.com\/no\/wp-json\/wp\/v2\/tags?post=56926"}],"curies":[{"name":"wp","href":"https:\/\/api.w.org\/{rel}","templated":true}]}}