{"id":57011,"date":"2025-10-10T05:59:17","date_gmt":"2025-10-10T05:59:17","guid":{"rendered":"https:\/\/www.europesays.com\/no\/57011\/"},"modified":"2025-10-10T05:59:17","modified_gmt":"2025-10-10T05:59:17","slug":"david-beckham-ingen-visste-vi-datet","status":"publish","type":"post","link":"https:\/\/www.europesays.com\/no\/57011\/","title":{"rendered":"David Beckham: &#8211; Ingen visste vi datet"},"content":{"rendered":"<p class=\"kicker \" style=\"\">Victoria Beckham:<\/p>\n<p>  David og Victoria Beckham \u00e5pner opp om forholdet.\u00a0<\/p>\n<p>\n    Victoria Beckham: I en ny dokumentar om Victoria Beckham \u00e5pner hun og ektemannen opp. FOTO: NTB\n  <\/p>\n<p>Denne uken har Netflix-dokumentaren \u00abVictoria Beckham\u00bb premiere. Den gir et intimt innblikk i Victorias reise fra Spice Girls-stjerne til moteikon \u2013 og kampen for \u00e5 st\u00e5 st\u00f8tt p\u00e5 egne ben ved siden av Beckham-navnet.<\/p>\n<p>I serien \u00e5pner Victoria Beckham og ektemannen David Beckham opp om hvordan det egentlig var da de to f\u00f8rst ble et par p\u00e5 slutten av 90-tallet.<\/p>\n<p>    <a itemprop=\"url\" href=\"https:\/\/www.kk.no\/underholdning\/slar-tilbake-mot-ryktene\/80324372\" rel=\"nofollow noopener\" target=\"_blank\"><\/p>\n<p>      <img loading=\"lazy\" decoding=\"async\" src=\"https:\/\/www.europesays.com\/no\/wp-content\/uploads\/2025\/10\/80324695.webp\" width=\"147\" height=\"98\" title=\"Sl\u00e5r tilbake mot ryktene\" alt=\"\" class=\"lazyload\" style=\"--aspect-ratio-image: 1.50; \"\/><\/p>\n<p>        Sl\u00e5r tilbake mot ryktene<\/p>\n<p>    <\/a><\/p>\n<p>&#8211; Jeg var s\u00e5 stolt\t<\/p>\n<p>Paret m\u00f8ttes f\u00f8rste gang i 1997, da Victoria kom for \u00e5 se en kamp. David har tidligere fortalt at han trodde han hadde mistet sjansen sin \u2013 helt til hun dukket opp p\u00e5 en ny kamp uken etter. Resten er, som man sier, historie.<\/p>\n<p>\u2013 Jeg var s\u00e5 gira. Jeg ville at alle skulle vite at jeg datet Posh Spice, forteller David i serien.<\/p>\n<p>P\u00e5 den tiden var Spice Girls verdens st\u00f8rste popfenomen, mens David var en ung fotballstjerne i Manchester United. Han innr\u00f8mmer at han f\u00f8lte seg litt i skyggen av kj\u00e6resten, <a href=\"https:\/\/www.instyle.com\/david-beckham-early-days-victoria-beckham-docuseries-11826386\" rel=\"nofollow noopener\" target=\"_blank\">skriver InStyle<\/a>.<\/p>\n<p>    <a itemprop=\"url\" href=\"https:\/\/www.kk.no\/underholdning\/dette-heter-david-beckham-egentlig\/80316929\" rel=\"nofollow noopener\" target=\"_blank\"><\/p>\n<p>      <img loading=\"lazy\" decoding=\"async\" src=\"https:\/\/www.europesays.com\/no\/wp-content\/uploads\/2025\/10\/80324335.webp\" width=\"980\" height=\"441\" title=\"Dette heter han egentlig\" alt=\"\" class=\"lazyload\" style=\"--aspect-ratio-image: 2.22; \"\/><\/p>\n<p>        Dette heter han egentlig<\/p>\n<p>    <\/a><\/p>\n<p>          <img loading=\"lazy\" decoding=\"async\" src=\"https:\/\/www.europesays.com\/no\/wp-content\/uploads\/2025\/10\/83701161.webp\" width=\"980\" height=\"559\" title=\"David Beckham og Victoria sammen i 1999. FOTO: NTB\" alt=\"\" class=\"\" style=\"--aspect-ratio-image: 1.75; \"\/><\/p>\n<p>\n          David Beckham og Victoria sammen i 1999. FOTO: NTB\n      <\/p>\n<p>\u2013 \u00abSpice Girls\u00bb var enorme, og jeg var bare en fotballspiller i Manchester. Ingen visste at vi datet, men jeg var s\u00e5 stolt, sier han.<\/p>\n<p>I dokumentaren deler Victoria ogs\u00e5 mer personlige sider av livet som superstjerne. Hun forteller blant annet om presset hun f\u00f8lte p\u00e5 kroppen og hvordan hun i perioder slet med \u00e5 ha kontroll.<\/p>\n<p>\u2013 Jeg kunne kontrollere vekten min, og det ble en m\u00e5te \u00e5 h\u00e5ndtere alt p\u00e5. Det var utrolig usunt, sier hun.<\/p>\n<p>David snakker ogs\u00e5 om tiden da Victorias motemerke slet \u00f8konomisk, og hvordan det p\u00e5virket ham.\u00a0<\/p>\n<p>    <a itemprop=\"url\" href=\"https:\/\/www.kk.no\/mote\/har-kastet-seg-pa-en-av-arets-hartrender-1\/81894985\" rel=\"nofollow noopener\" target=\"_blank\"><\/p>\n<p>      <img loading=\"lazy\" decoding=\"async\" src=\"https:\/\/www.europesays.com\/no\/wp-content\/uploads\/2025\/10\/81895189.webp\" width=\"980\" height=\"441\" title=\"Har kastet seg p\u00e5 \u00e5rets h\u00e5rtrend\" alt=\"\" class=\"lazyload\" style=\"--aspect-ratio-image: 2.22; \"\/><\/p>\n<p>        Har kastet seg p\u00e5 \u00e5rets h\u00e5rtrend<\/p>\n<p>    <\/a><\/p>\n<p>    <a itemprop=\"url\" href=\"https:\/\/www.kk.no\/underholdning\/dette-er-victoria-beckhams-hemmelige-treningsprogram\/80476991\" rel=\"nofollow noopener\" target=\"_blank\"><\/p>\n<p>      <img loading=\"lazy\" decoding=\"async\" src=\"https:\/\/www.europesays.com\/no\/wp-content\/uploads\/2025\/10\/80477328.webp\" width=\"980\" height=\"441\" title=\"Dette er Victoria Beckhams \u00abhemmelige\u00bb treningsprogram\" alt=\"\" class=\"lazyload\" style=\"--aspect-ratio-image: 2.22; \"\/><\/p>\n<p>        Dette er Victoria Beckhams \u00abhemmelige\u00bb treningsprogram<\/p>\n<p>    <\/a><\/p>\n<p>    <a itemprop=\"url\" href=\"https:\/\/www.kk.no\/underholdning\/deler-private-bilder-1\/83445789\" rel=\"nofollow noopener\" target=\"_blank\"><\/p>\n<p>      <img loading=\"lazy\" decoding=\"async\" src=\"https:\/\/www.europesays.com\/no\/wp-content\/uploads\/2025\/10\/83445801.webp\" width=\"980\" height=\"441\" title=\"Deler private bilder\" alt=\"\" class=\"lazyload\" style=\"--aspect-ratio-image: 2.22; \"\/><\/p>\n<p>        Deler private bilder<\/p>\n<p>    <\/a><\/p>\n<p>Etter over 25 \u00e5r sammen og fire barn er \u00abPosh og Becks\u00bb fortsatt et av verdens mest ikoniske par \u2013 og dokumentaren viser at kj\u00e6rligheten deres har t\u00e5lt b\u00e5de rampelys og motgang.<\/p>\n","protected":false},"excerpt":{"rendered":"Victoria Beckham: David og Victoria Beckham \u00e5pner opp om forholdet.\u00a0 Victoria Beckham: I en ny dokumentar om Victoria&hellip;\n","protected":false},"author":2,"featured_media":57012,"comment_status":"","ping_status":"","sticky":false,"template":"","format":"standard","meta":{"footnotes":""},"categories":[58],"tags":[6080,71,30,28,29,72,6081],"class_list":{"0":"post-57011","1":"post","2":"type-post","3":"status-publish","4":"format-standard","5":"has-post-thumbnail","7":"category-underholdning","8":"tag-david-beckham","9":"tag-entertainment","10":"tag-no","11":"tag-norge","12":"tag-norway","13":"tag-underholdning","14":"tag-victoria-beckham"},"share_on_mastodon":{"url":"","error":""},"_links":{"self":[{"href":"https:\/\/www.europesays.com\/no\/wp-json\/wp\/v2\/posts\/57011","targetHints":{"allow":["GET"]}}],"collection":[{"href":"https:\/\/www.europesays.com\/no\/wp-json\/wp\/v2\/posts"}],"about":[{"href":"https:\/\/www.europesays.com\/no\/wp-json\/wp\/v2\/types\/post"}],"author":[{"embeddable":true,"href":"https:\/\/www.europesays.com\/no\/wp-json\/wp\/v2\/users\/2"}],"replies":[{"embeddable":true,"href":"https:\/\/www.europesays.com\/no\/wp-json\/wp\/v2\/comments?post=57011"}],"version-history":[{"count":0,"href":"https:\/\/www.europesays.com\/no\/wp-json\/wp\/v2\/posts\/57011\/revisions"}],"wp:featuredmedia":[{"embeddable":true,"href":"https:\/\/www.europesays.com\/no\/wp-json\/wp\/v2\/media\/57012"}],"wp:attachment":[{"href":"https:\/\/www.europesays.com\/no\/wp-json\/wp\/v2\/media?parent=57011"}],"wp:term":[{"taxonomy":"category","embeddable":true,"href":"https:\/\/www.europesays.com\/no\/wp-json\/wp\/v2\/categories?post=57011"},{"taxonomy":"post_tag","embeddable":true,"href":"https:\/\/www.europesays.com\/no\/wp-json\/wp\/v2\/tags?post=57011"}],"curies":[{"name":"wp","href":"https:\/\/api.w.org\/{rel}","templated":true}]}}