{"id":57034,"date":"2025-10-10T06:32:13","date_gmt":"2025-10-10T06:32:13","guid":{"rendered":"https:\/\/www.europesays.com\/no\/57034\/"},"modified":"2025-10-10T06:32:13","modified_gmt":"2025-10-10T06:32:13","slug":"markerer-verdensdagen-na-onsker-vi-a-fremme-psykisk-beredskap-altaposten-no","status":"publish","type":"post","link":"https:\/\/www.europesays.com\/no\/57034\/","title":{"rendered":"(+) Markerer verdensdagen: \u2013 N\u00e5 \u00f8nsker vi \u00e5 fremme psykisk beredskap &#8211; altaposten.no"},"content":{"rendered":"<ol>\n<li><a href=\"https:\/\/news.google.com\/rss\/articles\/CBMiqwFBVV95cUxPTVkxMi1KenUxYkVQMjE5OVZnNm1GckI0MHJXeTBFRTVaTFN2UTlPcjdPMWItSmVpS1lfSUk2YklLblRkOGVfOUFwS3BUX3RpbkFmRXdzc1cwUWFHVklxai15ZEZMZ2xmSV9rcjN3UFpVeWRvdGsyckQ1Z3hJVjFPUi1kc0hya3d0Z3g2bXNwLV9mX3ljd0x5NThoMmhfLXlsOWFDUU4tbEFqNmc?oc=5\" target=\"_blank\" rel=\"nofollow noopener\">(+) Markerer verdensdagen: \u2013 N\u00e5 \u00f8nsker vi \u00e5 fremme psykisk beredskap<\/a>&nbsp;&nbsp;altaposten.no<\/li>\n<li><a href=\"https:\/\/news.google.com\/rss\/articles\/CBMi2gFBVV95cUxNNVNCMHc4aVBZNHBxODFPcmtueG04TFdfSmw2TGNwRTFnTGtTSzBkaENFSDBFY3RFS3pINzJ2cUlfU2U5LWVieWQwZmZMakp2RUZEZkd6WGRUbE92bWVfWEIycXF2YndVSWNSMTNWMWs0QWV4RFdtNXdhWXQxX0VydUo3VFdZWUFQeVJvUWg2MXNqYjVFbzBPd1pyWGMzSkxueG5veWpjZ3FMRVN5NndBRi1TNEliZXZHYnp6VUZUR283a0JOOWdCZ3E4LWs2OFNjQkR4bS16QlY2QQ?oc=5\" target=\"_blank\" rel=\"nofollow noopener\">I en urolig tid er dette kanskje det aller viktigste vi kan gj\u00f8re for oss selv. Og for andre.<\/a>&nbsp;&nbsp;Aftenposten<\/li>\n<li><a href=\"https:\/\/news.google.com\/rss\/articles\/CBMiywFBVV95cUxOSFhSV25sU1J2Tzk1aVpwa2hCS0lnRTZYZnVCVnl1T3Fha3BySW5tdUU5b1BhcHc5UjlkcTllbWU4Tm9lM05VbkljaE5xa2N2cjl1ZmQ5SEYzSDY0VkZDVmNQNjMtZVpCLVdhZ01Qc2V0dHRaZ29QbDlYXzd3Z2RLd3FkOGpEOEllOXMxY1ozTDd2cWRNakhzQ0d1ZTk5V1dGRGkzdkFYRUh0QTJWa3NKNkx6TUxJN0c5aUtaZVNieU9HYWJNZ1JyMExTYw?oc=5\" target=\"_blank\" rel=\"nofollow noopener\">Verdensdagen for psykisk helse: Vi m\u00e5 styrke v\u00e5r psykiske motstandskraft f\u00f8r krisene oppst\u00e5r<\/a>&nbsp;&nbsp;NRK<\/li>\n<li><a href=\"https:\/\/news.google.com\/rss\/articles\/CBMijgFBVV95cUxOR3l3cnBOOG4wREwzaDFpdlBkOFB1c09od2RrRS1aNEU4cFNTb2lzSWpmeklSblRZcHExQ1J1cDRoTjBPQU5hSGRtNF9LNVRFSlliOFBHdzZhNEdBS0NTMTJMVjZoZlNMdUQ2UThiR3lKbmdNWm9TMjVVZnRZai1jVElvR1U0bXJrWG1hREZR?oc=5\" target=\"_blank\" rel=\"nofollow noopener\">Et aktivt liv gj\u00f8r deg mer robust<\/a>&nbsp;&nbsp;Fredriksstad Blad<\/li>\n<li><a href=\"https:\/\/news.google.com\/rss\/articles\/CBMigwFBVV95cUxQcHNWYzh4cXJHVnBfbXBYRnpXcmxkcjlvQTd3WkxVODQ0Y2owNDM5T3NjNzhXQjBtb29jZGRBS3BhT2NEOWFNQ21qOC1xMXNERXpmUUdYWlpmT05zWFI0c0dpV2h4NmVnZzN1WGcwSUQ2Um03T2k0bVV4Qms5RWI4S1Z6RQ?oc=5\" target=\"_blank\" rel=\"nofollow noopener\">\u2013 Alle opplever fartsdumper i livet<\/a>&nbsp;&nbsp;altaposten.no<\/li>\n<\/ol>\n","protected":false},"excerpt":{"rendered":"(+) Markerer verdensdagen: \u2013 N\u00e5 \u00f8nsker vi \u00e5 fremme psykisk beredskap&nbsp;&nbsp;altaposten.no I en urolig tid er dette kanskje&hellip;\n","protected":false},"author":2,"featured_media":57035,"comment_status":"","ping_status":"","sticky":false,"template":"","format":"standard","meta":{"footnotes":""},"categories":[10],"tags":[215,5741,8519,20,21,24,25,15,22,23,13,30,28,29,14,16,2918,26,27,8520],"class_list":{"0":"post-57034","1":"post","2":"type-post","3":"status-publish","4":"format-standard","5":"has-post-thumbnail","7":"category-norge","8":"tag-alta","9":"tag-alta-kommune","10":"tag-alta-videregaende-skole","11":"tag-breaking-news","12":"tag-breakingnews","13":"tag-featured-news","14":"tag-featurednews","15":"tag-headlines","16":"tag-latest-news","17":"tag-latestnews","18":"tag-news","19":"tag-no","20":"tag-norge","21":"tag-norway","22":"tag-nyheter","23":"tag-overskrifter","24":"tag-samfunnet","25":"tag-top-stories","26":"tag-topstories","27":"tag-verdensdager"},"share_on_mastodon":{"url":"","error":""},"_links":{"self":[{"href":"https:\/\/www.europesays.com\/no\/wp-json\/wp\/v2\/posts\/57034","targetHints":{"allow":["GET"]}}],"collection":[{"href":"https:\/\/www.europesays.com\/no\/wp-json\/wp\/v2\/posts"}],"about":[{"href":"https:\/\/www.europesays.com\/no\/wp-json\/wp\/v2\/types\/post"}],"author":[{"embeddable":true,"href":"https:\/\/www.europesays.com\/no\/wp-json\/wp\/v2\/users\/2"}],"replies":[{"embeddable":true,"href":"https:\/\/www.europesays.com\/no\/wp-json\/wp\/v2\/comments?post=57034"}],"version-history":[{"count":0,"href":"https:\/\/www.europesays.com\/no\/wp-json\/wp\/v2\/posts\/57034\/revisions"}],"wp:featuredmedia":[{"embeddable":true,"href":"https:\/\/www.europesays.com\/no\/wp-json\/wp\/v2\/media\/57035"}],"wp:attachment":[{"href":"https:\/\/www.europesays.com\/no\/wp-json\/wp\/v2\/media?parent=57034"}],"wp:term":[{"taxonomy":"category","embeddable":true,"href":"https:\/\/www.europesays.com\/no\/wp-json\/wp\/v2\/categories?post=57034"},{"taxonomy":"post_tag","embeddable":true,"href":"https:\/\/www.europesays.com\/no\/wp-json\/wp\/v2\/tags?post=57034"}],"curies":[{"name":"wp","href":"https:\/\/api.w.org\/{rel}","templated":true}]}}