{"id":57054,"date":"2025-10-10T07:31:10","date_gmt":"2025-10-10T07:31:10","guid":{"rendered":"https:\/\/www.europesays.com\/no\/57054\/"},"modified":"2025-10-10T07:31:10","modified_gmt":"2025-10-10T07:31:10","slug":"prisutvikling-inflasjon-forsiktig-prisvekst-i-september","status":"publish","type":"post","link":"https:\/\/www.europesays.com\/no\/57054\/","title":{"rendered":"Prisutvikling, Inflasjon | Forsiktig prisvekst i september"},"content":{"rendered":"\n<p><a href=\"https:\/\/www.nettavisen.no\/okonomi\/prisene-steg-kraftig-i-september\/s\/5-95-2664191\" rel=\"Follow nofollow noopener\" target=\"_blank\"><b>(Nettavisen): <\/b><\/a>Det meste blir dyrere: Prisene i september var 3,6 prosent h\u00f8yere enn for et \u00e5r siden (KPI).<\/p>\n<p>Kjerneinflasjonen (KPI-JAE) gikk ned fra 3,2 til 3,0 prosent, prim\u00e6rt p\u00e5 grunn av str\u00f8mprisen.<\/p>\n<p>   <img decoding=\"async\" width=\"1200\" height=\"900\" fetchpriority=\"low\"  loading=\"lazy\"  src=\"https:\/\/www.europesays.com\/no\/wp-content\/uploads\/2025\/10\/figur-1-12-mnedersendrin.jpeg\" alt=\"\" class=\"brick-c-cFOWSL\" style=\"--brick-image-ratio: 1200 \/ 900;\"\/><\/p>\n<p>    PEKER OPPOVER: Prisveksten g\u00e5r feil vei.<\/p>\n<p>Forventningen til Norges Bank var rundt 3,2 prosent. Dette er langt over m\u00e5let p\u00e5 2 prosent.<\/p>\n<p>Dieselpriser til v\u00e6rs<\/p>\n<p>\u00c5rsaken til at kjerneinflasjonen g\u00e5r litt tilbake, mens inflasjonen stiger, er stor oppgang i prisene p\u00e5 str\u00f8m og drivstoff. Dette er ikke en del av kjerneinflasjonen.<\/p>\n<p>Prisene p\u00e5 str\u00f8m var 27,0 prosent h\u00f8yere i september enn for ett \u00e5r siden, melder SSB.<\/p>\n<p>Prisutviklingen p\u00e5 drivstoff bidro ogs\u00e5 til \u00e5 l\u00f8fte prisveksten. S\u00e6rlig er det tydelig at dieselbil-eierne har f\u00e5tt seg en smell. Prisene p\u00e5 diesel har steget 4,7 prosent for diesel, mens den i samme periode har falt 0,4 prosent for bensin.<\/p>\n<p>Med andre ord har drivstoffprisen steget mye mer for eiere av dieselbiler, som er den st\u00f8rste kategorien biler p\u00e5 norske veier.<\/p>\n<p>   <img decoding=\"async\" width=\"1200\" height=\"900\" fetchpriority=\"low\"  loading=\"lazy\"  src=\"https:\/\/www.europesays.com\/no\/wp-content\/uploads\/2025\/10\/figur-3-12-mnedersendrin.jpeg\" alt=\"\" class=\"brick-c-cFOWSL\" style=\"--brick-image-ratio: 1200 \/ 900;\"\/><\/p>\n<p>  Matvareprisene hopper opp og ned<\/p>\n<p>Mat ble isolert sett litt billigere i september, sammenlignet med august. Likevel er matvareprisene av det som drar opp inflasjonen mest sammenlignet med for et \u00e5r siden. 5,8 prosent er prisene \u00f8kt p\u00e5 et \u00e5r.<\/p>\n<p>\u2013 Tross prisfall p\u00e5 matvarer den siste m\u00e5neden trekker matvareprisene tolvm\u00e5nedersveksten i KPI opp fra august til september. Dette skyldes at matvareprisene falt mer fra august til september i fjor, enn de gjorde p\u00e5 samme tid i \u00e5r, sier seksjonssjef Espen Kristiansen i SSB.<\/p>\n<p>Dyre norske varer, billige importerte<\/p>\n<p>SSB gj\u00f8r et nummer ut av at inflasjonen n\u00e5 er innenlandsk:<\/p>\n<p>Prisene p\u00e5 importerte varer steg 1,1 prosent fra september 2024 til september 2025. P\u00e5 samme tid steg prisene p\u00e5 norske varer utenom energivarer med hele 5,3 prosent, mens prisene p\u00e5 tjenester steg med 3,4 prosent.<\/p>\n<p>\u2013 Det var prisutviklingen p\u00e5 typiske importvarer som kl\u00e6r, sko og m\u00f8bler som dempet prisveksten i september. Prisene p\u00e5 kl\u00e6r og sko steg fra august til september, men var likevel lavere i \u00e5r enn for ett \u00e5r siden. M\u00f8belprisene falt uvanlig mye den siste m\u00e5neden og trakk dermed prisveksten godt ned, sier Espen Kristiansen.<\/p>\n<p>\u00d8konomer: Bedre enn ventet<\/p>\n<p>\u2013 Tallene var bedre enn ventet. Kjerneinflasjonen kom inn lavere enn Norges Bank hadde sett for seg, noe som st\u00f8tter videre rentenedsettelser etter hvert. Samtidig har prisveksten ligget rundt 3 prosent en stund, s\u00e5 sentralbanken vil nok m\u00e5tte se flere tall i samme retning f\u00f8r de konkluderer med at nedgangen g\u00e5r raskere enn ventet, sier makro\u00f8konom Karine Alsvik Nelson i Handelsenbanken.<\/p>\n<p>Hun tror ikke tallene endrer Norges Banks videre planer.<\/p>\n<p>Sjef\u00f8konom Harald Magnus Andreassen i Sparebank 1 Markets tar ogs\u00e5 tallene med fatning:<\/p>\n<p>\u2013 Selv om prisene steg noe mindre enn ventet i september, er prisveksten fortsatt godt over prism\u00e5let p\u00e5 2 prosent. Prisveksten p\u00e5 innenlandske varer og tjenester er p\u00e5 4,0 prosent, mens importprisene er opp 1,1 %.<\/p>\n<p>Ogs\u00e5 sjef\u00f8konom Kyrre M. Knusen i Sparebank 1 S\u00f8r-Norge fremhever positive i at tallene er lavere enn forventningene, men fremhever det som skjer p\u00e5 norske varer:<\/p>\n<p>\u2013 Norske varer og tjenester trekker opp prisveksten, s\u00e6rlig mat og drikke. Der er prisene 6 prosent h\u00f8yere enn i fjor. Mye av det vi importerer har lav prisvekst, og ser vi p\u00e5 snittet p\u00e5 alt vi importerer er veksten bare 1 prosent h\u00f8yere enn i fjor. Veksten for m\u00f8bler og elektronikk er 1 prosent lavere enn for et \u00e5r siden.<\/p>\n<p>Barnehagepriser p\u00e5virker mye<\/p>\n<p>Inflasjonen skulle egentlig v\u00e6rt vesentlig h\u00f8yere enn tallene som SSB presenterer, men reddes inn av det kraftige kuttet i barnehageprisene i august. If\u00f8lge Handelsbanken skulle kjerneinflasjonen egentlig v\u00e6rt jekket opp med 0,3 prosent ekstra.<\/p>\n","protected":false},"excerpt":{"rendered":"(Nettavisen): Det meste blir dyrere: Prisene i september var 3,6 prosent h\u00f8yere enn for et \u00e5r siden (KPI).&hellip;\n","protected":false},"author":2,"featured_media":57055,"comment_status":"","ping_status":"","sticky":false,"template":"","format":"standard","meta":{"footnotes":""},"categories":[10],"tags":[36,20,21,24,25,15,2788,2191,22,23,13,30,28,241,29,14,16,8524,1020,1510,26,27],"class_list":{"0":"post-57054","1":"post","2":"type-post","3":"status-publish","4":"format-standard","5":"has-post-thumbnail","7":"category-norge","8":"tag-art","9":"tag-breaking-news","10":"tag-breakingnews","11":"tag-featured-news","12":"tag-featurednews","13":"tag-headlines","14":"tag-ida-wolden-bache","15":"tag-inflasjon","16":"tag-latest-news","17":"tag-latestnews","18":"tag-news","19":"tag-no","20":"tag-norge","21":"tag-norges-bank","22":"tag-norway","23":"tag-nyheter","24":"tag-overskrifter","25":"tag-prisutvikling","26":"tag-renter","27":"tag-story","28":"tag-top-stories","29":"tag-topstories"},"share_on_mastodon":{"url":"","error":""},"_links":{"self":[{"href":"https:\/\/www.europesays.com\/no\/wp-json\/wp\/v2\/posts\/57054","targetHints":{"allow":["GET"]}}],"collection":[{"href":"https:\/\/www.europesays.com\/no\/wp-json\/wp\/v2\/posts"}],"about":[{"href":"https:\/\/www.europesays.com\/no\/wp-json\/wp\/v2\/types\/post"}],"author":[{"embeddable":true,"href":"https:\/\/www.europesays.com\/no\/wp-json\/wp\/v2\/users\/2"}],"replies":[{"embeddable":true,"href":"https:\/\/www.europesays.com\/no\/wp-json\/wp\/v2\/comments?post=57054"}],"version-history":[{"count":0,"href":"https:\/\/www.europesays.com\/no\/wp-json\/wp\/v2\/posts\/57054\/revisions"}],"wp:featuredmedia":[{"embeddable":true,"href":"https:\/\/www.europesays.com\/no\/wp-json\/wp\/v2\/media\/57055"}],"wp:attachment":[{"href":"https:\/\/www.europesays.com\/no\/wp-json\/wp\/v2\/media?parent=57054"}],"wp:term":[{"taxonomy":"category","embeddable":true,"href":"https:\/\/www.europesays.com\/no\/wp-json\/wp\/v2\/categories?post=57054"},{"taxonomy":"post_tag","embeddable":true,"href":"https:\/\/www.europesays.com\/no\/wp-json\/wp\/v2\/tags?post=57054"}],"curies":[{"name":"wp","href":"https:\/\/api.w.org\/{rel}","templated":true}]}}