{"id":57068,"date":"2025-10-10T07:52:10","date_gmt":"2025-10-10T07:52:10","guid":{"rendered":"https:\/\/www.europesays.com\/no\/57068\/"},"modified":"2025-10-10T07:52:10","modified_gmt":"2025-10-10T07:52:10","slug":"15-aring-pagrepet-etter-granateksplosjon-pa-strommen","status":"publish","type":"post","link":"https:\/\/www.europesays.com\/no\/57068\/","title":{"rendered":"15-\u00e5ring p\u00e5grepet etter granateksplosjon p\u00e5 Str\u00f8mmen"},"content":{"rendered":"\n<p class=\"_lead_1994c_2 _lead_xtcu6_50 layout-component text-serif-m layout-normal text-serif-l layout-component layout-wide layout-padded _wide_17hqh_1 layout-padded\">Gutten har ikke latt seg avh\u00f8re av politiet og fremstilles for fengsling fredag. <\/p>\n<p><img alt=\" Foto: Tore Kristiansen \/ VG\" class=\"_image_qp4xg_65 layout-component layout-wide\" data-fullscreen- data-track-element-type=\"Article image fullscreen\" data-track-name=\"ImageFullscreen\" fetchpriority=\"high\" decoding=\"sync\" loading=\"eager\" height=\"2496\" itemprop=\"image\"  src=\"https:\/\/www.europesays.com\/no\/wp-content\/uploads\/2025\/10\/c05fb1e0-3aad-4a11-a618-f3fb87c60642\"  style=\"object-position:0% 0%\" width=\"3744\"\/> Foto: Tore Kristiansen \/ VG<\/p>\n<ul aria-hidden=\"true\" class=\"_images_1y6fe_106\">\n<li><a class=\"_link_1y6fe_111\" href=\"https:\/\/www.vg.no\/forfatter\/bendik-hansen\" style=\"z-index:1\" title=\"Bendik Hansen\" rel=\"nofollow noopener\" target=\"_blank\"><img alt=\"Bilde av Bendik Hansen\" class=\"_image_1y6fe_88\" fetchpriority=\"low\" loading=\"lazy\" decoding=\"async\" itemprop=\"image\"  src=\"https:\/\/www.europesays.com\/no\/wp-content\/uploads\/2025\/10\/1760082728_332_236bc5a3-2236-4046-b957-81f29d024aa6\"  width=\"480\"\/><\/a><\/li>\n<\/ul>\n<p> Oppdatert fredag 10. oktober kl. 09:50     <\/p>\n<p class=\"_paragraph_1994c_4 _paragraph_xtcu6_10 layout-component text-serif-m layout-normal text-serif-m layout-padded\">Ved 03-tiden natt til tirsdag gikk politiet ut med at det hadde v\u00e6rt en eksplosjon som hadde for\u00e5rsaket skader p\u00e5 et serveringssted p\u00e5 Str\u00f8mmen utenfor Oslo.<\/p>\n<p class=\"_paragraph_1994c_4 _paragraph_xtcu6_10 layout-component text-serif-m layout-normal text-serif-m layout-padded\">Det ble ogs\u00e5 splintskader p\u00e5 et nabobygg, men ingen ble skadet.<\/p>\n<p class=\"_paragraph_1994c_4 _paragraph_xtcu6_10 layout-component text-serif-m layout-normal text-serif-m layout-padded\">Torsdag kveld p\u00e5grep politiet en 15-\u00e5ring fra Oslo som de mener var gjerningsmannen bak en trusselhendelse 4. oktober og granateksplosjonen 6. oktober ved et serveringsstedet , skriver politiet. <\/p>\n<p class=\"_paragraph_1994c_4 _paragraph_xtcu6_10 layout-component text-serif-m layout-normal text-serif-m layout-padded\">P\u00e5gripelsen kommer som resultat av et omfattende etterforskningsarbeid de siste d\u00f8gn. <\/p>\n<p class=\"_paragraph_1994c_4 _paragraph_xtcu6_10 layout-component text-serif-m layout-normal text-serif-m layout-padded\"><strong class=\"_strong_1994c_25\">\u2013 Det er viktig at vi har rask fremgang i disse alvorlige sakene. Jeg er glad for at vi n\u00e5 har kommet et godt skritt videre i etterforskningen, sier p\u00e5taleansvarlig Eirik Braathen.<\/strong><\/p>\n<p class=\"_paragraph_1994c_4 _paragraph_xtcu6_10 layout-component text-serif-m layout-normal text-serif-m layout-padded\">15-\u00e5ringen har f\u00e5tt oppnevnt forsvarer, men har ikke \u00f8nsket \u00e5 la seg avh\u00f8re av politiet. <\/p>\n<p class=\"_paragraph_1994c_4 _paragraph_xtcu6_10 layout-component text-serif-m layout-normal text-serif-m layout-padded\">Gutten vil bli fremstilt for varetektsfengsling ved Romerike og Gl\u00e5mdal tingrett fredag 10. oktober klokken 13.00. Det er begj\u00e6rt varetektsfengsling i to uker begrunnet med bevisforspillelsesfare.<\/p>\n<p class=\"_paragraph_1994c_4 _paragraph_xtcu6_10 layout-component text-serif-m layout-normal text-serif-m layout-padded\">\u2013 Arbeidet med \u00e5 identifisere bakmenn og eventuelle andre bidragsytere p\u00e5g\u00e5r og vil fortsette med full styrke fremover, skriver politiet. <\/p>\n<p><img alt=\"Foto: Helge Mikalsen \/ VG\" class=\"_image_qp4xg_65 layout-component layout-normal\" data-fullscreen- data-track-element-type=\"Article image fullscreen\" data-track-name=\"ImageFullscreen\" decoding=\"async\" loading=\"lazy\" height=\"3224\" itemprop=\"image\"  src=\"https:\/\/www.europesays.com\/no\/wp-content\/uploads\/2025\/10\/0e996f31-ac19-43b2-b007-c0a755ea9630\"  style=\"object-position:0% 0%\" width=\"4357\"\/>Foto: Helge Mikalsen \/ VG<\/p>\n<p class=\"_paragraph_1994c_4 _paragraph_xtcu6_10 layout-component text-serif-m layout-normal text-serif-m layout-padded\">Onsdag p\u00e5grepet politiet en 16 \u00e5r gammel gutt fra Oslo, som de har satt i sammenheng med granatangrepet. <\/p>\n<p class=\"_paragraph_1994c_4 _paragraph_xtcu6_10 layout-component text-serif-m layout-normal text-serif-m layout-padded\">Gutten er siktet for fremkalling av fare for allmennheten eller medvirkning til det. Braathen sier at politiet tar sikte p\u00e5 \u00e5 avh\u00f8re 16-\u00e5ringen i l\u00f8pet av kvelden.<\/p>\n<p class=\"_paragraph_1994c_4 _paragraph_xtcu6_10 layout-component text-serif-m layout-normal text-serif-m layout-padded\">\u2013 Hva er bakgrunnen for p\u00e5gripelsen?<\/p>\n<p class=\"_paragraph_1994c_4 _paragraph_xtcu6_10 layout-component text-serif-m layout-normal text-serif-m layout-padded\">\u2013 Det er en samlet vurdering av bevisene som vi mener kan knytte personen til hendelsen.<\/p>\n<p class=\"_paragraph_1994c_4 _paragraph_xtcu6_10 layout-component text-serif-m layout-normal text-serif-m layout-padded\">Politiet \u00f8nsker ikke \u00e5 g\u00e5 i detalj p\u00e5 om 16-\u00e5ringen var alene, men sier at det er deres oppfatning at dette ikke er personer som opererer alene, men gjerne er flere i samvirke og ogs\u00e5 ofte et nettverk bak.<\/p>\n<p class=\"_paragraph_1994c_4 _paragraph_xtcu6_10 layout-component text-serif-m layout-normal text-serif-m layout-padded\">To unge menn p\u00e5 18 og 19 \u00e5r ble p\u00e5grepet etter like etter angrepet. Onsdag ble begge l\u00f8slatt.<\/p>\n<p class=\"_paragraph_1994c_4 _paragraph_xtcu6_10 layout-component text-serif-m layout-normal text-serif-m layout-padded\"><strong class=\"_strong_1994c_25\">\u00c5rsaken er at mistankegrunnlaget er svekket, skriver politiet i en pressemelding.<\/strong><\/p>\n<p class=\"_paragraph_1994c_4 _paragraph_xtcu6_10 layout-component text-serif-m layout-normal text-serif-m layout-padded\">\u2013 De er avh\u00f8rt og stiller seg uforst\u00e5ende til hendelsen. Vi har etterg\u00e5tt deres bevegelser n\u00f8ye og f\u00e5tt en forklaring fra de siktede p\u00e5 hvor de har v\u00e6rt og hva de har gjort. Det har vi beriket med annen informasjon, som videooverv\u00e5kning, sier p\u00e5taleansvarlig Eirik Braathen i politiet til VG.<\/p>\n<p class=\"_paragraph_1994c_4 _paragraph_xtcu6_10 layout-component text-serif-m layout-normal text-serif-m layout-padded\">Ten\u00e5ringene er siktet for fremkalling av fare for allmennheten og grove trusler. Saken etterforskes som et m\u00e5lrettet angrep og politiet utelukker ikke flere p\u00e5gripelser, opplyste de tirsdag.<\/p>\n<p class=\"_paragraph_1994c_4 _paragraph_xtcu6_10 layout-component text-serif-m layout-normal text-serif-m layout-padded\">\u00d8st politidistrikt sa kort tid etter\u00a0<a href=\"https:\/\/www.vg.no\/nyheter\/i\/Ey3yPo\/to-paagrepet-etter-eksplosjon-paa-strommen\" data-track-element-type=\"Link\" data-track-id=\"link:Ey3yPo\" class=\"_link_1994c_39\" rel=\"nofollow noopener\" target=\"_blank\">eksplosjonen p\u00e5 Str\u00f8mmen<\/a>\u00a0at politiet har en naturlig hypotese om at hendelsen er knyttet til eksplosjonen i Pilestredet for to uker siden.<\/p>\n<p class=\"_paragraph_1994c_4 _paragraph_xtcu6_10 layout-component text-serif-m layout-normal text-serif-m layout-padded\">Innehaveren av restauranten har en famili\u00e6r relasjon til en mann (28) som Foxtrot har rettet et krav mot. VG har tidligere skrevet at det\u00a0<a href=\"https:\/\/www.vg.no\/nyheter\/i\/Gy4jqB\/granatangrep-kobles-til-kidnappingssak\" data-track-element-type=\"Link\" data-track-id=\"link:Gy4jqB\" class=\"_link_1994c_39\" rel=\"nofollow noopener\" target=\"_blank\">svenske kriminelle nettverket mener at han skylder dem flere millioner kroner<\/a>.<\/p>\n<p class=\"_paragraph_1994c_4 _paragraph_xtcu6_10 layout-component text-serif-m layout-normal text-serif-m layout-padded\"><strong class=\"_strong_1994c_25\">\u2013 Vi har ingenting med dette \u00e5 gj\u00f8re, sier restaurantinnehaveren til VG.<\/strong><\/p>\n<p>    <img decoding=\"async\" alt=\"Tips oss illustrasjon\" width=\"62px\" height=\"auto\" src=\"https:\/\/www.europesays.com\/no\/wp-content\/uploads\/2025\/08\/1754784428_95_W9avJzE.png\"\/>    <\/p>\n<p class=\"title-serif-s\">Har du tips til oss?<\/p>\n<p class=\"text-sans-m\">Send oss informasjon, bilder eller video<\/p>\n<p>  <a href=\"https:\/\/www.vg.no\/tips-oss\" rel=\"nofollow noopener\" target=\"_blank\"> Tips oss <\/a>      <\/p>\n","protected":false},"excerpt":{"rendered":"Gutten har ikke latt seg avh\u00f8re av politiet og fremstilles for fengsling fredag. Foto: Tore Kristiansen \/ VG&hellip;\n","protected":false},"author":2,"featured_media":57069,"comment_status":"","ping_status":"","sticky":false,"template":"","format":"standard","meta":{"footnotes":""},"categories":[10],"tags":[31,20,21,24,25,7060,15,3881,22,23,13,30,28,29,14,16,26,27,490],"class_list":{"0":"post-57068","1":"post","2":"type-post","3":"status-publish","4":"format-standard","5":"has-post-thumbnail","7":"category-norge","8":"tag-breaking","9":"tag-breaking-news","10":"tag-breakingnews","11":"tag-featured-news","12":"tag-featurednews","13":"tag-granatangrepet-i-pilestredet","14":"tag-headlines","15":"tag-kriminelle-nettverk","16":"tag-latest-news","17":"tag-latestnews","18":"tag-news","19":"tag-no","20":"tag-norge","21":"tag-norway","22":"tag-nyheter","23":"tag-overskrifter","24":"tag-top-stories","25":"tag-topstories","26":"tag-varetektsfengsling"},"share_on_mastodon":{"url":"","error":""},"_links":{"self":[{"href":"https:\/\/www.europesays.com\/no\/wp-json\/wp\/v2\/posts\/57068","targetHints":{"allow":["GET"]}}],"collection":[{"href":"https:\/\/www.europesays.com\/no\/wp-json\/wp\/v2\/posts"}],"about":[{"href":"https:\/\/www.europesays.com\/no\/wp-json\/wp\/v2\/types\/post"}],"author":[{"embeddable":true,"href":"https:\/\/www.europesays.com\/no\/wp-json\/wp\/v2\/users\/2"}],"replies":[{"embeddable":true,"href":"https:\/\/www.europesays.com\/no\/wp-json\/wp\/v2\/comments?post=57068"}],"version-history":[{"count":0,"href":"https:\/\/www.europesays.com\/no\/wp-json\/wp\/v2\/posts\/57068\/revisions"}],"wp:featuredmedia":[{"embeddable":true,"href":"https:\/\/www.europesays.com\/no\/wp-json\/wp\/v2\/media\/57069"}],"wp:attachment":[{"href":"https:\/\/www.europesays.com\/no\/wp-json\/wp\/v2\/media?parent=57068"}],"wp:term":[{"taxonomy":"category","embeddable":true,"href":"https:\/\/www.europesays.com\/no\/wp-json\/wp\/v2\/categories?post=57068"},{"taxonomy":"post_tag","embeddable":true,"href":"https:\/\/www.europesays.com\/no\/wp-json\/wp\/v2\/tags?post=57068"}],"curies":[{"name":"wp","href":"https:\/\/api.w.org\/{rel}","templated":true}]}}