{"id":57093,"date":"2025-10-10T08:20:17","date_gmt":"2025-10-10T08:20:17","guid":{"rendered":"https:\/\/www.europesays.com\/no\/57093\/"},"modified":"2025-10-10T08:20:17","modified_gmt":"2025-10-10T08:20:17","slug":"vaeret-namdalen-sendt-ut-farevarsel-for-kraftige-vindkast-her-er-det-meldt-29-mm-nedbor-i-dag","status":"publish","type":"post","link":"https:\/\/www.europesays.com\/no\/57093\/","title":{"rendered":"V\u00e6ret, Namdalen | Sendt ut farevarsel for kraftige vindkast: Her er det meldt 29 mm nedb\u00f8r i dag"},"content":{"rendered":"\n<p><b>NAMDALEN<\/b>: Operasjonsleder i Tr\u00f8ndelag politidistrikt kan fortelle at det har v\u00e6rt en rolig natt i Namdalen.<\/p>\n<p>V\u00e6ret<\/p>\n<p>Det ventes lokalt kraftige vindkast p\u00e5 25-30 m\/s fra s\u00f8rvest, og liten storm p\u00e5 kysten. Vinden vil \u00f8ke f\u00f8rst i s\u00f8r, og minke sist i nord. Yr har sendt ut gult farevarsel for dette i hele Namdalen \u2013 fra klokka 16 i dag \u00f8ker faren.<\/p>\n<p>\u2013 L\u00f8se gjenstander kan bl\u00e5se avg\u00e5rde. Vurder tiltak for \u00e5 begrense skade f\u00f8r hendelsen inntreffer. Unng\u00e5 un\u00f8dig ferdsel p\u00e5 utsatte steder, skriver Yr.<\/p>\n<p>Enkelte veger kan bli stengt p\u00e5 grunn av tr\u00e6r eller andre objekter i vegbanen. Enkelte reiser vil kunne f\u00e5 lengre reisetid. Broer og utsatte veistrekninger kan bli stengt.<\/p>\n<p>   <img decoding=\"async\" width=\"1796\" height=\"1010\" fetchpriority=\"low\"  loading=\"lazy\"  src=\"https:\/\/www.europesays.com\/no\/wp-content\/uploads\/2025\/10\/Skjermbilde+2025-10-10+kl.+06.36.42.png\" alt=\"\" class=\"brick-c-cFOWSL\" style=\"--brick-image-ratio: 1796 \/ 1010;\"\/><\/p>\n<p>    VIND: Det ventes lokalt kraftige vindkast p\u00e5 25-30 m\/s.<br \/>\n    Foto: Skjermbilde \/ Yr\n  <\/p>\n<p>De opplyser ogs\u00e5 om fare for str\u00f8mbrudd.<\/p>\n<p>\u2013 Str\u00f8mforsyningen kan bli p\u00e5virket, for eksempel som f\u00f8lge av tr\u00e6r som knekker eller kommer i kontakt med str\u00f8mnettet.<\/p>\n<p>I Namsskogan meldes det om 29 mm nedb\u00f8r fredag. I Grong er det meldt 21 mm nedb\u00f8r, og i Namsos er det meldt 20 mm nedb\u00f8r. Det er meldt mest nedb\u00f8r utover dagen.<\/p>\n<p>  <a href=\"https:\/\/www.namdalsavisa.no\/5-121-1494451\" class=\"related-teaser has-image default-story-teaser article--c-eRUmMG article--c-eRUmMG-jKCPdD-design-default\" rel=\"nofollow noopener\" target=\"_blank\"><\/p>\n<p>    <img decoding=\"async\" loading=\"lazy\"  src=\"https:\/\/www.europesays.com\/no\/wp-content\/uploads\/2025\/10\/Skjermbilde+2025-10-09+151107.png\" alt=\"\" class=\"brick-c-cFOWSL\" style=\"\"\/><\/p>\n<p>\n            Les ogs\u00e5<\/p>\n<p>              Nytt uv\u00e6r treffer Namdalen: \u2013 Vi forbereder oss\n        <\/p>\n<p>  <\/a><\/p>\n<p>I tillegg er det ogs\u00e5 sendt ut gult farevarsel for jord- og flomskredfare for deler av Vestlandet, Midt-Norge og Innlandet. Med gjeldende prognose er indre str\u00f8k mest utsatt, skriver Varsom.<\/p>\n<p>\u2013 Bratte skr\u00e5ninger, samt bekker og elvel\u00f8p med stor vannf\u00f8ring er spesielt utsatt. Flomskred har lang rekkevidde og kan g\u00e5 ned til dalbunnen selv om det l\u00f8ses ut h\u00f8yt i terrenget. Det ventes mye regn p\u00e5 fredag. Hold deg oppdatert om utviklingen av v\u00e6ret, skred- og flomsituasjonen, og f\u00f8lg med p\u00e5 v\u00e6rradaren. Hold deg unna bratte skr\u00e5ninger, samt bekker og elvel\u00f8p med stor vannf\u00f8ring. Hold stikkrenner, kummer og andre vannveier fri for grus, s\u00f8ppel, kvist og l\u00f8v. Tette vannveier med oppdemmet vann kan for\u00e5rsake skred, skriver de.<\/p>\n<p>Her er meteorologens tekstvarsel for Tr\u00f8ndelag fredag:<\/p>\n<p><b>\u00abS\u00f8rvest liten kuling utsatte steder, sterk kuling p\u00e5 kysten, om morgenen minkende. Regnbyger. I ettermiddag ny \u00f8kning til s\u00f8rvest sterk kuling og periodevis liten storm p\u00e5 kysten, i kveld dreiende vestlig. Regn fra vest.\u00bb<\/b><\/p>\n<p>Tr\u00f8ndelag<\/p>\n<p><b>Klokka 03.37, \u00d8rland<\/b>: Politiet har tatt kontroll p\u00e5 en person etter to branntill\u00f8p i Vallersund.<\/p>\n<p>\u2013 Branntill\u00f8pene ble slukket f\u00f8r det oppsto store skader. Vedkommende er overtatt av helsevesenet, sier operasjonsleder Trond Volden.<\/p>\n<p>Mistenkte er en mann i 60-\u00e5rene.<\/p>\n<p><b>Klokka 03.39, Trondheim sentrum<\/b>: En overstadig beruset mann i 20-\u00e5rene ble innbrakt til politihuset.<\/p>\n<p>\u2013 Vedkommende var ikke samarbeidsvillig overfor politiet og ble innsatt i arresten, sier operasjonslederen.<\/p>\n<p><b>Klokka 03.52, Trondheim, Blussuvoll: <\/b>Beboer v\u00e5knet av at en fremmed, uvedkommende person var inne i boligen.<\/p>\n<p>\u2013 Den ubudne gjesten hadde brutt seg inn, men stakk av da beboeren v\u00e5knet. Politiet s\u00f8kte etter vedkommende med blant annet hundepatrulje, men han er enn\u00e5 ikke funnet, sier Volden.<\/p>\n<p><b>Klokka 03.57, Trondheim<\/b>: En beruset mann i 20-\u00e5rene skal ha nektet \u00e5 adlyde vektere ved et utested i sentrum.<\/p>\n<p>\u2013 Han opptr\u00e5dte aggressivt da han skulle vises ut fra stedet p\u00e5 grunn av ufin oppf\u00f8rsel overfor andre gjester. Han ble bortvist av politiet, sier operasjonslederen.<\/p>\n<p><b>Klokka 04.00, Trondheim<\/b>: En politipatrulje stanset og kontrollerte en bil i Midtbyen. F\u00f8reren, en mann i 30-\u00e5rene, hadde ikke f\u00f8rerkort og anmeldes for dette.<\/p>\n<p><b>Klokka 04.07, Trondheim<\/b>: Innbruddsalarm fra firma p\u00e5 Rosten.<\/p>\n<p>\u2013 Borttatt en ATV fra utstillingslokale. Politiet har foretatt \u00e5stedsunders\u00f8kelse og sikret spor. S\u00e5 langt ingen p\u00e5grepet i saken.<\/p>\n<p><b>Klokka 05.08, Trondheim<\/b>: Innbrudd i flere utend\u00f8rs-boder i omr\u00e5det Hoeggen.<\/p>\n<p>\u2013 En gjerningsmann stakk av fra stedet, men ble innhentet av en politihund og p\u00e5grepet. Hunden fant ogs\u00e5 en del tyvegods som var gjemt unna, sier Volden.<\/p>\n<p>Politiet har funnet fire boder som har hatt innbrudd, men opplyser at det kan v\u00e6re flere. Beboere i omr\u00e5det bes om \u00e5 sjekke boder og garasjer.<\/p>\n<p>Les i NA i dag<\/p>\n<p>Bestefaren til Karl-Anton H\u00f8stland fra Flatanger kj\u00f8pte \u00f8ya Havstein under andre verdenskrig. N\u00e5 kan den f\u00e5 nye eiere etter over 80 \u00e5r i familiens eie.<\/p>\n<p>  <a href=\"https:\/\/www.namdalsavisa.no\/5-121-1494379\" class=\"related-teaser has-image default-story-teaser article--c-eRUmMG article--c-eRUmMG-jKCPdD-design-default\" rel=\"nofollow noopener\" target=\"_blank\"><\/p>\n<p>    <img decoding=\"async\" loading=\"lazy\"  src=\"https:\/\/www.europesays.com\/no\/wp-content\/uploads\/2025\/10\/Kopi+av+Presentasjon+uten+tittel.png\" alt=\"\" class=\"brick-c-cFOWSL\" style=\"\"\/><\/p>\n<p>\n            Les ogs\u00e5<\/p>\n<p>              Karl-Anton (58) selger en helt spesiell \u00f8y: \u2013 Det er nok for spesielt interesserte\n        <\/p>\n<p>  <\/a><\/p>\n<p>Bente Estil fikk litt av en reise, innom Sverige, for \u00e5 rekke sin f\u00f8rste hele arbeidsuke p\u00e5 Stortinget. Men hva gj\u00f8r det, n\u00e5r offisiell \u00e5pning, trontaledebatt og middag p\u00e5 Slottet venter?<\/p>\n<p>  <a href=\"https:\/\/www.namdalsavisa.no\/5-121-1493466\" class=\"related-teaser has-image default-feature-teaser article--c-eRUmMG article--c-eRUmMG-jKCPdD-design-default\" rel=\"nofollow noopener\" target=\"_blank\"><\/p>\n<p>    <img decoding=\"async\" loading=\"lazy\"  src=\"https:\/\/www.europesays.com\/no\/wp-content\/uploads\/2025\/10\/bente+estil+stortinget20.JPG\" alt=\"\" class=\"brick-c-cFOWSL\" style=\"\"\/><\/p>\n<p>\n            Les ogs\u00e5<\/p>\n<p>              Fra dovask til middag p\u00e5 Slottet: \u2013 Jeg kjenner meg helt klart privilegert\n        <\/p>\n<p>  <\/a><\/p>\n<p>Seks \u00e5r gamle Noah Stene fant h\u00f8stens mest uventede skatt \u2013 i mormors \u00e5ker.<\/p>\n<p>  <a href=\"https:\/\/www.namdalsavisa.no\/5-121-1494176\" class=\"related-teaser has-image default-story-teaser article--c-eRUmMG article--c-eRUmMG-jKCPdD-design-default\" rel=\"nofollow noopener\" target=\"_blank\"><\/p>\n<p>    <img decoding=\"async\" loading=\"lazy\"  src=\"https:\/\/www.europesays.com\/no\/wp-content\/uploads\/2025\/10\/stor+gulrot01.JPEG\" alt=\"\" class=\"brick-c-cFOWSL\" style=\"\"\/><\/p>\n<p>\n            Les ogs\u00e5<\/p>\n<p>              Noah (6) fant gul(l)rot \u2013 i mormors \u00e5ker: \u2013 Den var stor\n        <\/p>\n<p>  <\/a><\/p>\n","protected":false},"excerpt":{"rendered":"NAMDALEN: Operasjonsleder i Tr\u00f8ndelag politidistrikt kan fortelle at det har v\u00e6rt en rolig natt i Namdalen. V\u00e6ret Det&hellip;\n","protected":false},"author":2,"featured_media":3063,"comment_status":"","ping_status":"","sticky":false,"template":"","format":"standard","meta":{"footnotes":""},"categories":[10],"tags":[36,20,21,24,25,2125,15,8470,5086,22,23,3158,13,30,28,29,14,16,1510,26,27,387],"class_list":{"0":"post-57093","1":"post","2":"type-post","3":"status-publish","4":"format-standard","5":"has-post-thumbnail","7":"category-norge","8":"tag-art","9":"tag-breaking-news","10":"tag-breakingnews","11":"tag-featured-news","12":"tag-featurednews","13":"tag-gult-farevarsel","14":"tag-headlines","15":"tag-kraftig-vind","16":"tag-kraftige-vindkast","17":"tag-latest-news","18":"tag-latestnews","19":"tag-namdalen","20":"tag-news","21":"tag-no","22":"tag-norge","23":"tag-norway","24":"tag-nyheter","25":"tag-overskrifter","26":"tag-story","27":"tag-top-stories","28":"tag-topstories","29":"tag-vaeret"},"share_on_mastodon":{"url":"","error":""},"_links":{"self":[{"href":"https:\/\/www.europesays.com\/no\/wp-json\/wp\/v2\/posts\/57093","targetHints":{"allow":["GET"]}}],"collection":[{"href":"https:\/\/www.europesays.com\/no\/wp-json\/wp\/v2\/posts"}],"about":[{"href":"https:\/\/www.europesays.com\/no\/wp-json\/wp\/v2\/types\/post"}],"author":[{"embeddable":true,"href":"https:\/\/www.europesays.com\/no\/wp-json\/wp\/v2\/users\/2"}],"replies":[{"embeddable":true,"href":"https:\/\/www.europesays.com\/no\/wp-json\/wp\/v2\/comments?post=57093"}],"version-history":[{"count":0,"href":"https:\/\/www.europesays.com\/no\/wp-json\/wp\/v2\/posts\/57093\/revisions"}],"wp:featuredmedia":[{"embeddable":true,"href":"https:\/\/www.europesays.com\/no\/wp-json\/wp\/v2\/media\/3063"}],"wp:attachment":[{"href":"https:\/\/www.europesays.com\/no\/wp-json\/wp\/v2\/media?parent=57093"}],"wp:term":[{"taxonomy":"category","embeddable":true,"href":"https:\/\/www.europesays.com\/no\/wp-json\/wp\/v2\/categories?post=57093"},{"taxonomy":"post_tag","embeddable":true,"href":"https:\/\/www.europesays.com\/no\/wp-json\/wp\/v2\/tags?post=57093"}],"curies":[{"name":"wp","href":"https:\/\/api.w.org\/{rel}","templated":true}]}}