{"id":57114,"date":"2025-10-10T08:41:13","date_gmt":"2025-10-10T08:41:13","guid":{"rendered":"https:\/\/www.europesays.com\/no\/57114\/"},"modified":"2025-10-10T08:41:13","modified_gmt":"2025-10-10T08:41:13","slug":"hvordan-komme-videre-i-livet-nar-det-verste-skjer","status":"publish","type":"post","link":"https:\/\/www.europesays.com\/no\/57114\/","title":{"rendered":"Hvordan komme videre i livet n\u00e5r det verste skjer?"},"content":{"rendered":"\n<p class=\"_paragraph_1994c_4 _paragraph_xtcu6_10 layout-component text-serif-m layout-normal text-serif-m layout-padded\"><strong class=\"_strong_1994c_25\">Marita Gundersen hoppet fra balkongen da kvikkleireskredet i Gjerdrum tok huset. <\/strong><\/p>\n<p class=\"_paragraph_1994c_4 _paragraph_xtcu6_10 layout-component text-serif-m layout-normal text-serif-m layout-padded\">Da hun skrev tekstmeldingen til Siri Marie Seim S\u00f8nstelie var det fire korte m\u00e5neder siden katastrofen. Hun hadde akkurat kommet ut av rullestolen og \u00f8nsket hjelp.<\/p>\n<p><img alt=\"Foto: 330 Skadronen \/ Forsvaret\" class=\"_image_qp4xg_65 layout-component layout-normal\" data-fullscreen- data-track-element-type=\"Article image fullscreen\" data-track-name=\"ImageFullscreen\" decoding=\"async\" loading=\"lazy\" height=\"918\" itemprop=\"image\"  src=\"https:\/\/www.europesays.com\/no\/wp-content\/uploads\/2025\/10\/481e6e6e-093a-4346-85da-e23b7452f718\"  style=\"object-position:0% 0%\" width=\"1224\"\/>Foto: 330 Skadronen \/ Forsvaret<\/p>\n<p class=\"_paragraph_1994c_4 _paragraph_xtcu6_10 layout-component text-serif-m layout-normal text-serif-m layout-padded\">Det er ikke tilfeldig at meldingen g\u00e5r til Siri &#8211; en bekjent som hadde l\u00f8pt for livet p\u00e5 Ut\u00f8ya.<\/p>\n<p class=\"label\">4. april 2020 &#8211; Marita<\/p>\n<p class=\"message\">&#13;<br \/>\n           (&#8230;) N\u00e5 skal jeg liksom ta tilbake hverdagen. Alle sier det er bra. Men jeg synes ikke det er s\u00e5 lett, for hverdagen jeg skal ta tilbake er jo ikke lik lenger. Mamma lever ikke. Og jeg kan ikke jobbe 100 % som kontaktl\u00e6rer. Har du noen tips til hvordan jeg skal takle dette? Synes dagene er t\u00f8ffe.&#13;\n        <\/p>\n<p class=\"_paragraph_1994c_4 _paragraph_xtcu6_10 layout-component text-serif-m layout-normal text-serif-m layout-padded\"><strong class=\"_strong_1994c_25\">Det er natt til 30. desember, og Marita overnatter hos foreldrene fordi hun skal bes\u00f8ke en venninne den romjulskvelden.<\/strong><\/p>\n<p class=\"_paragraph_1994c_4 _paragraph_xtcu6_10 layout-component text-serif-m layout-normal text-serif-m layout-padded\">Sn\u00f8en hadde lagt et mykt hvitt teppe over Gjerdrum da hun og foreldrene gikk og la seg i ellevetiden.<\/p>\n<p class=\"_paragraph_1994c_4 _paragraph_xtcu6_10 layout-component text-serif-m layout-normal text-serif-m layout-padded\">Klokken fire p\u00e5 natten v\u00e5kner hun av lydene utenfor. Det er bekm\u00f8rkt, men Marita ser forandringen.<\/p>\n<p class=\"_paragraph_1994c_4 _paragraph_xtcu6_10 layout-component text-serif-m layout-normal text-serif-m layout-padded\">P\u00e5 utsiden er nabohuset og garasjerekken borte. Oppkj\u00f8rselen er et svart br\u00f8lende krater. Kvikkleire. Kvikkleire. Kvikkleire er en type leire som kan bli veldig ustabil og flytende n\u00e5r den blir forstyrret, noe som kan f\u00f8re til jordskred.<\/p>\n<p class=\"_paragraph_1994c_4 _paragraph_xtcu6_10 layout-component text-serif-m layout-normal text-serif-m layout-padded\">Hun smeller d\u00f8ren igjen.<\/p>\n<p class=\"_paragraph_1994c_4 _paragraph_xtcu6_10 layout-component text-serif-m layout-normal text-serif-m layout-padded\">Umiddelbart forst\u00e5r hun at de er i livsfare, og ringer n\u00f8detatene.<\/p>\n<p class=\"_paragraph_1994c_4 _paragraph_xtcu6_10 layout-component text-serif-m layout-normal text-serif-m layout-padded\">De ber dem holde seg innend\u00f8rs, men Marita synes det virker utrygt.<\/p>\n<p class=\"_paragraph_1994c_4 _paragraph_xtcu6_10 layout-component text-serif-m layout-normal text-serif-m layout-padded\">Fra balkongen p\u00e5 baksiden av huset er det to etasjer ned.<\/p>\n<p class=\"_paragraph_1994c_4 _paragraph_xtcu6_10 layout-component text-serif-m layout-normal text-serif-m layout-padded\"><strong class=\"_strong_1994c_25\">\u00abDu m\u00e5 hoppe Marita\u00bb roper naboen.<\/strong><\/p>\n<p><img alt=\"Foto: Privat\" class=\"_image_qp4xg_65 layout-component layout-normal\" data-fullscreen- data-track-element-type=\"Article image fullscreen\" data-track-name=\"ImageFullscreen\" decoding=\"async\" loading=\"lazy\" height=\"392\" itemprop=\"image\"  src=\"https:\/\/www.europesays.com\/no\/wp-content\/uploads\/2025\/10\/583a0312-aee8-4fa3-8687-3f05b5127415\"  style=\"object-position:0% 0%\" width=\"523\"\/>Foto: Privat<\/p>\n<p class=\"_paragraph_1994c_4 _paragraph_xtcu6_10 layout-component text-serif-m layout-normal text-serif-m layout-padded\">Hun krabber opp balkonggjerdet med ryggen til foreldrene p\u00e5 69 og 76 \u00e5r.<\/p>\n<p class=\"_paragraph_1994c_4 _paragraph_xtcu6_10 layout-component text-serif-m layout-normal text-serif-m layout-padded\">\u00abJeg elsker deg jenta mi\u00bb sier moren. Det er langt ned. Marita ber foreldrene f\u00f8lge r\u00e5det om \u00e5 holde seg i huset. <\/p>\n<p class=\"_paragraph_1994c_4 _paragraph_xtcu6_10 layout-component text-serif-m layout-normal text-serif-m layout-padded\">S\u00e5 hopper Marita. Bak seg h\u00f8rer hun knitring, m\u00e5kelyder og tordenv\u00e6r.<\/p>\n<p class=\"_paragraph_1994c_4 _paragraph_xtcu6_10 layout-component text-serif-m layout-normal text-serif-m layout-padded\">Hun kjenner ikke benet som brekker og ryggen som brister i fallet.<\/p>\n<p class=\"_paragraph_1994c_4 _paragraph_xtcu6_10 layout-component text-serif-m layout-normal text-serif-m layout-padded\">Adrenalinet f\u00e5r henne til \u00e5 krabbe oppover mot veien. I sidesynet ser hun barndomshjemmet velte ned i skredet. Foran henne er det bl\u00e5lys og lufta er full av helikopterlyder.<\/p>\n<p><img alt=\"Foto: Mattis Sandblad \/ VG\" class=\"_image_qp4xg_65 layout-component layout-normal\" data-fullscreen- data-track-element-type=\"Article image fullscreen\" data-track-name=\"ImageFullscreen\" decoding=\"async\" loading=\"lazy\" height=\"2784\" itemprop=\"image\"  src=\"https:\/\/www.europesays.com\/no\/wp-content\/uploads\/2025\/10\/7d64630d-cf77-42d7-ab66-cf8500453a0e\"  style=\"object-position:0% 0%\" width=\"4176\"\/>Foto: Mattis Sandblad \/ VG<\/p>\n<p class=\"_paragraph_1994c_4 _paragraph_xtcu6_10 layout-component text-serif-m layout-normal text-serif-m layout-padded\">Ti personer og et uf\u00f8dt barn mistet livet i kvikkleireskredet i Gjerdrum. Maritas mor var en av dem. Marita og faren overlevde naturkatastrofen.<\/p>\n<p>  Da Siri fikk meldingen fra Marita, svarte hun med en gang.<img alt=\"\" class=\"_image_qp4xg_65 layout-component layout-normal\" data-fullscreen- data-track-element-type=\"Article image fullscreen\" data-track-name=\"ImageFullscreen\" decoding=\"async\" loading=\"lazy\" height=\"6060\" itemprop=\"image\"  src=\"https:\/\/www.europesays.com\/no\/wp-content\/uploads\/2025\/10\/0b51b2e6-2af2-41b6-9df0-9c4e8d10ef49\"  style=\"object-position:0% 0%\" width=\"4848\"\/> <\/p>\n<p class=\"_paragraph_1994c_4 _paragraph_xtcu6_10 layout-component text-serif-m layout-normal text-serif-m layout-padded\">Siri er selv overlevende fra Ut\u00f8ya.<\/p>\n<p class=\"_paragraph_1994c_4 _paragraph_xtcu6_10 layout-component text-serif-m layout-normal text-serif-m layout-padded\">Bare noen uker f\u00f8r hun skulle p\u00e5 leiren i 2011 m\u00f8ttes Marita og Siri hos felles kjente, og Marita husker at Siri gledet seg.<\/p>\n<p class=\"_paragraph_1994c_4 _paragraph_xtcu6_10 layout-component text-serif-m layout-normal text-serif-m layout-padded\">Lite visste Siri at hun da skulle oppleve sitt livs st\u00f8rste traume. traume.  Et traume er en alvorlig psykisk eller fysisk skade som kan oppst\u00e5 etter en ekstremt stressende eller skremmende hendelse.<\/p>\n<p class=\"_paragraph_1994c_4 _paragraph_xtcu6_10 layout-component text-serif-m layout-normal text-serif-m layout-padded\">Hun svarer Marita:<\/p>\n<p class=\"label\">4. april 2020 &#8211; Siri<\/p>\n<p class=\"message\">&#13;<br \/>\n          (&#8230;) Det jeg har av erfaringer kan kanskje hjelpe, men det er ikke sikkert det vil v\u00e6re din vei. I flere \u00e5r har jeg likevel holdt p\u00e5 tanken at vi -alts\u00e5 vi som har opplevd noe traumatisk og dramatisk, kan l\u00e6re av hverandre. \u00c5 dele erfaringer er noe jeg har tro p\u00e5. (&#8230;)&#13;\n        <\/p>\n<p class=\"_paragraph_1994c_4 _paragraph_xtcu6_10 layout-component text-serif-m layout-normal text-serif-m layout-padded\">De har m\u00f8ttes jevnlig siden de begynte \u00e5 tekste for fem \u00e5r siden.<\/p>\n<p><img alt=\"\" class=\"_image_qp4xg_65 layout-component layout-normal\" data-fullscreen- data-track-element-type=\"Article image fullscreen\" data-track-name=\"ImageFullscreen\" decoding=\"async\" loading=\"lazy\" height=\"5277\" itemprop=\"image\"  src=\"https:\/\/www.europesays.com\/no\/wp-content\/uploads\/2025\/10\/c6180966-7804-4ce1-9708-4eb7877fc613\"  style=\"object-position:0% 0%\" width=\"7033\"\/><\/p>\n<p class=\"_paragraph_1994c_4 _paragraph_xtcu6_10 layout-component text-serif-m layout-normal text-serif-m layout-padded\">G\u00e5tt tur, spist mat, snakket, gr\u00e5tt. Begge bor i Lillestr\u00f8m og det er ikke mer enn et kvarter p\u00e5 sparkesykkel mellom adressene.<\/p>\n<p class=\"_paragraph_1994c_4 _paragraph_xtcu6_10 layout-component text-serif-m layout-normal text-serif-m layout-padded\">Denne ettermiddagen blir pizzaen kald n\u00e5r praten g\u00e5r. Praten om livet, om hvordan de har det og hva som har skjedd siden sist.<\/p>\n<p class=\"_paragraph_1994c_4 _paragraph_xtcu6_10 layout-component text-serif-m layout-normal text-serif-m layout-padded\">Det er noen dager siden Marita flyttet inn i en ny leilighet p\u00e5 Kjeller, og taklyset er ikke p\u00e5 plass enn\u00e5. Men stearinlys duger. Stearinlys, brus og pizza.<\/p>\n<p><img alt=\"\" class=\"_image_qp4xg_65 layout-component layout-normal\" data-fullscreen- data-track-element-type=\"Article image fullscreen\" data-track-name=\"ImageFullscreen\" decoding=\"async\" loading=\"lazy\" height=\"4830\" itemprop=\"image\"  src=\"https:\/\/www.europesays.com\/no\/wp-content\/uploads\/2025\/10\/7dcff221-a706-43b3-afe7-02fe3cf803bf\"  style=\"object-position:0% 0%\" width=\"6436\"\/><\/p>\n<p class=\"_paragraph_1994c_4 _paragraph_xtcu6_10 layout-component text-serif-m layout-normal text-serif-m layout-padded\"><strong class=\"_strong_1994c_25\">Det blir flere treff denne uken.<\/strong><\/p>\n<p class=\"_paragraph_1994c_4 _paragraph_xtcu6_10 layout-component text-serif-m layout-normal text-serif-m layout-padded\">Siri og Marita er med og markerer Verdensdagen for psykisk helse, som er i dag, 10. oktober.<\/p>\n<p class=\"_paragraph_1994c_4 _paragraph_xtcu6_10 layout-component text-serif-m layout-normal text-serif-m layout-padded\">\u00c5rets tema er psykisk beredskap. psykisk beredskap.Psykisk beredskap handler om \u00e5 v\u00e6re mentalt forberedt p\u00e5 \u00e5 h\u00e5ndtere kriser og stressende situasjon M\u00e5let er \u00e5penhet og kunnskap om hvordan vi reagerer p\u00e5 kriser og hva som hjelper n\u00e5r det stormer<\/p>\n<p class=\"_paragraph_1994c_4 _paragraph_xtcu6_10 layout-component text-serif-m layout-normal text-serif-m layout-padded\"><strong class=\"_strong_1994c_25\">Hvordan styrker vi v\u00e5r psykiske motstandskraft i en urolig tid?<\/strong><\/p>\n<p class=\"_paragraph_1994c_4 _paragraph_xtcu6_10 layout-component text-serif-m layout-normal text-serif-m layout-padded\"><strong class=\"_strong_1994c_25\">Hvordan kan vi l\u00e6re \u00e5 takle det vi ikke har kontroll p\u00e5?<\/strong><\/p>\n<p class=\"_paragraph_1994c_4 _paragraph_xtcu6_10 layout-component text-serif-m layout-normal text-serif-m layout-padded\">Marita tar ordet.<\/p>\n<p class=\"_paragraph_1994c_4 _paragraph_xtcu6_10 layout-component text-serif-m layout-normal text-serif-m layout-padded\">\u2013 Jeg hadde ikke v\u00e6rt der jeg er uten \u00e5penhet.<\/p>\n<p><img alt=\"\" class=\"_image_qp4xg_65 layout-component layout-normal\" data-fullscreen- data-track-element-type=\"Article image fullscreen\" data-track-name=\"ImageFullscreen\" decoding=\"async\" loading=\"lazy\" height=\"4855\" itemprop=\"image\"  src=\"https:\/\/www.europesays.com\/no\/wp-content\/uploads\/2025\/10\/17510352-cf8e-42c6-8b10-e79f18a6f619\"  style=\"object-position:0% 0%\" width=\"6470\"\/><\/p>\n<p class=\"_paragraph_1994c_4 _paragraph_xtcu6_10 layout-component text-serif-m layout-normal text-serif-m layout-padded\">N\u00e5r barneskoleelevene hennes lurer p\u00e5 om det ikke er vondt \u00e5 snakke om raset, forteller hun dem at det faktisk hjelper \u00e5 snakke om det.<\/p>\n<p class=\"_paragraph_1994c_4 _paragraph_xtcu6_10 layout-component text-serif-m layout-normal text-serif-m layout-padded\">Hun l\u00e6rer dem at mange ulike f\u00f8lelser er normale.<\/p>\n<p class=\"_paragraph_1994c_4 _paragraph_xtcu6_10 layout-component text-serif-m layout-normal text-serif-m layout-padded\">\u2013 Vi har hatt en del t\u00f8ffe ting i familien, som har gjort meg mer robust. Foreldrene mine mistet en s\u00f8nn f\u00f8r jeg ble f\u00f8dt, mamma mistet egne foreldre da hun var 20 \u00e5r. Vi har snakket mye om b\u00e5de d\u00f8d og f\u00f8lelser. Det kunne v\u00e6re trist, men jeg s\u00e5 jo at foreldrene mine levde bra med det. <\/p>\n<p><img alt=\"\" class=\"_image_qp4xg_65 layout-component layout-normal\" data-fullscreen- data-track-element-type=\"Article image fullscreen\" data-track-name=\"ImageFullscreen\" decoding=\"async\" loading=\"lazy\" height=\"5019\" itemprop=\"image\"  src=\"https:\/\/www.europesays.com\/no\/wp-content\/uploads\/2025\/10\/7c4e507a-02ff-414e-80f4-7fb97cd980f1\"  style=\"object-position:0% 0%\" width=\"6689\"\/><\/p>\n<p class=\"_paragraph_1994c_4 _paragraph_xtcu6_10 layout-component text-serif-m layout-normal text-serif-m layout-padded\">Siri er enig i \u00e5penheten.<\/p>\n<p class=\"_paragraph_1994c_4 _paragraph_xtcu6_10 layout-component text-serif-m layout-normal text-serif-m layout-padded\">\u2013 Finn en m\u00e5te \u00e5 snakke deg tom p\u00e5. Snakk til speilet, til en venn, til en psykolog, r\u00e5der hun<\/p>\n<p class=\"_paragraph_1994c_4 _paragraph_xtcu6_10 layout-component text-serif-m layout-normal text-serif-m layout-padded\">Hun var bare 20 \u00e5r da terrorangrepet 22. juli skjedde.<\/p>\n<p>  Siri var ny i AUF, ny p\u00e5 leir, ny p\u00e5 Ut\u00f8ya.<img alt=\"Foto: Mattis Sandblad \/ VG\" class=\"_image_qp4xg_65 layout-component layout-normal\" data-fullscreen- data-track-element-type=\"Article image fullscreen\" data-track-name=\"ImageFullscreen\" decoding=\"async\" loading=\"lazy\" height=\"1809\" itemprop=\"image\"  src=\"https:\/\/www.europesays.com\/no\/wp-content\/uploads\/2025\/10\/e604f6e2-4e26-4b22-932c-9cabbba5b8ea\"  style=\"object-position:0% 0%\" width=\"1447\"\/>Foto: Mattis Sandblad \/ VG <\/p>\n<p class=\"_paragraph_1994c_4 _paragraph_xtcu6_10 layout-component text-serif-m layout-normal text-serif-m layout-padded\"><strong class=\"_strong_1994c_25\">F\u00f8rst tror Siri det er kinaputter \u2013 tette, korte skudd.<\/strong><\/p>\n<p class=\"_paragraph_1994c_4 _paragraph_xtcu6_10 layout-component text-serif-m layout-normal text-serif-m layout-padded\">Hun er i kaf\u00e9huset, da ungdom kommer l\u00f8pende i hennes retning. Hun begynner ogs\u00e5 \u00e5 l\u00f8pe, mot pumpehuset.<\/p>\n<p class=\"_paragraph_1994c_4 _paragraph_xtcu6_10 layout-component text-serif-m layout-normal text-serif-m layout-padded\">Hun visste ikke hva hun l\u00f8p vekk fra, hvem hun m\u00e5tte gjemme seg for. Var det en eller var det flere personer?<\/p>\n<p class=\"_paragraph_1994c_4 _paragraph_xtcu6_10 layout-component text-serif-m layout-normal text-serif-m layout-padded\">Hun visste heller ikke at personen hadde kledd seg ut som en politimann.<\/p>\n<p><img alt=\"Foto: Kyrre Lien \/ VG\" class=\"_image_qp4xg_65 layout-component layout-normal\" data-fullscreen- data-track-element-type=\"Article image fullscreen\" data-track-name=\"ImageFullscreen\" decoding=\"async\" loading=\"lazy\" height=\"2033\" itemprop=\"image\"  src=\"https:\/\/www.europesays.com\/no\/wp-content\/uploads\/2025\/10\/0b0e61d0-1b13-4b2f-acf8-63d4c40cd31c\"  style=\"object-position:0% 0%\" width=\"2711\"\/>Foto: Kyrre Lien \/ VG<\/p>\n<p class=\"_paragraph_1994c_4 _paragraph_xtcu6_10 layout-component text-serif-m layout-normal text-serif-m layout-padded\">Siri fulgte de andre.<\/p>\n<p class=\"_paragraph_1994c_4 _paragraph_xtcu6_10 layout-component text-serif-m layout-normal text-serif-m layout-padded\"><strong class=\"_strong_1994c_25\">At hun tok til venstre ved pumpehuset reddet kanskje livet hennes.<\/strong><\/p>\n<p class=\"_paragraph_1994c_4 _paragraph_xtcu6_10 layout-component text-serif-m layout-normal text-serif-m layout-padded\">Der ble 13 drept. Hun l\u00f8p. Over svaberg, bak steiner og klipper.<\/p>\n<p class=\"_paragraph_1994c_4 _paragraph_xtcu6_10 layout-component text-serif-m layout-normal text-serif-m layout-padded\">P\u00e5 vestsiden av \u00f8ya tar hun seg ned seg mot vannkanten. Hun gjemmer seg under et utspring, noe hun senere kalte en hule.<\/p>\n<p><img alt=\"Foto: Privat\" class=\"_image_qp4xg_65 layout-component layout-normal\" data-fullscreen- data-track-element-type=\"Article image fullscreen\" data-track-name=\"ImageFullscreen\" decoding=\"async\" loading=\"lazy\" height=\"1274\" itemprop=\"image\"  src=\"https:\/\/www.europesays.com\/no\/wp-content\/uploads\/2025\/10\/17c4ea2d-c054-41c9-bfa9-379b98f083d0\"  style=\"object-position:0% 0%\" width=\"1700\"\/>Foto: Privat<\/p>\n<p class=\"_paragraph_1994c_4 _paragraph_xtcu6_10 layout-component text-serif-m layout-normal text-serif-m layout-padded\">Lyden av skudd, steiner som spretter rundt henne. Tankene: \u00abN\u00e5 kommer jeg til \u00e5 d\u00f8\u00bb. Gjemmestedet var langt fra land og kl\u00e6rne var store og tunge. \u00abOm jeg skal d\u00f8 n\u00e5, er det fordi jeg blir skutt, ikke fordi jeg drukner\u00bb, husker hun at hun tenkte.<\/p>\n<p class=\"_paragraph_1994c_4 _paragraph_xtcu6_10 layout-component text-serif-m layout-normal text-serif-m layout-padded\">Det piper i telefoner rundt henne. Hun sender en melding til utvalgte venner, familie og faren hun tidligere har v\u00e6rt i kontakt med: \u00abJeg er glad i dere.\u00bb<\/p>\n<p class=\"_paragraph_1994c_4 _paragraph_xtcu6_10 layout-component text-serif-m layout-normal text-serif-m layout-padded\">Tankene g\u00e5r i loop: Dette er et utrygt sted. Hele verden er et utrygt sted.\u00bb<\/p>\n<p><img alt=\"Foto: Kyrre Lien \/ VG\" class=\"_image_qp4xg_65 layout-component layout-normal\" data-fullscreen- data-track-element-type=\"Article image fullscreen\" data-track-name=\"ImageFullscreen\" decoding=\"async\" loading=\"lazy\" height=\"3645\" itemprop=\"image\"  src=\"https:\/\/www.europesays.com\/no\/wp-content\/uploads\/2025\/10\/ab565d54-686a-408a-95a1-aa1371f36338\"  style=\"object-position:0% 0%\" width=\"4860\"\/>Foto: Kyrre Lien \/ VG<\/p>\n<p class=\"_paragraph_1994c_4 _paragraph_xtcu6_10 layout-component text-serif-m layout-normal text-serif-m layout-padded\"><strong class=\"_strong_1994c_25\">Da b\u00e5tene kommer til Ut\u00f8ya lurer hun p\u00e5 om hun kan stole p\u00e5 dem.<\/strong><\/p>\n<p class=\"_paragraph_1994c_4 _paragraph_xtcu6_10 layout-component text-serif-m layout-normal text-serif-m layout-padded\">Selv da hun kommer til Sundvolden er hun ikke sikker p\u00e5 om hun vil overleve. Hun taster det kjente nummeret p\u00e5 telefonen: \u00abJeg lever pappa\u00bb er det f\u00f8rste hun klarer \u00e5 si. <\/p>\n<p><img alt=\"Siri og faren Erik p\u00e5 Sundvollen dagen etter terror-angrepet p\u00e5 Ut\u00f8ya.  Foto: Mattis Sandblad \/ VG\" class=\"_image_qp4xg_65 layout-component layout-normal\" data-fullscreen- data-track-element-type=\"Article image fullscreen\" data-track-name=\"ImageFullscreen\" decoding=\"async\" loading=\"lazy\" height=\"1963\" itemprop=\"image\"  src=\"https:\/\/www.europesays.com\/no\/wp-content\/uploads\/2025\/10\/8e2e165a-55b9-444e-b698-ed3dd9c21b71\"  style=\"object-position:0% 0%\" width=\"2617\"\/>Siri og faren Erik p\u00e5 Sundvollen dagen etter terror-angrepet p\u00e5 Ut\u00f8ya.  Foto: Mattis Sandblad \/ VG<\/p>\n<p class=\"_paragraph_1994c_4 _paragraph_xtcu6_10 layout-component text-serif-m layout-normal text-serif-m layout-padded\"><strong class=\"_strong_1994c_25\">69 ble drept p\u00e5 Ut\u00f8ya den dagen.<\/strong><\/p>\n<p class=\"_paragraph_1994c_4 _paragraph_xtcu6_10 layout-component text-serif-m layout-normal text-serif-m layout-padded\">To m\u00e5neder etter terrorangrepet kom boken: \u00abJeg lever, pappa -22. juli-dagen som forandret oss\u00bb.<\/p>\n<p class=\"_paragraph_1994c_4 _paragraph_xtcu6_10 layout-component text-serif-m layout-normal text-serif-m layout-padded\"> Siri skrev boken sammen med faren Erik S\u00f8nstelie.<\/p>\n<p>  \u00abI dag lever jeg et normalt liv\u00bb<img alt=\"\" class=\"_image_qp4xg_65 layout-component layout-normal\" data-fullscreen- data-track-element-type=\"Article image fullscreen\" data-track-name=\"ImageFullscreen\" decoding=\"async\" loading=\"lazy\" height=\"4989\" itemprop=\"image\"  src=\"https:\/\/www.europesays.com\/no\/wp-content\/uploads\/2025\/10\/7c6018ad-e25c-423f-bb9d-ca2c846eee33\"  style=\"object-position:0% 0%\" width=\"3991\"\/> <\/p>\n<p class=\"_paragraph_1994c_4 _paragraph_xtcu6_10 layout-component text-serif-m layout-normal text-serif-m layout-padded\">\u2013 Uten \u00e5 v\u00e6re preget av det som skjedde. Selvf\u00f8lgelig har det blitt en del av hvem jeg er, men det at jeg fikk muligheten til \u00e5 skrive bok har v\u00e6rt avgj\u00f8rende for bearbeidelsen. Jeg ble tvunget til \u00e5 skrive historiene med adjektiver, g\u00e5 inn i den, ta eierskap og g\u00e5 videre, forteller Siri.<\/p>\n<p class=\"_paragraph_1994c_4 _paragraph_xtcu6_10 layout-component text-serif-m layout-normal text-serif-m layout-padded\">\u2013 Er det andre ting som har hjulpet deg?<\/p>\n<p class=\"_paragraph_1994c_4 _paragraph_xtcu6_10 layout-component text-serif-m layout-normal text-serif-m layout-padded\">\u2013 To r\u00e5d tok jeg med meg fra krisepsykologen jeg gikk til de to f\u00f8rste m\u00e5nedene: N\u00e5r marerittene kommer, er det underbevissthetens m\u00e5te \u00e5 bearbeide traumene p\u00e5. I tillegg har jeg akseptert at ikke alle dager er like bra, men uansett hvor m\u00f8rkt det er, s\u00e5 kan det hende at det blir bedre i morgen.<\/p>\n<p><img alt=\"\" class=\"_image_qp4xg_65 layout-component layout-normal\" data-fullscreen- data-track-element-type=\"Article image fullscreen\" data-track-name=\"ImageFullscreen\" decoding=\"async\" loading=\"lazy\" height=\"6541\" itemprop=\"image\"  src=\"https:\/\/www.europesays.com\/no\/wp-content\/uploads\/2025\/10\/5c9ca454-f945-4e51-a68f-87c001149501\"  style=\"object-position:0% 0%\" width=\"5233\"\/><\/p>\n<p class=\"_paragraph_1994c_4 _paragraph_xtcu6_10 layout-component text-serif-m layout-normal text-serif-m layout-padded\">Da hun og Marita gikk den f\u00f8rste turen sammen etter at de fikk kontakt igjen i 2020 snakket de mye om overlevelsesskyld, om frykten og det uforutsigbare. Det de hadde g\u00e5tt gjennom var forskjellig, men mange av f\u00f8lelsene og tankene var like.<\/p>\n<p class=\"_paragraph_1994c_4 _paragraph_xtcu6_10 layout-component text-serif-m layout-normal text-serif-m layout-padded\">\u2013 Selv om jeg hadde mange venner rundt meg var det godt \u00e5 f\u00e5 en bekreftelse p\u00e5 at det jeg f\u00f8lte ikke var unormalt, forteller Marita.<\/p>\n<p class=\"_paragraph_1994c_4 _paragraph_xtcu6_10 layout-component text-serif-m layout-normal text-serif-m layout-padded\">Alle hadde fortalt dem om viktigheten av \u00e5 ta hverdagen tilbake, men hverdagen slik den hadde v\u00e6rt, vil aldri komme tilbake.<\/p>\n<p class=\"_paragraph_1994c_4 _paragraph_xtcu6_10 layout-component text-serif-m layout-normal text-serif-m layout-padded\">\u2013 S\u00e5 det handlet mer om \u00e5 skape og akseptere en ny hverdag, forklarer Siri.<\/p>\n<p><img alt=\"Foto: Privat\" class=\"_image_qp4xg_65 layout-component layout-normal\" data-fullscreen- data-track-element-type=\"Article image fullscreen\" data-track-name=\"ImageFullscreen\" decoding=\"async\" loading=\"lazy\" height=\"2740\" itemprop=\"image\"  src=\"https:\/\/www.europesays.com\/no\/wp-content\/uploads\/2025\/10\/60cc97ad-121d-4fff-a188-002e5041a021\"  style=\"object-position:0% 0%\" width=\"2191\"\/>Foto: Privat<\/p>\n<p class=\"_paragraph_1994c_4 _paragraph_xtcu6_10 layout-component text-serif-m layout-normal text-serif-m layout-padded\">For henne handlet det i begynnelsen om \u00e5 t\u00f8rre \u00e5 g\u00e5 ut av d\u00f8ren. Presse seg litt. Mestre. Presse seg litt til. Bestige Kilimanjaro. Mestre.<\/p>\n<p class=\"_paragraph_1994c_4 _paragraph_xtcu6_10 layout-component text-serif-m layout-normal text-serif-m layout-padded\">Etter to m\u00e5neder begynte hun p\u00e5 de planlagte studiene i London. Det er bare to timers flytur hjem, sa hun til seg selv.<\/p>\n<p class=\"_paragraph_1994c_4 _paragraph_xtcu6_10 layout-component text-serif-m layout-normal text-serif-m layout-padded\">Pappa ble med over den f\u00f8rste uken. S\u00e5 var hun alene. Det ble hennes vei til \u00e5 ta hverdagen tilbake.<\/p>\n<p class=\"_paragraph_1994c_4 _paragraph_xtcu6_10 layout-component text-serif-m layout-normal text-serif-m layout-padded\">\u2013 Ganske tidlig m\u00e5tte jeg erkjenne at jeg ikke kunne gj\u00f8re akkurat som f\u00f8r. S\u00f8vn betydde mareritt, s\u00e5 jeg sov jeg nesten ikke om nettene det f\u00f8rste \u00e5ret. Konsentrasjonen var elendig, og etter en forelesning var jeg helt utslitt og m\u00e5tte hvile.<\/p>\n<p class=\"_paragraph_1994c_4 _paragraph_xtcu6_10 layout-component text-serif-m layout-normal text-serif-m layout-padded\">Om hun skulle v\u00e6re sosial p\u00e5 kvelden orket hun ikke \u00e5 g\u00e5 p\u00e5 forelesning om dagen \u2013 og omvendt.<\/p>\n<p>  Maritas vei var litt annerledes.<img alt=\"Foto: Privat\" class=\"_image_qp4xg_65 layout-component layout-normal\" data-fullscreen- data-track-element-type=\"Article image fullscreen\" data-track-name=\"ImageFullscreen\" decoding=\"async\" loading=\"lazy\" height=\"1070\" itemprop=\"image\"  src=\"https:\/\/www.europesays.com\/no\/wp-content\/uploads\/2025\/10\/087bfd51-f064-4556-b5b3-263ff06972d1\"  style=\"object-position:0% 0%\" width=\"828\"\/>Foto: Privat <\/p>\n<p class=\"_paragraph_1994c_4 _paragraph_xtcu6_10 layout-component text-serif-m layout-normal text-serif-m layout-padded\">Hun brukte nettverket sitt aktivt. Intuitivt tok hun kontakt.<\/p>\n<p class=\"_paragraph_1994c_4 _paragraph_xtcu6_10 layout-component text-serif-m layout-normal text-serif-m layout-padded\">\u2013 Jeg m\u00f8tte en venninne som hadde mistet moren sin br\u00e5tt. Vi kunne snakke ganske \u00e6rlig. En annen venninne ville ikke snakke om alvorlige ting. Hun kunne jeg le med, minnes Marita.<\/p>\n<p class=\"_paragraph_1994c_4 _paragraph_xtcu6_10 layout-component text-serif-m layout-normal text-serif-m layout-padded\">P\u00e5 Gjerdrum fikk de ogs\u00e5 opprettet en sorggruppe, som holder sammen fremdeles. Den betyr mye for Marita.<\/p>\n<p class=\"_paragraph_1994c_4 _paragraph_xtcu6_10 layout-component text-serif-m layout-normal text-serif-m layout-padded\">Generall\u00f8ytnantGenerall\u00f8ytnantEn generall\u00f8ytnant er en h\u00f8y milit\u00e6r rang i Forsvaret, over generalmajor og under general. Robert Mood har en lang karriere bak seg i Forsvaret og har blant annet tjenestegjort p\u00e5 ulike niv\u00e5er i Libanon, Kosovo og Syria.<\/p>\n<p><img decoding=\"async\" alt=\"Bilde av Robert Mood \" class=\"_image_ygndg_42\" height=\"27\" itemprop=\"image\" loading=\"lazy\"  src=\"https:\/\/www.europesays.com\/no\/wp-content\/uploads\/2025\/10\/94a7a7e4-2e95-4e11-afa9-15b96f6006e1\"  width=\"40\"\/><strong class=\"_name_ygndg_51 title-serif-xs\">Robert Mood <\/strong><\/p>\n<p class=\"_paragraph_1994c_4 text-sans-m _description_ygndg_56\">Generall\u00f8ytnant <\/p>\n<p class=\"_paragraph_1994c_4 _paragraph_xtcu6_10 layout-component text-serif-m layout-normal text-serif-m layout-padded\">Han har ogs\u00e5 v\u00e6rt president i Norges R\u00f8de Kors, og er ikke ukjent med begrepet psykisk beredskap.<\/p>\n<p class=\"_paragraph_1994c_4 _paragraph_xtcu6_10 layout-component text-serif-m layout-normal text-serif-m layout-padded\">I en podkast fra Verdensdagen for psykisk helse samtaler Mood blant annet med Marita og Siri.<\/p>\n<p class=\"_paragraph_1994c_4 _paragraph_xtcu6_10 layout-component text-serif-m layout-normal text-serif-m layout-padded\">\u2013 Jeg opplever dem som sterke individer. Hvordan de har l\u00e6rt seg \u00e5 leve med den m\u00f8rke f\u00f8lgesvennen og samtidig \u00f8nsker \u00e5 v\u00e6re en ressurs for andre, er imponerende.<\/p>\n<p class=\"_paragraph_1994c_4 _paragraph_xtcu6_10 layout-component text-serif-m layout-normal text-serif-m layout-padded\">Han kaller det \u00abden m\u00f8rke f\u00f8lgesvennen\u00bb, det \u00e5 akseptere at det vanskelige ikke n\u00f8dvendigvis forsvinner, men blir til noe du kan leve med.<\/p>\n<p class=\"_paragraph_1994c_4 _paragraph_xtcu6_10 layout-component text-serif-m layout-normal text-serif-m layout-padded\">\u2013 Du skal ikke tro du kan riste av deg den m\u00f8rke f\u00f8lgesvennen. Da f\u00e5r du en trykkoker, som vokser til et traume.<\/p>\n<ul class=\"_gallery_1qa3s_23\" tabindex=\"0\">\n<li class=\"_item_1qa3s_37\" data-index=\"0\"><img decoding=\"async\" class=\"_image_foru8_23 _articleGallery_foru8_39\" data-fullscreen- width=\"8192\" height=\"5464\" itemprop=\"image\" loading=\"lazy\"  src=\"https:\/\/www.europesays.com\/no\/wp-content\/uploads\/2025\/10\/2d0b35fd-46d0-4463-a139-d175fc327fbc\"  style=\"object-position:50% 50%;aspect-ratio:var(--gallery-aspect-ratio, 16 \/ 9)\"\/>Landskapet p\u00e5 Gjerdrum er ikke til \u00e5 kjenne igjen. Marita Gundersen ser ut over det som var et skredramma omr\u00e5de.<\/li>\n<li class=\"_item_1qa3s_37\" data-index=\"1\"><img decoding=\"async\" class=\"_image_foru8_23 _articleGallery_foru8_39\" data-fullscreen- width=\"8192\" height=\"5464\" itemprop=\"image\" loading=\"lazy\"  src=\"https:\/\/www.europesays.com\/no\/wp-content\/uploads\/2025\/10\/a32ea6c0-4bd9-400f-a5e0-202b3ff0dcf2\"  style=\"object-position:50% 50%;aspect-ratio:var(--gallery-aspect-ratio, 16 \/ 9)\"\/>Landskapet p\u00e5 Gjerdrum er ikke til \u00e5 kjenne igjen. Marita Gundersen ser ut over det som var et skredramma omr\u00e5de.<\/li>\n<li class=\"_item_1qa3s_37\" data-index=\"2\"><img decoding=\"async\" class=\"_image_foru8_23 _articleGallery_foru8_39\" data-fullscreen- width=\"8192\" height=\"5464\" itemprop=\"image\" loading=\"lazy\"  src=\"https:\/\/www.europesays.com\/no\/wp-content\/uploads\/2025\/10\/30a9a24b-0bff-4327-a4c6-e3278cf8d427\"  style=\"object-position:50% 50%;aspect-ratio:var(--gallery-aspect-ratio, 16 \/ 9)\"\/>Landskapet p\u00e5 Gjerdrum er ikke til \u00e5 kjenne igjen. Her var huset Marita m\u00e5tte flykte fra. <\/li>\n<\/ul>\n<p>Landskapet p\u00e5 Gjerdrum er ikke til \u00e5 kjenne igjen. Marita Gundersen ser ut over det som var et skredramma omr\u00e5de.<\/p>\n<p class=\"_paragraph_1994c_4 _paragraph_xtcu6_10 layout-component text-serif-m layout-normal text-serif-m layout-padded\"><strong class=\"_strong_1994c_25\">De har f\u00e5tt en verkt\u00f8ykasse, barneskolel\u00e6reren og journalisten.<\/strong><\/p>\n<p class=\"_paragraph_1994c_4 _paragraph_xtcu6_10 layout-component text-serif-m layout-normal text-serif-m layout-padded\">N\u00e5r de bokstavelig talt setter et bein foran det andre p\u00e5 sine turer i Lillestr\u00f8m-omr\u00e5det kan de snakke om hva som funker for \u00e5 f\u00e5 livet til \u00e5 rulle bedre.<\/p>\n<p class=\"_paragraph_1994c_4 _paragraph_xtcu6_10 layout-component text-serif-m layout-normal text-serif-m layout-padded\">Siri g\u00e5r for fysisk aktivitet. Og det \u00e5 komme seg av skjerm for \u00e5 la tankene vandre fritt mens hun pusler med maling eller strikking.<\/p>\n<p> SJEKKLISTE FOR PSYKISK BEREDSKAP<\/p>\n<p class=\"_paragraph_1994c_4 _paragraph_xtcu6_10 _paragraph_16v91_10 layout-component text-serif-m layout-normal text-sans-m layout-padded\">1. Ta kontroll p\u00e5 tankekj\u00f8ret<\/p>\n<p class=\"_paragraph_1994c_4 _paragraph_xtcu6_10 _paragraph_16v91_10 layout-component text-serif-m layout-normal text-sans-m layout-padded\">2. Hold p\u00e5 minst en rutine<\/p>\n<p class=\"_paragraph_1994c_4 _paragraph_xtcu6_10 _paragraph_16v91_10 layout-component text-serif-m layout-normal text-sans-m layout-padded\">3. Opps\u00f8k andre<\/p>\n<p class=\"_paragraph_1994c_4 _paragraph_xtcu6_10 _paragraph_16v91_10 layout-component text-serif-m layout-normal text-sans-m layout-padded\">4. Hold kroppen i gang<\/p>\n<p class=\"_paragraph_1994c_4 _paragraph_xtcu6_10 _paragraph_16v91_10 layout-component text-serif-m layout-normal text-sans-m layout-padded\">5. Gi hodet en pause<\/p>\n<p class=\"_paragraph_1994c_4 _paragraph_xtcu6_10 _paragraph_16v91_10 layout-component text-serif-m layout-normal text-sans-m layout-padded\">6. Bruk tid p\u00e5 det som gir deg driv<\/p>\n<p class=\"_paragraph_1994c_4 _paragraph_xtcu6_10 _paragraph_16v91_10 layout-component text-serif-m layout-normal text-sans-m layout-padded\">7. Si nei f\u00f8r det sier stopp<\/p>\n<p class=\"_paragraph_1994c_4 _paragraph_xtcu6_10 _paragraph_16v91_10 layout-component text-serif-m layout-normal text-sans-m layout-padded\">8. Snakk om det f\u00f8r det blir krise<\/p>\n<p class=\"_paragraph_1994c_4 _paragraph_xtcu6_10 _paragraph_16v91_10 layout-component text-serif-m layout-normal text-sans-m layout-padded\">9. Le litt -hver dag<\/p>\n<p class=\"_paragraph_1994c_4 _paragraph_xtcu6_10 _paragraph_16v91_10 layout-component text-serif-m layout-normal text-sans-m layout-padded\">10. Bruk det som har hjulpet deg f\u00f8r<\/p>\n<p class=\"_paragraph_1994c_4 _paragraph_xtcu6_10 _paragraph_16v91_10 layout-component text-serif-m layout-normal text-sans-m layout-padded\">(Kilde: Verdensdagen for psykisk helse)<\/p>\n<p>Vis mer<\/p>\n<p class=\"_paragraph_1994c_4 _paragraph_xtcu6_10 layout-component text-serif-m layout-normal text-serif-m layout-padded\">Marita skriver. Det ble tre dagb\u00f8ker p\u00e5 fem \u00e5r. N\u00e5 skriver hun notater p\u00e5 telefonen. I tillegg h\u00f8rer hun p\u00e5 triste sanger hun kan synge og gr\u00e5te til. Stereoen p\u00e5 full spiker -og la det st\u00e5 til.<\/p>\n<p class=\"_paragraph_1994c_4 _paragraph_xtcu6_10 layout-component text-serif-m layout-normal text-serif-m layout-padded\">\u2013 Det holder med tre-fire sanger.<\/p>\n<p class=\"_paragraph_1994c_4 _paragraph_xtcu6_10 layout-component text-serif-m layout-normal text-serif-m layout-padded\">Siri ler. Hun husker turen hun og faren gikk en tid etter 22. juli \u2013 langt ut i skogen, langt fra folk.<\/p>\n<p class=\"_paragraph_1994c_4 _paragraph_xtcu6_10 layout-component text-serif-m layout-normal text-serif-m layout-padded\">S\u00e5 sto de der og hylte og skrek. All energien skulle ut.<\/p>\n<p class=\"_paragraph_1994c_4 _paragraph_xtcu6_10 layout-component text-serif-m layout-normal text-serif-m layout-padded\"><strong class=\"_strong_1994c_25\">De har forandret seg.<\/strong><\/p>\n<p class=\"_paragraph_1994c_4 _paragraph_xtcu6_10 layout-component text-serif-m layout-normal text-serif-m layout-padded\">\u2013 Hvilken ungdom i 20-\u00e5rene blir ber\u00f8rt av det vakre med vinden som rusker i tr\u00e6rne, sier Siri.<\/p>\n<p><img alt=\"\" class=\"_image_qp4xg_65 layout-component layout-normal\" data-fullscreen- data-track-element-type=\"Article image fullscreen\" data-track-name=\"ImageFullscreen\" decoding=\"async\" loading=\"lazy\" height=\"6373\" itemprop=\"image\"  src=\"https:\/\/www.europesays.com\/no\/wp-content\/uploads\/2025\/10\/00e6ff1b-0848-43f3-96c1-2df29a7792be\"  style=\"object-position:0% 0%\" width=\"5098\"\/><\/p>\n<p class=\"_paragraph_1994c_4 _paragraph_xtcu6_10 layout-component text-serif-m layout-normal text-serif-m layout-padded\">Marita har blitt mer hjemmekj\u00e6r. En del av de m\u00f8rke skyggene b\u00e6rer hun fremdeles. Ryggen som brakk og som ikke har blitt helt bra, bl\u00e5lys og helikopterlyder som fremdeles trigger.<\/p>\n<p class=\"_paragraph_1994c_4 _paragraph_xtcu6_10 layout-component text-serif-m layout-normal text-serif-m layout-padded\"><strong class=\"_strong_1994c_25\">Likevel blir den nye hverdagen mer og mer hennes egen.<\/strong><\/p>\n<p class=\"_paragraph_1994c_4 _paragraph_xtcu6_10 layout-component text-serif-m layout-normal text-serif-m layout-padded\">En stund etter at veien til rasomr\u00e5det \u00e5pnet igjen satt hun seg i bilen. En venninne var med p\u00e5 h\u00f8yttaler. S\u00e5 gr\u00e5t-kj\u00f8rte hun veien \u00abhjem\u00bb. <\/p>\n<p><img alt=\"F\u00d8R SKREDET: Marita og moren Irene.  Foto: Privat\" class=\"_image_qp4xg_65 layout-component layout-normal\" data-fullscreen- data-track-element-type=\"Article image fullscreen\" data-track-name=\"ImageFullscreen\" decoding=\"async\" loading=\"lazy\" height=\"3711\" itemprop=\"image\"  src=\"https:\/\/www.europesays.com\/no\/wp-content\/uploads\/2025\/10\/34876eaa-c943-41c6-8224-bac20e51143d\"  style=\"object-position:0% 0%\" width=\"2969\"\/>F\u00d8R SKREDET: Marita og moren Irene.  Foto: Privat<\/p>\n<p class=\"_paragraph_1994c_4 _paragraph_xtcu6_10 layout-component text-serif-m layout-normal text-serif-m layout-padded\">\u2013 Det som gjenst\u00e5r er snarveien mamma, s\u00f8stera mi og jeg pleide \u00e5 g\u00e5.<\/p>\n<p class=\"_paragraph_1994c_4 _paragraph_xtcu6_10 layout-component text-serif-m layout-normal text-serif-m layout-padded\"><strong class=\"_strong_1994c_25\">\u2013 Det blir ikke i morgen, men jeg er p\u00e5 gang.<\/strong><\/p>\n<p>Trenger du noen \u00e5 snakke med?<\/p>\n<ul class=\"_list_1994c_3 _list_xtcu6_9 _list_16v91_9 _unordered_1994c_105 layout-component text-serif-m layout-normal text-sans-m layout-padded\">\n<li class=\"_item_1994c_30\"><strong class=\"_strong_1994c_25\">Mental Helse kan<\/strong> n\u00e5s p\u00e5<strong class=\"_strong_1994c_25\"> 116 123<\/strong><\/li>\n<li class=\"_item_1994c_30\"><strong class=\"_strong_1994c_25\">Chat <\/strong>er \u00e5pent d\u00f8gnet rundt<a href=\"https:\/\/www.sidetmedord.no\/\" class=\"_link_1994c_39\" rel=\"nofollow noopener\" target=\"_blank\"><strong class=\"_strong_1994c_25\"> www.sidetmedord.no<\/strong><\/a><\/li>\n<li class=\"_item_1994c_30\"><a href=\"https:\/\/www.kirkens-sos.no\/telefon\" class=\"_link_1994c_39\" rel=\"nofollow noopener\" target=\"_blank\"><strong class=\"_strong_1994c_25\">Kirkens SOS kan<\/strong><\/a> n\u00e5s p\u00e5<strong class=\"_strong_1994c_25\"> 22 40 00 40<\/strong><\/li>\n<li class=\"_item_1994c_30\"><strong class=\"_strong_1994c_25\">R\u00f8de Kors for barn og unge, \u00abKors p\u00e5 halsen\u00bb: <\/strong>\u00c5pent alle dager kl. 14 \u2013 22. Du kan ringe<strong class=\"_strong_1994c_25\"> 800 33 321, <\/strong>chatte eller skrive mail.<a href=\"http:\/\/www.korspahalsen.no\/\" class=\"_link_1994c_39\" rel=\"nofollow noopener\" target=\"_blank\"> www.korspahalsen.no<\/a><\/li>\n<li class=\"_item_1994c_30\"><strong class=\"_strong_1994c_25\">SnakkOmPsyken.no: Chat <\/strong>s\u00f8ndag-fredag kl. 15\u201321<\/li>\n<li class=\"_item_1994c_30\"><strong class=\"_strong_1994c_25\">LEVE :<\/strong> 22 36 17 00<\/li>\n<\/ul>\n<p class=\"_paragraph_1994c_4 _paragraph_xtcu6_10 _paragraph_16v91_10 layout-component text-serif-m layout-normal text-sans-m layout-padded\">Hvis du trenger hjelp, ta kontakt med fastlegen, legevakt eller skolehelsetjenesten. Ring 113 hvis det er fare for liv.<\/p>\n<p>Vis mer Aslaug Tangvald-Pedersen<\/p>\n<p class=\"text-sans-s\">Journalist<\/p>\n<p><img decoding=\"async\" alt=\"Aslaug Tangvald-Pedersen\" class=\"_image_8qg3d_185\" src=\"https:\/\/www.europesays.com\/no\/wp-content\/uploads\/2025\/10\/36495ec7-98f8-4113-ad55-dd06f4d6d31d\" width=\"480\"\/>Kontakt Aslaug Tangvald-Pedersen<img decoding=\"async\" alt=\"Annemor Larsen\" class=\"_image_8qg3d_185\" src=\"https:\/\/www.europesays.com\/no\/wp-content\/uploads\/2025\/10\/b671f221-c270-4fbc-952d-8574afbc96f4\" width=\"480\"\/>     <\/p>\n","protected":false},"excerpt":{"rendered":"Marita Gundersen hoppet fra balkongen da kvikkleireskredet i Gjerdrum tok huset. Da hun skrev tekstmeldingen til Siri Marie&hellip;\n","protected":false},"author":2,"featured_media":57115,"comment_status":"","ping_status":"","sticky":false,"template":"","format":"standard","meta":{"footnotes":""},"categories":[10],"tags":[3637,20,21,24,25,15,22,23,8527,13,30,28,29,14,16,1679,26,27,8526,785],"class_list":{"0":"post-57114","1":"post","2":"type-post","3":"status-publish","4":"format-standard","5":"has-post-thumbnail","7":"category-norge","8":"tag-22-juli","9":"tag-breaking-news","10":"tag-breakingnews","11":"tag-featured-news","12":"tag-featurednews","13":"tag-headlines","14":"tag-latest-news","15":"tag-latestnews","16":"tag-leirskredet-i-gjerdrum","17":"tag-news","18":"tag-no","19":"tag-norge","20":"tag-norway","21":"tag-nyheter","22":"tag-overskrifter","23":"tag-psykisk-helse","24":"tag-top-stories","25":"tag-topstories","26":"tag-verdsdag-psykisk-helse","27":"tag-vghubben"},"share_on_mastodon":{"url":"","error":""},"_links":{"self":[{"href":"https:\/\/www.europesays.com\/no\/wp-json\/wp\/v2\/posts\/57114","targetHints":{"allow":["GET"]}}],"collection":[{"href":"https:\/\/www.europesays.com\/no\/wp-json\/wp\/v2\/posts"}],"about":[{"href":"https:\/\/www.europesays.com\/no\/wp-json\/wp\/v2\/types\/post"}],"author":[{"embeddable":true,"href":"https:\/\/www.europesays.com\/no\/wp-json\/wp\/v2\/users\/2"}],"replies":[{"embeddable":true,"href":"https:\/\/www.europesays.com\/no\/wp-json\/wp\/v2\/comments?post=57114"}],"version-history":[{"count":0,"href":"https:\/\/www.europesays.com\/no\/wp-json\/wp\/v2\/posts\/57114\/revisions"}],"wp:featuredmedia":[{"embeddable":true,"href":"https:\/\/www.europesays.com\/no\/wp-json\/wp\/v2\/media\/57115"}],"wp:attachment":[{"href":"https:\/\/www.europesays.com\/no\/wp-json\/wp\/v2\/media?parent=57114"}],"wp:term":[{"taxonomy":"category","embeddable":true,"href":"https:\/\/www.europesays.com\/no\/wp-json\/wp\/v2\/categories?post=57114"},{"taxonomy":"post_tag","embeddable":true,"href":"https:\/\/www.europesays.com\/no\/wp-json\/wp\/v2\/tags?post=57114"}],"curies":[{"name":"wp","href":"https:\/\/api.w.org\/{rel}","templated":true}]}}