{"id":57120,"date":"2025-10-10T08:44:19","date_gmt":"2025-10-10T08:44:19","guid":{"rendered":"https:\/\/www.europesays.com\/no\/57120\/"},"modified":"2025-10-10T08:44:19","modified_gmt":"2025-10-10T08:44:19","slug":"innsendt-fosserock-matte-ta-pause","status":"publish","type":"post","link":"https:\/\/www.europesays.com\/no\/57120\/","title":{"rendered":"Innsendt, Fosserock | M\u00e5tte ta pause"},"content":{"rendered":"\n<p>Fire forestillinger gjenst\u00e5r n\u00e5r Fosserock-gjengen overtar scenen p\u00e5 Gledeshuset, og mere lyd, mere lys og rock&#8217;n roll skal igjen l\u00f8fte taket av Gledeshuset.<\/p>\n<p>\u00c5rets Fosserock har f\u00e5tt fantastiske tilbakemeldinger fra b\u00e5de presse og publikum, og har etablert seg som et h\u00f8ydepunkt i \u00e5rets kultursesong. Mer enn 2000 billetter er solgt, men der er fortsatt ledige billetter alle dager.<\/p>\n<p>Dette skrev Ringerikes Blads utsendte journalist om \u00e5rets premiere:<\/p>\n<p>\u00abPublikum fikk en ramsalt rockereise med r\u00e5 riff, rungende refrenger og rause doser nostalgi \u2013 levert med en energi som slo helt inn til siste stolrad. De tre vokalistene Morten Gr\u00f8tnes, Aulona Kj\u00f8rstad Krasniqi og Petter Aagaard sto st\u00f8dig i front, bakket opp av et band som leverte en lyd s\u00e5 tett og presis at det f\u00f8ltes som \u00e5 bli sugd inn i l\u00e5tene. Vi ruller ingen terning i \u00e5r, men basert p\u00e5 tilbakemeldingene fra publikum, var dette full pott!\u00bb<\/p>\n<p>Jo Christian Rand, Ringerikes Blad<\/p>\n<p>P\u00e5 scenen st\u00e5r tre fremragende vokalister: Morten Grotnes, Aulona Kj\u00f8rstad Krasniqi og Petter Aagaard. Sammen skaper de en sterk og engasjerende showopplevelse, st\u00f8ttet av et femmannsband som leverer et musikalsk uttrykk med b\u00e5de kraft og presisjon.<\/p>\n<p>\u2013 Vi er stolte av responsen Fosserock har f\u00e5tt s\u00e5 langt. Publikum har vist en enorm entusiasme, og vi ser fram til \u00e5 avslutte \u00e5rets sesong med fire nye forestillinger fylt av energi, spilleglede og musikalsk kvalitet, sier TBA Arrangementer, produsenten bak Fosserock.<\/p>\n<p>Det er forel\u00f8pig ledige billetter til alle forestillinger, s\u00e5 her er det bare \u00e5 kaste seg rundt og sikre seg en plass til H\u00f8nefoss\u2019 st\u00f8rste rockeshow.<\/p>\n<p>  <a href=\"https:\/\/www.ringblad.no\/5-45-2091898\" class=\"related-teaser has-image default-story-teaser article--c-eRUmMG article--c-eRUmMG-jKCPdD-design-default\" rel=\"nofollow noopener\" target=\"_blank\"><\/p>\n<p>    <img decoding=\"async\" loading=\"lazy\"  src=\"https:\/\/www.europesays.com\/no\/wp-content\/uploads\/2025\/10\/20250810-IMG_1092.jpeg\" alt=\"\" class=\"brick-c-cFOWSL\" style=\"\"\/><\/p>\n<p>\n            Les ogs\u00e5<\/p>\n<p>              R\u00e5 rock, rullende rytmer og rungende rop: \u2013 Det var helt r\u00e5tt!\n        <\/p>\n<p>  <\/a><\/p>\n","protected":false},"excerpt":{"rendered":"Fire forestillinger gjenst\u00e5r n\u00e5r Fosserock-gjengen overtar scenen p\u00e5 Gledeshuset, og mere lyd, mere lys og rock&#8217;n roll skal&hellip;\n","protected":false},"author":2,"featured_media":57121,"comment_status":"","ping_status":"","sticky":false,"template":"","format":"standard","meta":{"footnotes":""},"categories":[58],"tags":[36,71,8528,8529,683,30,28,29,1510,72],"class_list":{"0":"post-57120","1":"post","2":"type-post","3":"status-publish","4":"format-standard","5":"has-post-thumbnail","7":"category-underholdning","8":"tag-art","9":"tag-entertainment","10":"tag-fosserock","11":"tag-gledeshuset","12":"tag-innsendt","13":"tag-no","14":"tag-norge","15":"tag-norway","16":"tag-story","17":"tag-underholdning"},"share_on_mastodon":{"url":"","error":""},"_links":{"self":[{"href":"https:\/\/www.europesays.com\/no\/wp-json\/wp\/v2\/posts\/57120","targetHints":{"allow":["GET"]}}],"collection":[{"href":"https:\/\/www.europesays.com\/no\/wp-json\/wp\/v2\/posts"}],"about":[{"href":"https:\/\/www.europesays.com\/no\/wp-json\/wp\/v2\/types\/post"}],"author":[{"embeddable":true,"href":"https:\/\/www.europesays.com\/no\/wp-json\/wp\/v2\/users\/2"}],"replies":[{"embeddable":true,"href":"https:\/\/www.europesays.com\/no\/wp-json\/wp\/v2\/comments?post=57120"}],"version-history":[{"count":0,"href":"https:\/\/www.europesays.com\/no\/wp-json\/wp\/v2\/posts\/57120\/revisions"}],"wp:featuredmedia":[{"embeddable":true,"href":"https:\/\/www.europesays.com\/no\/wp-json\/wp\/v2\/media\/57121"}],"wp:attachment":[{"href":"https:\/\/www.europesays.com\/no\/wp-json\/wp\/v2\/media?parent=57120"}],"wp:term":[{"taxonomy":"category","embeddable":true,"href":"https:\/\/www.europesays.com\/no\/wp-json\/wp\/v2\/categories?post=57120"},{"taxonomy":"post_tag","embeddable":true,"href":"https:\/\/www.europesays.com\/no\/wp-json\/wp\/v2\/tags?post=57120"}],"curies":[{"name":"wp","href":"https:\/\/api.w.org\/{rel}","templated":true}]}}