{"id":57126,"date":"2025-10-10T08:50:08","date_gmt":"2025-10-10T08:50:08","guid":{"rendered":"https:\/\/www.europesays.com\/no\/57126\/"},"modified":"2025-10-10T08:50:08","modified_gmt":"2025-10-10T08:50:08","slug":"aron-donnum-om-storspill-i-toulouse-og-a-holde-seg-unna-rampelyset","status":"publish","type":"post","link":"https:\/\/www.europesays.com\/no\/57126\/","title":{"rendered":"Aron D\u00f8nnum om storspill i Toulouse og \u00e5 holde seg unna rampelyset"},"content":{"rendered":"\n<p class=\"_lead_1994c_2 _lead_xtcu6_50 layout-component text-serif-m layout-normal text-serif-l layout-component layout-wide layout-padded _wide_17hqh_1 layout-padded\">Aron D\u00f8nnum (27) liker seg aller best utenfor s\u00f8kelyset. Jo, du leste riktig. <\/p>\n<p><img alt=\"T\u00d8FF TRIO: Aron D\u00f8nnum stilte opp i en mote- og klokkereportasje med dav\u00e6rende lagkamerater i V\u00e5lerenga Amor Layouni og Vidar \u00d8rn Kjartansson.  Foto: Bj\u00f8rn S. Delebekk \/ VG\" class=\"_image_qp4xg_65 layout-component layout-wide\" data-fullscreen- data-track-element-type=\"Article image fullscreen\" data-track-name=\"ImageFullscreen\" fetchpriority=\"high\" decoding=\"sync\" loading=\"eager\" height=\"3712\" itemprop=\"image\"  src=\"https:\/\/www.europesays.com\/no\/wp-content\/uploads\/2025\/10\/f9aaa016-1052-4be7-a4ef-b8c2141a041c\"  style=\"object-position:0% 0%\" width=\"5568\"\/>T\u00d8FF TRIO: Aron D\u00f8nnum stilte opp i en mote- og klokkereportasje med dav\u00e6rende lagkamerater i V\u00e5lerenga Amor Layouni og Vidar \u00d8rn Kjartansson.  Foto: Bj\u00f8rn S. Delebekk \/ VGRapporterer fra Storo, Oslo  Oppdatert fredag 10. oktober kl. 10:30    <\/p>\n<ul class=\"_list_1994c_3 _list_64s2r_85 _unordered_1994c_105 text-sans-m\">\n<li class=\"_item_1994c_30\">Aron D\u00f8nnum trives med \u00e5 jobbe utenfor rampelyset etter flyttingen til franske Toulouse.<\/li>\n<li class=\"_item_1994c_30\">Den tidligere V\u00e5lerenga-profilen reflekterer over sine tidligere uttalelser og krumspring. <\/li>\n<li class=\"_item_1994c_30\">I Frankrike har D\u00f8nnum imponert og blitt en n\u00f8kkelspiller, anerkjent for sin rolle som vingback i Toulouse.<\/li>\n<\/ul>\n<p>Vis mer <\/p>\n<p class=\"_paragraph_1994c_4 _paragraph_xtcu6_10 layout-component text-serif-m layout-normal text-serif-m layout-padded\">Det kommer nok overraskende p\u00e5 for dem som husker kantspilleren fra sin tid i norsk fotball. <\/p>\n<p class=\"_paragraph_1994c_4 _paragraph_xtcu6_10 layout-component text-serif-m layout-normal text-serif-m layout-padded\">\u2013 Jeg liker det faktisk s\u00e5nn. Da jeg var i V\u00e5lerenga var jeg litt ung og dum. Jeg f\u00f8lte at jeg ikke alltid skj\u00f8nte hva jeg sa og gjorde, sier <a href=\"https:\/\/www.vg.no\/tag\/aron-doennum?utm_source=vg-article&amp;utm_medium=auto-tagger&amp;utm_campaign=vg4xjp\" class=\"_link_1994c_39\" rel=\"nofollow noopener\" target=\"_blank\">Aron D\u00f8nnum<\/a>. <\/p>\n<p class=\"_paragraph_1994c_4 _paragraph_xtcu6_10 layout-component text-serif-m layout-normal text-serif-m layout-padded\">VG har nettopp spurt hvorvidt han opplever at hans prestasjoner i Frankrike g\u00e5r under radaren. Noe den tidligere V\u00e5lerenga-profilen alts\u00e5 liker. <\/p>\n<p class=\"_paragraph_1994c_4 _paragraph_xtcu6_10 layout-component text-serif-m layout-normal text-serif-m layout-padded\">\u2013 Jeg trives med \u00e5 g\u00e5 under radaren og jobbe bak kulissene. De viktigste for meg ser jo det jeg gj\u00f8r, sier han.<\/p>\n<p><img alt=\"Foto: LIONEL BONAVENTURE \/ AFP \/ NTB\" class=\"_image_qp4xg_65 layout-component layout-normal\" data-fullscreen- data-track-element-type=\"Article image fullscreen\" data-track-name=\"ImageFullscreen\" decoding=\"async\" loading=\"lazy\" height=\"3209\" itemprop=\"image\"  src=\"https:\/\/www.europesays.com\/no\/wp-content\/uploads\/2025\/10\/c6855407-37a6-4c42-85dc-82f9fb431f00\"  style=\"object-position:0% 0%\" width=\"4813\"\/>Foto: LIONEL BONAVENTURE \/ AFP \/ NTB<\/p>\n<p class=\"_paragraph_1994c_4 _paragraph_xtcu6_10 layout-component text-serif-m layout-normal text-serif-m layout-padded\">\u2013 Jeg var kanskje ikke s\u00e5 reflektert p\u00e5 den tiden. Som gjorde at jeg ikke tenkte s\u00e5 mye over at \u00abhvis jeg sier det eller det, s\u00e5 smeller det eller s\u00e5 f\u00e5r jeg mer press p\u00e5 meg selv\u00bb. S\u00e5 likte jeg det. Men det var en blanding av umodenhet og det ikke \u00e5 v\u00e6re s\u00e5 vant til \u00e5 v\u00e6re i media, sier Eidsvoll-gutten. <\/p>\n<p class=\"_paragraph_1994c_4 _paragraph_xtcu6_10 layout-component text-serif-m layout-normal text-serif-m layout-padded\">Det er fire \u00e5r siden D\u00f8nnum forlot Oslo og Norge til fordel for belgisk fotball. Den gang kjent i eliteserien som en frittalende profil som skapte overskrifter med b\u00e5de munn og fremtoning. <\/p>\n<p class=\"_paragraph_1994c_4 _paragraph_xtcu6_10 layout-component text-serif-m layout-normal text-serif-m layout-padded\">Siden den gang har han reist videre til franske Toulouse og etter hvert blitt en n\u00f8kkelspiller for laget som ligger p\u00e5 niendeplass i Ligue 1Ligue 1\u00d8verste niv\u00e5 i fransk fotball. <\/p>\n<p class=\"_paragraph_1994c_4 _paragraph_xtcu6_10 layout-component text-serif-m layout-normal text-serif-m layout-padded\">Han har v\u00e6rt i alle landslagstropper siden november 2023. Da ble han ikke tatt ut i den opprinnelige troppen, men ble etterinnkalt p\u00e5 grunn av forfall. <\/p>\n<p class=\"_paragraph_1994c_4 _paragraph_xtcu6_10 layout-component text-serif-m layout-normal text-serif-m layout-padded\">I Frankrike har han g\u00e5tt mer under radaren og holdt seg unna uttalelser om <a href=\"https:\/\/www.fotball.no\/lov-og-reglement\/beslutninger-fra-utvalg\/2020\/karantene-for-donnum\/\" class=\"_link_1994c_39\" rel=\"nofollow noopener\" target=\"_blank\">dommere<\/a>, <a href=\"https:\/\/www.vg.no\/sport\/i\/177aBK\/bakke-slaar-tilbake-mot-doennum-smaalig\" data-track-element-type=\"Link\" data-track-id=\"link:177aBK\" class=\"_link_1994c_39\" rel=\"nofollow noopener\" target=\"_blank\">motspillere<\/a> og &#8211; ikke minst &#8211; <a href=\"https:\/\/www.vg.no\/sport\/i\/bnAa1k\/det-er-litt-svakhet-i-olsenbanden-det-er-det-ikke-hos-oss\" data-track-element-type=\"Link\" data-track-id=\"link:bnAa1k\" class=\"_link_1994c_39\" rel=\"nofollow noopener\" target=\"_blank\">egne klokker og stil<\/a>. <\/p>\n<p class=\"_paragraph_1994c_4 _paragraph_xtcu6_10 layout-component text-serif-m layout-normal text-serif-m layout-padded\">\u2013 Du hadde ikke stilt opp i L\u2019EquipeL\u2019EquipeFransk sportsavis for \u00e5 snakke om Rolex?<\/p>\n<p class=\"_paragraph_1994c_4 _paragraph_xtcu6_10 layout-component text-serif-m layout-normal text-serif-m layout-padded\">\u2013 Nei, ikke sant. Det gj\u00f8r jeg ikke. Jeg pr\u00f8ver fortsatt \u00e5 ha den lekenheten og by litt p\u00e5 meg selv p\u00e5 andre m\u00e5ter. Men jeg trenger ikke \u00e5 snakke h\u00f8yest og si ting h\u00f8yest alle ganger lenger, sier <\/p>\n<p class=\"_paragraph_1994c_4 _paragraph_xtcu6_10 layout-component text-serif-m layout-normal text-serif-m layout-padded\">\u2013 Ble det for mye fokus p\u00e5 deg slik du ser tilbake p\u00e5 det? <\/p>\n<p class=\"_paragraph_1994c_4 _paragraph_xtcu6_10 layout-component text-serif-m layout-normal text-serif-m layout-padded\">\u2013 Nei, det hjalp meg litt og. Det var jo litt kult. Jeg tror det ble en elsk og hat-greie hos det norske folk som h\u00f8rer med i fotball. Sett fra utsiden er det veldig lite av det n\u00e5. Jeg tror folk satte litt pris p\u00e5 det, sier D\u00f8nnum.<\/p>\n<p class=\"_paragraph_1994c_4 _paragraph_xtcu6_10 layout-component text-serif-m layout-normal text-serif-m layout-padded\">Han synes det er \u00ablitt synd\u00bb at ikke flere v\u00e5ger \u00e5 stikke seg ut i norsk fotball. <\/p>\n<p class=\"_paragraph_1994c_4 _paragraph_xtcu6_10 layout-component text-serif-m layout-normal text-serif-m layout-padded\">\u2013 Jeg vet at det er veldig mange som skulle \u00f8snke de kunne sagt litt mer, farget h\u00e5ret og s\u00e5nt. Som ikke gj\u00f8r det for de vet at det blir dobbelt opp p\u00e5 den personen hvis de ikke presterer eller taper en kamp, sier D\u00f8nnum, som mener det b\u00f8r v\u00e6re opp til hver enkelt hvor frittalende de b\u00f8r v\u00e6re. <\/p>\n<p class=\"_paragraph_1994c_4 _paragraph_xtcu6_10 layout-component text-serif-m layout-normal text-serif-m layout-padded\">N\u00e5 er det stort sett beina som prater i fotballsammenheng for Aron D\u00f8nnum. Denne sesongen har han spilt alt som er av minutter for Toulouse. I Frankrike har de latt seg imponere. <\/p>\n<p class=\"_paragraph_1994c_4 _paragraph_xtcu6_10 layout-component text-serif-m layout-normal text-serif-m layout-padded\">\u2013 Det er ingen overdrivelse \u00e5 si at han n\u00e5 er en av de sikreste kortene i Ligue 1. Kanskje til og med litt undervurdert. I garderoben har Aron blitt en av lederfigurene, forteller journalist Th\u00e9o Faug\u00e9re, som skrives for Toulouse-avisen La Depeche. <\/p>\n<p><img alt=\"\" class=\"_image_qp4xg_65 layout-component layout-normal\" data-fullscreen- data-track-element-type=\"Article image fullscreen\" data-track-name=\"ImageFullscreen\" decoding=\"async\" loading=\"lazy\" height=\"2560\" itemprop=\"image\"  src=\"https:\/\/www.europesays.com\/no\/wp-content\/uploads\/2025\/10\/9b68298f-ef07-44f0-9c19-e8391c7b57b2\"  style=\"object-position:0% 0%\" width=\"2048\"\/><\/p>\n<p class=\"_paragraph_1994c_4 _paragraph_xtcu6_10 layout-component text-serif-m layout-normal text-serif-m layout-padded\">Grafikk: <a href=\"https:\/\/www.sofascore.com\/football\/player\/aron-donnum\/863133#tab:career?utm_source=vg.no&amp;utm_medium=FootballPlayerCard\" class=\"_link_1994c_39\" rel=\"nofollow noopener\" target=\"_blank\">Sofacore.com<\/a> <\/p>\n<p class=\"_paragraph_1994c_4 _paragraph_xtcu6_10 layout-component text-serif-m layout-normal text-serif-m layout-padded\">\u2013 Han har utvilsomt tatt store steg siden han kom til Toulouse. Forrige sesong var han en av de tre spillerne trener Carles Martinez Novell brukte aller mest. Han opererer hovedsakelig som vingback p\u00e5 h\u00f8yresiden i klubbens 3-4-3-system, og denne posisjonsendringen er trolig en av \u00e5rsakene til de gode prestasjonene hans, fortsetter Faug\u00e9re. <\/p>\n<p class=\"_paragraph_1994c_4 _paragraph_xtcu6_10 layout-component text-serif-m layout-normal text-serif-m layout-padded\">Selv sier D\u00f8nnum at han trives veldig godt. Han kan bli en sentral spiller n\u00e5r Norge m\u00f8ter Israel l\u00f8rdag kveld. Martin \u00d8degaard er ute med skade, noe som betyr at landslagssjefen m\u00e5 tenke nytt n\u00e5r det kommer til komponering av midtbanen. <\/p>\n","protected":false},"excerpt":{"rendered":"Aron D\u00f8nnum (27) liker seg aller best utenfor s\u00f8kelyset. Jo, du leste riktig. T\u00d8FF TRIO: Aron D\u00f8nnum stilte&hellip;\n","protected":false},"author":2,"featured_media":57127,"comment_status":"","ping_status":"","sticky":false,"template":"","format":"standard","meta":{"footnotes":""},"categories":[59],"tags":[4949,3163,30,28,29,83,82],"class_list":{"0":"post-57126","1":"post","2":"type-post","3":"status-publish","4":"format-standard","5":"has-post-thumbnail","7":"category-sport","8":"tag-aron-donnum","9":"tag-herrelandslaget-fotball","10":"tag-no","11":"tag-norge","12":"tag-norway","13":"tag-sport","14":"tag-sports"},"share_on_mastodon":{"url":"","error":""},"_links":{"self":[{"href":"https:\/\/www.europesays.com\/no\/wp-json\/wp\/v2\/posts\/57126","targetHints":{"allow":["GET"]}}],"collection":[{"href":"https:\/\/www.europesays.com\/no\/wp-json\/wp\/v2\/posts"}],"about":[{"href":"https:\/\/www.europesays.com\/no\/wp-json\/wp\/v2\/types\/post"}],"author":[{"embeddable":true,"href":"https:\/\/www.europesays.com\/no\/wp-json\/wp\/v2\/users\/2"}],"replies":[{"embeddable":true,"href":"https:\/\/www.europesays.com\/no\/wp-json\/wp\/v2\/comments?post=57126"}],"version-history":[{"count":0,"href":"https:\/\/www.europesays.com\/no\/wp-json\/wp\/v2\/posts\/57126\/revisions"}],"wp:featuredmedia":[{"embeddable":true,"href":"https:\/\/www.europesays.com\/no\/wp-json\/wp\/v2\/media\/57127"}],"wp:attachment":[{"href":"https:\/\/www.europesays.com\/no\/wp-json\/wp\/v2\/media?parent=57126"}],"wp:term":[{"taxonomy":"category","embeddable":true,"href":"https:\/\/www.europesays.com\/no\/wp-json\/wp\/v2\/categories?post=57126"},{"taxonomy":"post_tag","embeddable":true,"href":"https:\/\/www.europesays.com\/no\/wp-json\/wp\/v2\/tags?post=57126"}],"curies":[{"name":"wp","href":"https:\/\/api.w.org\/{rel}","templated":true}]}}