{"id":57194,"date":"2025-10-10T10:11:09","date_gmt":"2025-10-10T10:11:09","guid":{"rendered":"https:\/\/www.europesays.com\/no\/57194\/"},"modified":"2025-10-10T10:11:09","modified_gmt":"2025-10-10T10:11:09","slug":"to-domt-etter-drap-pa-svensk-rapartist","status":"publish","type":"post","link":"https:\/\/www.europesays.com\/no\/57194\/","title":{"rendered":"To d\u00f8mt etter drap p\u00e5 svensk rapartist"},"content":{"rendered":"\n<p class=\"_lead_o9xde_2 _lead_xtcu6_50 layout-component text-serif-m layout-normal text-serif-l layout-component layout-wide layout-padded _wide_17hqh_1 layout-padded\">To menn er igjen d\u00f8mt for medvirkning til drapet p\u00e5 den svenske rapartisten C Gambino i G\u00f6teborg i fjor.<\/p>\n<p><img alt=\" Foto: Pontus Lundahl\/TT \/ NTB\" class=\"_image_qp4xg_65 layout-component layout-wide\" data-fullscreen- data-track-element-type=\"Article image fullscreen\" data-track-name=\"ImageFullscreen\" fetchpriority=\"high\" decoding=\"sync\" loading=\"eager\" height=\"1280\" itemprop=\"image\"  src=\"https:\/\/www.europesays.com\/no\/wp-content\/uploads\/2025\/10\/9d23226c-7a34-4d46-bdd7-f24b1c0fbdf9\"  style=\"object-position:53.56770833333333% 47.3828125%\" width=\"1920\"\/> Foto: Pontus Lundahl\/TT \/ NTB<\/p>\n<ul aria-hidden=\"true\" class=\"_images_1y6fe_106\">\n<li><a class=\"_link_1y6fe_111\" href=\"https:\/\/www.vg.no\/forfatter\/hannah-solstad-klepp\" style=\"z-index:2\" title=\"Hannah Solstad Klepp\" rel=\"nofollow noopener\" target=\"_blank\"><img alt=\"Bilde av Hannah Solstad Klepp\" class=\"_image_1y6fe_88\" fetchpriority=\"low\" loading=\"lazy\" decoding=\"async\" itemprop=\"image\"  src=\"https:\/\/www.europesays.com\/no\/wp-content\/uploads\/2025\/10\/1760091068_36_f811f9c1-64f7-4c50-9133-b5735831a650\"  width=\"480\"\/><\/a><\/li>\n<li><a class=\"_link_1y6fe_111\" href=\"https:\/\/www.vg.no\/forfatter\/ntb\" style=\"z-index:1\" title=\"NTB\" rel=\"nofollow noopener\" target=\"_blank\"><img alt=\"Bilde av NTB\" class=\"_image_1y6fe_88\" fetchpriority=\"low\" loading=\"lazy\" decoding=\"async\" itemprop=\"image\"  src=\"https:\/\/www.europesays.com\/no\/wp-content\/uploads\/2025\/10\/1760091068_506_c33980b0-5d07-4027-84a1-813f90a7c8d6\"  width=\"480\"\/><\/a><\/li>\n<\/ul>\n<p> Oppdatert fredag 10. oktober kl. 11:32     <\/p>\n<p class=\"_paragraph_o9xde_4 _paragraph_xtcu6_10 layout-component text-serif-m layout-normal text-serif-m layout-padded\">De to er tidligere d\u00f8mt i tingretten, men saken ble anket og fredag kom hovretten \u2013 eller lagmannsretten \u2013 med sin konklusjon.<\/p>\n<p class=\"_paragraph_o9xde_4 _paragraph_xtcu6_10 layout-component text-serif-m layout-normal text-serif-m layout-padded\">En 22-\u00e5ring er d\u00f8mt til livsvarig fengsel, slik han ogs\u00e5 ble i tingretten. En annen mann f\u00e5r straffen skjerpet til 16 \u00e5rs fengsel.<\/p>\n<p class=\"_paragraph_o9xde_4 _paragraph_xtcu6_10 layout-component text-serif-m layout-normal text-serif-m layout-padded\">Sistnevnte ble f\u00f8rst d\u00f8mt i tingretten til 15 \u00e5r og seks m\u00e5neder.<\/p>\n<p class=\"_paragraph_o9xde_4 _paragraph_xtcu6_10 layout-component text-serif-m layout-normal text-serif-m layout-padded\">If\u00f8lge <a href=\"https:\/\/www.aftonbladet.se\/nyheter\/a\/KMOGwG\/ny-dom-for-mordet-pa-artisten-c-gambino\" class=\"_link_o9xde_39\" rel=\"nofollow noopener\" target=\"_blank\">Aftonbladet<\/a> skal en tredje medhjelper f\u00f8rst ha blitt d\u00f8mt til 12 \u00e5r og seks m\u00e5neder, men denne personen frifinnes n\u00e5 helt.<\/p>\n<p class=\"_paragraph_o9xde_4 _paragraph_xtcu6_10 layout-component text-serif-m layout-normal text-serif-m layout-padded\">\u2013 Lagmannsretten har, i motsetning til tingretten, vurdert at det ikke er bevist at han var involvert i drapet p\u00e5 den m\u00e5ten aktoratet har hevdet, skriver retten i en pressemelding if\u00f8lge Aftonbladet.<\/p>\n<p><img alt=\"Foto: Bjorn Larsson Rosvall\/TT \/ Reuters \/ NTB\" class=\"_image_qp4xg_65 layout-component layout-normal\" data-fullscreen- data-track-element-type=\"Article image fullscreen\" data-track-name=\"ImageFullscreen\" decoding=\"async\" loading=\"lazy\" height=\"4000\" itemprop=\"image\"  src=\"https:\/\/www.europesays.com\/no\/wp-content\/uploads\/2025\/10\/1d4a5c52-5d20-44db-a008-d37f7526edc6\"  style=\"object-position:0% 0%\" width=\"6000\"\/>Foto: Bjorn Larsson Rosvall\/TT \/ Reuters \/ NTB<\/p>\n<p class=\"_paragraph_o9xde_4 _paragraph_xtcu6_10 layout-component text-serif-m layout-normal text-serif-m layout-padded\">C. Gambino er kjent for \u00e5 opptre med maske og holde seg anonym. Han ble skutt og drept i et parkeringshus p\u00e5 Hisingen i G\u00f6teborg i juni 2024. <\/p>\n<p class=\"_paragraph_o9xde_4 _paragraph_xtcu6_10 layout-component text-serif-m layout-normal text-serif-m layout-padded\">Politiet har knyttet drapet til en langvarig konflikt mellom gjenger i Biskopsg\u00e5rden-omr\u00e5det nord for G\u00f6teborg.<\/p>\n<p>Les ogs\u00e5<\/p>\n","protected":false},"excerpt":{"rendered":"To menn er igjen d\u00f8mt for medvirkning til drapet p\u00e5 den svenske rapartisten C Gambino i G\u00f6teborg i&hellip;\n","protected":false},"author":2,"featured_media":57195,"comment_status":"","ping_status":"","sticky":false,"template":"","format":"standard","meta":{"footnotes":""},"categories":[12],"tags":[20,21,24,25,15,148,22,23,13,30,28,29,14,16,1359,26,27,42,43,44,45],"class_list":{"0":"post-57194","1":"post","2":"type-post","3":"status-publish","4":"format-standard","5":"has-post-thumbnail","7":"category-verden","8":"tag-breaking-news","9":"tag-breakingnews","10":"tag-featured-news","11":"tag-featurednews","12":"tag-headlines","13":"tag-kriminalitet","14":"tag-latest-news","15":"tag-latestnews","16":"tag-news","17":"tag-no","18":"tag-norge","19":"tag-norway","20":"tag-nyheter","21":"tag-overskrifter","22":"tag-sverige","23":"tag-top-stories","24":"tag-topstories","25":"tag-verden","26":"tag-world","27":"tag-world-news","28":"tag-worldnews"},"share_on_mastodon":{"url":"","error":""},"_links":{"self":[{"href":"https:\/\/www.europesays.com\/no\/wp-json\/wp\/v2\/posts\/57194","targetHints":{"allow":["GET"]}}],"collection":[{"href":"https:\/\/www.europesays.com\/no\/wp-json\/wp\/v2\/posts"}],"about":[{"href":"https:\/\/www.europesays.com\/no\/wp-json\/wp\/v2\/types\/post"}],"author":[{"embeddable":true,"href":"https:\/\/www.europesays.com\/no\/wp-json\/wp\/v2\/users\/2"}],"replies":[{"embeddable":true,"href":"https:\/\/www.europesays.com\/no\/wp-json\/wp\/v2\/comments?post=57194"}],"version-history":[{"count":0,"href":"https:\/\/www.europesays.com\/no\/wp-json\/wp\/v2\/posts\/57194\/revisions"}],"wp:featuredmedia":[{"embeddable":true,"href":"https:\/\/www.europesays.com\/no\/wp-json\/wp\/v2\/media\/57195"}],"wp:attachment":[{"href":"https:\/\/www.europesays.com\/no\/wp-json\/wp\/v2\/media?parent=57194"}],"wp:term":[{"taxonomy":"category","embeddable":true,"href":"https:\/\/www.europesays.com\/no\/wp-json\/wp\/v2\/categories?post=57194"},{"taxonomy":"post_tag","embeddable":true,"href":"https:\/\/www.europesays.com\/no\/wp-json\/wp\/v2\/tags?post=57194"}],"curies":[{"name":"wp","href":"https:\/\/api.w.org\/{rel}","templated":true}]}}