{"id":57198,"date":"2025-10-10T10:18:07","date_gmt":"2025-10-10T10:18:07","guid":{"rendered":"https:\/\/www.europesays.com\/no\/57198\/"},"modified":"2025-10-10T10:18:07","modified_gmt":"2025-10-10T10:18:07","slug":"haper-alle-fem-lander-i-norge-lordag-nrk-buskerud-lokale-nyheter-tv-og-radio","status":"publish","type":"post","link":"https:\/\/www.europesays.com\/no\/57198\/","title":{"rendered":"\u2013\u00a0H\u00e5per alle fem lander i Norge l\u00f8rdag \u2013 NRK Buskerud \u2013 Lokale nyheter, TV og radio"},"content":{"rendered":"<p>Endelig kan Anne Grethe Myhr og resten av familien til Vigdis Bjorvand puste lettet ut. Det er n\u00e5 g\u00e5tt nesten to d\u00f8gn siden noen h\u00f8rte fra den 70 \u00e5r gamle menneskerettighetsaktivisten.<\/p>\n<p>\u2013 B\u00e5de den norske ambassaden i Israel, og Gaza Freedom Flotilla, har bekreftet at de flyr til Istanbul klokken 11 i dag, f\u00f8r de mest sannsynlig reiser videre til Norge l\u00f8rdag, forteller en tydelig preget Anne Grethe Myhr, som er s\u00f8steren til Bjorvand.<\/p>\n<p>NRK har v\u00e6rt i kontakt med UD, som fredag ikke vil bekrefte at aktivistene er sluppet fri og p\u00e5 vei ut av Israel.<\/p>\n<p>\u2013 Lander i Norge l\u00f8rdag<\/p>\n<p>Bjorvand, og resten av besetningen p\u00e5 skipet \u00ab<a href=\"https:\/\/www.marinetraffic.com\/en\/ais\/details\/ships\/shipid:1037119\/mmsi:550071155\/imo:7211440\/vessel:CONSCIENCE\" ec-id=\"https:\/\/www.marinetraffic.com\/en\/ais\/details\/ships\/shipid:1037119\/mmsi:550071155\/imo:7211440\/vessel:CONSCIENCE\" ec-name=\"Conscience\" rel=\"nofollow noopener\" target=\"_blank\">Conscience<\/a>\u00bb, var p\u00e5 vei mot Gaza med blant annet medisinsk n\u00f8dhjelp i et fors\u00f8k p\u00e5 \u00e5 bryte den israelske blokaden. Klokken halv fem onsdag morgen ble de, if\u00f8lge <a href=\"https:\/\/freedomflotilla.org\/2025\/10\/08\/iof-attacks\/\" ec-id=\"https:\/\/freedomflotilla.org\/2025\/10\/08\/iof-attacks\/\" ec-name=\"Gaza Freedom Flotilla\" rel=\"nofollow noopener\" target=\"_blank\">Gaza Freedom Flotilla<\/a>, bordet av israelske styrker, anholdt og skal senere ha blitt fraktet til <a href=\"https:\/\/freedomflotilla.org\/2025\/10\/09\/lawyers-confirm-israel-sends-abducted-flotilla-volunteers-to-ketziot-prison\/\" ec-id=\"https:\/\/freedomflotilla.org\/2025\/10\/09\/lawyers-confirm-israel-sends-abducted-flotilla-volunteers-to-ketziot-prison\/\" ec-name=\"Ktzi&#039;ot-fengselet\" rel=\"nofollow noopener\" target=\"_blank\">Ktzi&#8217;ot-fengselet<\/a>.<\/p>\n<p><img decoding=\"async\"   src=\"data:image\/gif;base64,R0lGODlhAQABAIAAAAAAAP\/\/\/yH5BAEAAAAALAAAAAABAAEAAAIBRAA7\" loading=\"eager\" alt=\"En gruppe mennesker i oransje kapper\" title=\"Foto: IHH \/ Reuters \/ NTB\"\/><\/p>\n<p class=\"\">Besetningen p\u00e5 Conscience, etter at israelske styrker bordet skipet natt til onsdag. <\/p>\n<p>Foto: IHH \/ Reuters \/ NTB<\/p>\n<p>Siden da har ingen h\u00f8rt fra hverken Bjorvand eller hennes norske reisepartner <a href=\"https:\/\/www.adressa.no\/nyheter\/trondheim\/i\/5EPWnb\/hvis-du-ser-denne-videoen-har-vi-blitt-angrepet-og-kidnappet\" ec-id=\"https:\/\/www.adressa.no\/nyheter\/trondheim\/i\/5EPWnb\/hvis-du-ser-denne-videoen-har-vi-blitt-angrepet-og-kidnappet\" ec-name=\"Hannibal Ruud Peima.\" rel=\"nofollow noopener\" target=\"_blank\">Hannibal Ruud Peima.<\/a><\/p>\n<p>Flere nordmenn p\u00e5 vei hjem<\/p>\n<p>I tillegg til Bjorvand og Ruud Peima, har tre andre norske statsborgere <a href=\"https:\/\/www.nrk.no\/nyheter\/tre-nordmenn-fortsatt-i-israelsk-fengsel-1.17602946\" ec-id=\"pp:1.17602946\" ec-name=\"sittet anholdt av Israel i over en uke\" rel=\"nofollow noopener\" target=\"_blank\">sittet anholdt av Israel i over en uke<\/a>. Ogs\u00e5 disse skal reise hjem p\u00e5 det samme flyet, if\u00f8lge Torstein Dahle i Ship to Gaza Norway.<\/p>\n<p><img decoding=\"async\"   src=\"data:image\/gif;base64,R0lGODlhAQABAIAAAAAAAP\/\/\/yH5BAEAAAAALAAAAAABAAEAAAIBRAA7\" loading=\"eager\" alt=\"Torstein Dahle\" title=\"Foto: Gerd Johanne Braadland \/ NRK\"\/><\/p>\n<p class=\"\">Torstein Dahle er leder Ship to Gaza Norway, en del av den internasjonale Freedom Flotilla Coalition. <\/p>\n<p>Foto: Gerd Johanne Braadland \/ NRK<\/p>\n<p>\u2013 Det er chartret et fly fra Eilat, som tar fangene til Istanbul der de lander 14.30 fredag, norsk tid. S\u00e5 m\u00e5 vi i Ship to Gaza, sammen med v\u00e5re partnere i Istanbul, planlegge reisen derfra til Norge. Men vi h\u00e5per at alle fem lander i Norge l\u00f8rdag, forteller Dahle.<\/p>\n<p>Sittet fengslet en uke<\/p>\n<p>Mandag ble <a href=\"https:\/\/www.nrk.no\/urix\/israelsk-ud_-nordmenn-fra-nodhjelpskonvoi-utvist-mandag-1.17600101\" ec-id=\"pp:1.17600101\" ec-name=\"171 aktivister sluppet fri\" rel=\"nofollow noopener\" target=\"_blank\">171 aktivister sluppet fri<\/a>, men tre av de norske aktivistene som n\u00e5 reiser hjem var ikke en del av disse. Eline Fr\u00f8ysa Norli (25) har sittet anholdt i over en uke.<\/p>\n<p><strong>\u2013 Det var veldig nedtur da v\u00e5re ikke ble med, sier Trude Fr\u00f8ysa Norli.<\/strong><\/p>\n<p>Hun vet ikke hvorfor Eline ikke var en av de som ble sendt hjem tidligere denne uka.<\/p>\n<p><img decoding=\"async\"   src=\"data:image\/gif;base64,R0lGODlhAQABAIAAAAAAAP\/\/\/yH5BAEAAAAALAAAAAABAAEAAAIBRAA7\" loading=\"eager\" alt=\"en person som har p\u00e5 seg en svart jakke\" title=\"Foto: Matilde M\u00f8rk \/ NRK\"\/><\/p>\n<p class=\"\">Trude Fr\u00f8ysa Norli ble skuffet da datteren Eline ikke var blant de 171 som slapp fri mandag. <\/p>\n<p>Foto: Matilde M\u00f8rk \/ NRK<\/p>\n<p>\u2013 Det er ganske heftig \u00e5 st\u00e5 i dette, sier Trude Fr\u00f8ysa Norli som forklarer at hun jevnlig ringer til Utenriksdepartementet.<\/p>\n<p>Hun er med i p\u00e5r\u00f8rendegruppe og sier at det hjelper at de er flere i samme i situasjon.<\/p>\n<p><strong>\u2013 Men det begynner \u00e5 g\u00e5 litt p\u00e5 stumpene l\u00f8s. Det blir d\u00e5rlig nattes\u00f8vn, mye bekymringer selvf\u00f8lgelig.<\/strong><\/p>\n<p>Skj\u00f8nte at de kom til \u00e5 bli arrestert<\/p>\n<p>Da Eline sa hun skulle dra p\u00e5 denne reisen, sto ikke jubelen i taket hjemme.<\/p>\n<p>\u2013 Jeg sa at jeg godt kunne tenkte meg at hun ikke gjorde det, men beskjeden var klar og tydelig: dette skulle hun gj\u00f8re, sier Fr\u00f8ysa Norli og fortsetter:<\/p>\n<p>\u2013 Hun orket ikke \u00e5 se p\u00e5 alt som skjedde i Gaza uten \u00e5 gj\u00f8re noen ting som helst. Da var det s\u00e5nn: det er veldig greit Eline. Du har 110 prosent st\u00f8tte og v\u00e5r fulle respekt.<\/p>\n<p>Den siste tiden har ikke Trude hatt noe kontakt med Eline, uten om en hilsen hun fikk etter et m\u00f8te mandag denne uka.<\/p>\n<p>Bestemte seg i siste liten<\/p>\n<p>N\u00e5 er alts\u00e5 b\u00e5de Elina Fr\u00f8ysa Norli, Vigdis Bjorvand og tre andre nordmenn p\u00e5 vei hjem fra Israel. For Bjorvand sin del er det ikke f\u00f8rste gang hun blir slippet fri fra Israel. I juli satt hun fire dager i fengsel, ogs\u00e5 da etter \u00e5 ha fors\u00f8kt \u00e5 bryte n\u00f8dhjelpsblokaden.<\/p>\n<p><strong>\u2013 Med en gang hun kom hjem, sa hun at hun ville reise igjen. Men etter hvert ombestemte hun seg, forteller s\u00f8ster Anne Grethe Myhr.<\/strong><\/p>\n<p>Men da hun ble invitert til \u00e5 bli med p\u00e5 forberedelsene mot den neste konvoien, valgte hun \u00e5 bidra. Vigdis reiste til Korsika og bidro der, f\u00f8r hun etter en uke ble med videre til Italia.<\/p>\n<p><img decoding=\"async\"   src=\"data:image\/gif;base64,R0lGODlhAQABAIAAAAAAAP\/\/\/yH5BAEAAAAALAAAAAABAAEAAAIBRAA7\" loading=\"eager\" alt=\"Vigdis Bjorvand sin s\u00f8ster, Anne Grethe Myhr og niese Nina Myhr klemmer hverandre \" title=\"Foto: Balsharan Pal Kaur \/ NRK\"\/><\/p>\n<p class=\"\">Det er ikke f\u00f8rste gang Anne Grethe Myhr og resten av familien levde i usikkerhet. I juli ble Vigdis anholdt av israelske styrker f\u00f8rste gang. <\/p>\n<p>Foto: Balsharan Pal Kaur \/ NRK<\/p>\n<p>\u2013 Det er klart at n\u00e5r du holder p\u00e5 med organisering og planlegging, og alle sammen skal reise, s\u00e5 bestemte hun seg plutselig for at ja, hun skulle reise, forteller Myhr.<\/p>\n<p>Publisert<\/p>\n<p>10.10.2025, kl. 11.14<\/p>\n","protected":false},"excerpt":{"rendered":"Endelig kan Anne Grethe Myhr og resten av familien til Vigdis Bjorvand puste lettet ut. Det er n\u00e5&hellip;\n","protected":false},"author":2,"featured_media":57199,"comment_status":"","ping_status":"","sticky":false,"template":"","format":"standard","meta":{"footnotes":""},"categories":[12],"tags":[20,21,24,25,15,22,23,13,30,28,29,14,16,26,27,42,43,44,45],"class_list":{"0":"post-57198","1":"post","2":"type-post","3":"status-publish","4":"format-standard","5":"has-post-thumbnail","7":"category-verden","8":"tag-breaking-news","9":"tag-breakingnews","10":"tag-featured-news","11":"tag-featurednews","12":"tag-headlines","13":"tag-latest-news","14":"tag-latestnews","15":"tag-news","16":"tag-no","17":"tag-norge","18":"tag-norway","19":"tag-nyheter","20":"tag-overskrifter","21":"tag-top-stories","22":"tag-topstories","23":"tag-verden","24":"tag-world","25":"tag-world-news","26":"tag-worldnews"},"share_on_mastodon":{"url":"","error":""},"_links":{"self":[{"href":"https:\/\/www.europesays.com\/no\/wp-json\/wp\/v2\/posts\/57198","targetHints":{"allow":["GET"]}}],"collection":[{"href":"https:\/\/www.europesays.com\/no\/wp-json\/wp\/v2\/posts"}],"about":[{"href":"https:\/\/www.europesays.com\/no\/wp-json\/wp\/v2\/types\/post"}],"author":[{"embeddable":true,"href":"https:\/\/www.europesays.com\/no\/wp-json\/wp\/v2\/users\/2"}],"replies":[{"embeddable":true,"href":"https:\/\/www.europesays.com\/no\/wp-json\/wp\/v2\/comments?post=57198"}],"version-history":[{"count":0,"href":"https:\/\/www.europesays.com\/no\/wp-json\/wp\/v2\/posts\/57198\/revisions"}],"wp:featuredmedia":[{"embeddable":true,"href":"https:\/\/www.europesays.com\/no\/wp-json\/wp\/v2\/media\/57199"}],"wp:attachment":[{"href":"https:\/\/www.europesays.com\/no\/wp-json\/wp\/v2\/media?parent=57198"}],"wp:term":[{"taxonomy":"category","embeddable":true,"href":"https:\/\/www.europesays.com\/no\/wp-json\/wp\/v2\/categories?post=57198"},{"taxonomy":"post_tag","embeddable":true,"href":"https:\/\/www.europesays.com\/no\/wp-json\/wp\/v2\/tags?post=57198"}],"curies":[{"name":"wp","href":"https:\/\/api.w.org\/{rel}","templated":true}]}}