{"id":57246,"date":"2025-10-10T11:23:15","date_gmt":"2025-10-10T11:23:15","guid":{"rendered":"https:\/\/www.europesays.com\/no\/57246\/"},"modified":"2025-10-10T11:23:15","modified_gmt":"2025-10-10T11:23:15","slug":"gladnyhet-til-alle-med-studielan","status":"publish","type":"post","link":"https:\/\/www.europesays.com\/no\/57246\/","title":{"rendered":"Gladnyhet til alle med studiel\u00e5n"},"content":{"rendered":"<p class=\"kicker text-red color_mobile_text-red\" style=\"\">L\u00e5nekassen:\u00a0<\/p>\n<p>  Fra 1. november setter L\u00e5nekassen ned to av tre fastrentesatser p\u00e5 studiel\u00e5n. Den flytende renten settes ogs\u00e5 ned.<\/p>\n<p>\n    L\u00e5nekassen nye lokaler og logo i Fyrstikkalleen 1. Foto: Terje Bendiksby \/ NTB\n  <\/p>\n<p>Fra 1. november vil fastrentene p\u00e5 studiel\u00e5n v\u00e6re: 4,659 prosent for tre \u00e5rs bindingstid (ned 0,058 prosentpoeng), 4,650 prosent for fem \u00e5rs bindingstid (ned 0,057 prosentpoeng) og den flytende renten 4,841 prosent (ned 0,163).<\/p>\n<p>Rentene i L\u00e5nekassen er basert p\u00e5 gjennomsnittet av de fem beste tilbudene om boligl\u00e5n i markedet, minus et fratrekk p\u00e5 0,15 prosent.<\/p>\n<p>    <a itemprop=\"url\" href=\"https:\/\/sol.no\/nyheter\/ssb-med-rente-beskjed-til-nordmenn\/83598244\" rel=\"nofollow noopener\" target=\"_blank\"><\/p>\n<p>      <img loading=\"lazy\" decoding=\"async\" src=\"https:\/\/www.europesays.com\/no\/wp-content\/uploads\/2025\/10\/83598250.webp\" width=\"980\" height=\"441\" title=\"SSB med rente-beskjed til nordmenn\" alt=\"\" class=\"lazyload\" style=\"--aspect-ratio-image: 2.22; \"\/><\/p>\n<p>        SSB med rente-beskjed til nordmenn<\/p>\n<p>sol.no<\/p>\n<p>    <\/a><\/p>\n<p>L\u00e5nekassens kunder har n\u00e5 mulighet til \u00e5 s\u00f8ke om fast rente p\u00e5 studiel\u00e5net. Perioden 10. til 17. oktober er \u00e5rets femte av i alt seks muligheter til \u00e5 s\u00f8ke om fast rente.<\/p>\n<p>Det er Finanstilsynet som observerer utviklingen av boligl\u00e5nsrentene, og som fastsetter L\u00e5nekassens rentesatser. For de faste rentene er observasjonsperioden \u00e9n m\u00e5ned, med \u00e9n m\u00e5neds opphold f\u00f8r renten trer i kraft.<\/p>\n<p>For flytende rente er observasjonsperioden to m\u00e5neder, med to m\u00e5neders opphold f\u00f8r renten trer i kraft.<\/p>\n<p>    <a itemprop=\"url\" href=\"https:\/\/sol.no\/nyheter\/inkassoselskapene-sliter-vil-gjore-det-dyrere\/83704086\" rel=\"nofollow noopener\" target=\"_blank\"><\/p>\n<p>      <img loading=\"lazy\" decoding=\"async\" src=\"https:\/\/www.europesays.com\/no\/wp-content\/uploads\/2025\/10\/83704095.webp\" width=\"980\" height=\"441\" title=\"Inkassoselskapene sliter \u2013 vil gj\u00f8re det dyrere\" alt=\"\" class=\"lazyload\" style=\"--aspect-ratio-image: 2.22; \"\/><\/p>\n<p>        Inkassoselskapene sliter \u2013 vil gj\u00f8re det dyrere<\/p>\n<p>sol.no<\/p>\n<p>    <\/a><\/p>\n<p>\u2013 Rentene i L\u00e5nekassen justeres ikke etter styringsrenten til Norges Bank, men etter rentene p\u00e5 de fem beste boligl\u00e5nene i markedet. Derfor blir det en liten forsinkelse i fastsettelsen av L\u00e5nekassens renter, b\u00e5de n\u00e5r de er p\u00e5 vei opp og n\u00e5r de er p\u00e5 vei nedover. Dette gjelder b\u00e5de flytende og fast rente, sier Anette Bjerke, kommunikasjonsdirekt\u00f8r i L\u00e5nekassen i en epost til NTB.<\/p>\n<p>Tall fra L\u00e5nekassen viser at stadig f\u00e6rre har fastrenteavtale. Antall kunder med flytende rente er i dag 763 000, mens 11 200 kunder har fast rente.<\/p>\n","protected":false},"excerpt":{"rendered":"L\u00e5nekassen:\u00a0 Fra 1. november setter L\u00e5nekassen ned to av tre fastrentesatser p\u00e5 studiel\u00e5n. Den flytende renten settes ogs\u00e5&hellip;\n","protected":false},"author":2,"featured_media":57247,"comment_status":"","ping_status":"","sticky":false,"template":"","format":"standard","meta":{"footnotes":""},"categories":[10],"tags":[20,21,24,25,15,1205,22,23,13,30,28,29,14,16,572,1795,26,27],"class_list":{"0":"post-57246","1":"post","2":"type-post","3":"status-publish","4":"format-standard","5":"has-post-thumbnail","7":"category-norge","8":"tag-breaking-news","9":"tag-breakingnews","10":"tag-featured-news","11":"tag-featurednews","12":"tag-headlines","13":"tag-lanekassen","14":"tag-latest-news","15":"tag-latestnews","16":"tag-news","17":"tag-no","18":"tag-norge","19":"tag-norway","20":"tag-nyheter","21":"tag-overskrifter","22":"tag-okonomi","23":"tag-rente","24":"tag-top-stories","25":"tag-topstories"},"share_on_mastodon":{"url":"","error":""},"_links":{"self":[{"href":"https:\/\/www.europesays.com\/no\/wp-json\/wp\/v2\/posts\/57246","targetHints":{"allow":["GET"]}}],"collection":[{"href":"https:\/\/www.europesays.com\/no\/wp-json\/wp\/v2\/posts"}],"about":[{"href":"https:\/\/www.europesays.com\/no\/wp-json\/wp\/v2\/types\/post"}],"author":[{"embeddable":true,"href":"https:\/\/www.europesays.com\/no\/wp-json\/wp\/v2\/users\/2"}],"replies":[{"embeddable":true,"href":"https:\/\/www.europesays.com\/no\/wp-json\/wp\/v2\/comments?post=57246"}],"version-history":[{"count":0,"href":"https:\/\/www.europesays.com\/no\/wp-json\/wp\/v2\/posts\/57246\/revisions"}],"wp:featuredmedia":[{"embeddable":true,"href":"https:\/\/www.europesays.com\/no\/wp-json\/wp\/v2\/media\/57247"}],"wp:attachment":[{"href":"https:\/\/www.europesays.com\/no\/wp-json\/wp\/v2\/media?parent=57246"}],"wp:term":[{"taxonomy":"category","embeddable":true,"href":"https:\/\/www.europesays.com\/no\/wp-json\/wp\/v2\/categories?post=57246"},{"taxonomy":"post_tag","embeddable":true,"href":"https:\/\/www.europesays.com\/no\/wp-json\/wp\/v2\/tags?post=57246"}],"curies":[{"name":"wp","href":"https:\/\/api.w.org\/{rel}","templated":true}]}}