{"id":57250,"date":"2025-10-10T11:25:11","date_gmt":"2025-10-10T11:25:11","guid":{"rendered":"https:\/\/www.europesays.com\/no\/57250\/"},"modified":"2025-10-10T11:25:11","modified_gmt":"2025-10-10T11:25:11","slug":"okonomi-publikum-kan-fa-300-kroner-for-hver-tilskuer-forste-gang-vi-gjor-dette","status":"publish","type":"post","link":"https:\/\/www.europesays.com\/no\/57250\/","title":{"rendered":"\u00d8konomi, Publikum | Kan f\u00e5 300 kroner for hver tilskuer: \u2013 F\u00f8rste gang vi gj\u00f8r dette"},"content":{"rendered":"\n<p>\u2013 Det er noe vi har fokusert p\u00e5 siden i sommer. Vi jobber med \u00e5 finne l\u00f8sninger for \u00e5 skaffe midler utenfor det ordin\u00e6re sponsorbudsjettet, forteller leder B\u00f8rge Haukland i BSF\/HIUL Fotball.<\/p>\n<p>A-lagets spillere har selv blitt aktive for \u00e5 skaffe inntekter til laget.<\/p>\n<p>\u2013 Dette har spillerne v\u00e6rt positive til. Det er med \u00e5 skape samhold i gruppa.<\/p>\n<p>H\u00e5per \u00e5 f\u00e5 inn 75.000 p\u00e5 l\u00f8rdag<\/p>\n<p>F\u00f8rstkommende l\u00f8rdag m\u00f8ter Bj\u00f8rkelangen\/H\u00f8land Fotball \u00c5ssiden i en kamp som potensielt kan v\u00e6re avgj\u00f8rende for tabellen denne sesongen.<\/p>\n<p>Den kan ogs\u00e5 bli sv\u00e6rt viktig for \u00f8konomien.<\/p>\n<p>   <img decoding=\"async\" width=\"2992\" height=\"2000\" fetchpriority=\"low\"  loading=\"lazy\"  src=\"https:\/\/www.europesays.com\/no\/wp-content\/uploads\/2025\/10\/TOR-EINAR+TORRE.jpg\" alt=\"BSF-trener\" class=\"brick-c-cFOWSL\" style=\"--brick-image-ratio: 2992 \/ 2000;\"\/><\/p>\n<p>    VIKTIG KAMP: Trener Tor-Einar Torre h\u00e5per p\u00e5 et stort publikum l\u00f8rdag. Det vil i tillegg gi viktige kroner til klubben.<br \/>\n    Foto: Trym Helbostad\n  <\/p>\n<p>Kampen er en s\u00e5kalt kronekamp der sponsorer og ogs\u00e5 privatpersoner har sagt seg villige til \u00e5 betale for hver tilskuer som beveger seg innenfor portene p\u00e5 Bj\u00f8rkelangen kunstgress.<\/p>\n<p>Per i dag snuser klubben p\u00e5 nesten 300 kroner per tilskuer til kampen mot \u00c5ssiden.<\/p>\n<p>\u2013 Til denne kampen har vi utfordret n\u00e6ringslivet og v\u00e5re st\u00f8ttespillere til \u00e5 bidra. Det er f\u00f8rste gang vi gj\u00f8r dette. Responsen har v\u00e6rt veldig god, men det er fortsatt plass til flere st\u00f8ttespillere til l\u00f8rdagens kamp, oppfordrer Haukland med et lurt smil.<\/p>\n<p>I tillegg har klubben invitert flere gjester til kampen og det legges ekstra innsats i lotteriet p\u00e5 kampdagen. <\/p>\n<p>\u2013 Hvis vi klarer \u00e5 f\u00e5 inn 75.000 kroner p\u00e5 kampen totalt, skal vi v\u00e6re veldig forn\u00f8yde. Jeg h\u00e5per og tror vi kan samle minst 200 tilskuere.<\/p>\n<p>\u2013 Har v\u00e6rt stort<\/p>\n<p>F\u00f8rstkommende l\u00f8rdag m\u00f8ter Bj\u00f8rkelangen\/H\u00f8land Fotball \u00c5ssiden i en kamp som potensielt kan v\u00e6re avgj\u00f8rende for tabellen denne sesongen.<\/p>\n<p>\u2013 Personlig betyr dette mye for meg. Jeg har spilt p\u00e5 Bj\u00f8rkelangen stadion siden jeg var fem \u00e5r, og det har v\u00e6rt stort \u00e5 spille 3. divisjon for barndomsklubben. Det er noe jeg helst vil fortsette med, sier kaptein Jonas Grahn.<\/p>\n<p>   <img decoding=\"async\" width=\"1600\" height=\"1340\" fetchpriority=\"low\"  loading=\"lazy\"  src=\"https:\/\/www.europesays.com\/no\/wp-content\/uploads\/2025\/10\/5_25_541394+Jonas+Grahn%2C+Henrik+Sletteng+Fagerli.png\" alt=\"\" class=\"brick-c-cFOWSL\" style=\"--brick-image-ratio: 1600 \/ 1340;\"\/><\/p>\n<p>    GLEDER SEG: Jonas Grahn jublet da laget rykket opp til 3.divisjon. N\u00e5 glede han seg til \u00e5 kjempe for plassen.<br \/>\n    Foto: Arkivfoto Dag Holterud V\u00e6rv\u00e5gen\n  <\/p>\n<p>Bj\u00f8rkelangen\/H\u00f8land har fortsatt hodet over vann, men det skal ikke store feiltrinn til f\u00f8r laget kan havne p\u00e5 nedrykksplass i 3.divisjon. L\u00f8rdagens motstander er allerede under streken, men med sier vil \u00c5ssiden ogs\u00e5 melde seg p\u00e5 i kampen om fornyet 3.divisjonskontrakt.<\/p>\n<p>\u2013 Vi i og rundt laget h\u00e5per s\u00e5 mange som mulig kommer og st\u00f8tter gutta i v\u00e5r nest siste hjemmekamp for sesongen. Sesongen har v\u00e6rt varierende, men p\u00e5 v\u00e5rt beste har vi vist at vi er et godt 3. divisjonslag. Vi h\u00e5per \u00e5 gi hjemmepublikum en god kamp, og vi skal gj\u00f8re v\u00e5rt for \u00e5 lage en god fotballkamp med gode prestasjoner fra hjemmelaget. Gutta er klare, kommenterer trener Tor-Einar Torre.<\/p>\n","protected":false},"excerpt":{"rendered":"\u2013 Det er noe vi har fokusert p\u00e5 siden i sommer. Vi jobber med \u00e5 finne l\u00f8sninger for&hellip;\n","protected":false},"author":2,"featured_media":57251,"comment_status":"","ping_status":"","sticky":false,"template":"","format":"standard","meta":{"footnotes":""},"categories":[59],"tags":[36,2943,8539,92,7785,30,28,29,572,8538,83,82,1510,8540],"class_list":{"0":"post-57250","1":"post","2":"type-post","3":"status-publish","4":"format-standard","5":"has-post-thumbnail","7":"category-sport","8":"tag-art","9":"tag-bjorkelangen","10":"tag-bjorkelangen-sportsforening","11":"tag-fotball","12":"tag-holand-iul","13":"tag-no","14":"tag-norge","15":"tag-norway","16":"tag-okonomi","17":"tag-publikum","18":"tag-sport","19":"tag-sports","20":"tag-story","21":"tag-tilskuere"},"share_on_mastodon":{"url":"","error":""},"_links":{"self":[{"href":"https:\/\/www.europesays.com\/no\/wp-json\/wp\/v2\/posts\/57250","targetHints":{"allow":["GET"]}}],"collection":[{"href":"https:\/\/www.europesays.com\/no\/wp-json\/wp\/v2\/posts"}],"about":[{"href":"https:\/\/www.europesays.com\/no\/wp-json\/wp\/v2\/types\/post"}],"author":[{"embeddable":true,"href":"https:\/\/www.europesays.com\/no\/wp-json\/wp\/v2\/users\/2"}],"replies":[{"embeddable":true,"href":"https:\/\/www.europesays.com\/no\/wp-json\/wp\/v2\/comments?post=57250"}],"version-history":[{"count":0,"href":"https:\/\/www.europesays.com\/no\/wp-json\/wp\/v2\/posts\/57250\/revisions"}],"wp:featuredmedia":[{"embeddable":true,"href":"https:\/\/www.europesays.com\/no\/wp-json\/wp\/v2\/media\/57251"}],"wp:attachment":[{"href":"https:\/\/www.europesays.com\/no\/wp-json\/wp\/v2\/media?parent=57250"}],"wp:term":[{"taxonomy":"category","embeddable":true,"href":"https:\/\/www.europesays.com\/no\/wp-json\/wp\/v2\/categories?post=57250"},{"taxonomy":"post_tag","embeddable":true,"href":"https:\/\/www.europesays.com\/no\/wp-json\/wp\/v2\/tags?post=57250"}],"curies":[{"name":"wp","href":"https:\/\/api.w.org\/{rel}","templated":true}]}}